{"id":207711,"date":"2025-07-10T22:59:30","date_gmt":"2025-07-11T02:59:30","guid":{"rendered":"https:\/\/www.elsinodaldetamaulipas.com.mx\/?p=207711"},"modified":"2025-07-10T22:59:30","modified_gmt":"2025-07-11T02:59:30","slug":"dan-con-otro-deshuesadero-de-autos-robados","status":"publish","type":"post","link":"https:\/\/www.elsinodaldetamaulipas.com.mx\/?p=207711","title":{"rendered":"DAN CON OTRO DESHUESADERO DE AUTOS ROBADOS"},"content":{"rendered":"<p><em>EL SINODAL DE TAMAULIPAS<\/em><\/p>\n<p>Reynosa, Tamaulipas.\u2013 Agentes de la Polic\u00eda Investigadora, de la Fiscal\u00eda General de Justicia del Estado de Tamaulipas, con apoyo de elementos de la Secretar\u00eda de la Defensa Nacional (SEDENA), ejecutaron una Orden de Cateo por el delito de Desmantelamiento de Veh\u00edculos Robados.<\/p>\n<p>El mandamiento judicial, autorizado por una Jueza de Control, fue cumplimentado en un domicilio ubicado en el fraccionamiento Pir\u00e1mides, de esta ciudad.<\/p>\n<p>Durante la diligencia, Peritos de la Direcci\u00f3n General de Servicios Periciales ingresaron al inmueble y localizaron fascia de veh\u00edculo color blanco, con placa de circulaci\u00f3n del estado de Texas, con reporte de robo vigente en Estados Unidos, correspondiente a un veh\u00edculo marca Chevrolet, tipo Silverado.<\/p>\n<p>Dieron cuenta adem\u00e1s de cofre de veh\u00edculo color rojo y puerta de veh\u00edculo color negra.<\/p>\n<p>Los indicios fueron debidamente fijados, embalados y puestos a disposici\u00f3n del Agente del Ministerio P\u00fablico, a fin de continuar con las investigaciones correspondientes. Asimismo, el inmueble fue asegurado.<\/p>\n<p>La Fiscal\u00eda General de Justicia del Estado de Tamaulipas reafirma su compromiso de trabajar en coordinaci\u00f3n con las instancias de seguridad estatales y federales para combatir los delitos que afectan el patrimonio de las y los tamaulipecos.<\/p>\n","protected":false},"excerpt":{"rendered":"<p>EL SINODAL DE TAMAULIPAS Reynosa, Tamaulipas.\u2013 Agentes de la Polic\u00eda Investigadora, de la Fiscal\u00eda General de Justicia del Estado de Tamaulipas, con apoyo de elementos de la Secretar\u00eda de la Defensa Nacional (SEDENA), ejecutaron una Orden de Cateo por el delito de Desmantelamiento de Veh\u00edculos Robados. El mandamiento judicial, autorizado por una Jueza de Control, [&hellip;]<\/p>\n","protected":false},"author":1,"featured_media":207712,"comment_status":"closed","ping_status":"closed","sticky":false,"template":"","format":"standard","meta":{"footnotes":""},"categories":[25],"tags":[],"class_list":["post-207711","post","type-post","status-publish","format-standard","has-post-thumbnail","hentry","category-leyyorden"],"_links":{"self":[{"href":"https:\/\/www.elsinodaldetamaulipas.com.mx\/index.php?rest_route=\/wp\/v2\/posts\/207711","targetHints":{"allow":["GET"]}}],"collection":[{"href":"https:\/\/www.elsinodaldetamaulipas.com.mx\/index.php?rest_route=\/wp\/v2\/posts"}],"about":[{"href":"https:\/\/www.elsinodaldetamaulipas.com.mx\/index.php?rest_route=\/wp\/v2\/types\/post"}],"author":[{"embeddable":true,"href":"https:\/\/www.elsinodaldetamaulipas.com.mx\/index.php?rest_route=\/wp\/v2\/users\/1"}],"replies":[{"embeddable":true,"href":"https:\/\/www.elsinodaldetamaulipas.com.mx\/index.php?rest_route=%2Fwp%2Fv2%2Fcomments&post=207711"}],"version-history":[{"count":1,"href":"https:\/\/www.elsinodaldetamaulipas.com.mx\/index.php?rest_route=\/wp\/v2\/posts\/207711\/revisions"}],"predecessor-version":[{"id":207713,"href":"https:\/\/www.elsinodaldetamaulipas.com.mx\/index.php?rest_route=\/wp\/v2\/posts\/207711\/revisions\/207713"}],"wp:featuredmedia":[{"embeddable":true,"href":"https:\/\/www.elsinodaldetamaulipas.com.mx\/index.php?rest_route=\/wp\/v2\/media\/207712"}],"wp:attachment":[{"href":"https:\/\/www.elsinodaldetamaulipas.com.mx\/index.php?rest_route=%2Fwp%2Fv2%2Fmedia&parent=207711"}],"wp:term":[{"taxonomy":"category","embeddable":true,"href":"https:\/\/www.elsinodaldetamaulipas.com.mx\/index.php?rest_route=%2Fwp%2Fv2%2Fcategories&post=207711"},{"taxonomy":"post_tag","embeddable":true,"href":"https:\/\/www.elsinodaldetamaulipas.com.mx\/index.php?rest_route=%2Fwp%2Fv2%2Ftags&post=207711"}],"curies":[{"name":"wp","href":"https:\/\/api.w.org\/{rel}","templated":true}]}}