{"id":207714,"date":"2025-07-10T23:01:30","date_gmt":"2025-07-11T03:01:30","guid":{"rendered":"https:\/\/www.elsinodaldetamaulipas.com.mx\/?p=207714"},"modified":"2025-07-10T23:01:30","modified_gmt":"2025-07-11T03:01:30","slug":"autora-de-robo-con-violencia-vinculada-a-proceso","status":"publish","type":"post","link":"https:\/\/www.elsinodaldetamaulipas.com.mx\/?p=207714","title":{"rendered":"AUTORA DE ROBO CON VIOLENCIA VINCULADA A PROCESO"},"content":{"rendered":"<p><em>EL SINODAL DE TAMAULIPAS<\/em><\/p>\n<p>Reynosa, Tamaulipas.\u2013 La Fiscal\u00eda General de Justicia del Estado de Tamaulipas informa que el Ministerio P\u00fablico obtuvo la vinculaci\u00f3n a proceso en contra de Minerva \u201cR\u201d, por el delito de Robo Domiciliario con Violencia.<\/p>\n<p>Un Juez de Control determin\u00f3 que los datos de prueba presentados por el Ministerio P\u00fablico acreditan la probable participaci\u00f3n de la imputada en los hechos ocurridos en un domicilio ubicado en la colonia Fuentes Secci\u00f3n Lomas, de esta ciudad.<\/p>\n<p>Asimismo, la autoridad judicial decret\u00f3 prisi\u00f3n preventiva como medida cautelar y tres meses de plazo para el cierre de la investigaci\u00f3n complementaria.<\/p>\n<p>La Fiscal\u00eda General de Justicia del Estado de Tamaulipas reafirma su compromiso de actuar con firmeza contra los delitos que atentan contra la seguridad y el patrimonio de las y los tamaulipecos.<\/p>\n<p>&#8212;-<\/p>\n","protected":false},"excerpt":{"rendered":"<p>EL SINODAL DE TAMAULIPAS Reynosa, Tamaulipas.\u2013 La Fiscal\u00eda General de Justicia del Estado de Tamaulipas informa que el Ministerio P\u00fablico obtuvo la vinculaci\u00f3n a proceso en contra de Minerva \u201cR\u201d, por el delito de Robo Domiciliario con Violencia. Un Juez de Control determin\u00f3 que los datos de prueba presentados por el Ministerio P\u00fablico acreditan la [&hellip;]<\/p>\n","protected":false},"author":1,"featured_media":207715,"comment_status":"closed","ping_status":"closed","sticky":false,"template":"","format":"standard","meta":{"footnotes":""},"categories":[25],"tags":[],"class_list":["post-207714","post","type-post","status-publish","format-standard","has-post-thumbnail","hentry","category-leyyorden"],"_links":{"self":[{"href":"https:\/\/www.elsinodaldetamaulipas.com.mx\/index.php?rest_route=\/wp\/v2\/posts\/207714","targetHints":{"allow":["GET"]}}],"collection":[{"href":"https:\/\/www.elsinodaldetamaulipas.com.mx\/index.php?rest_route=\/wp\/v2\/posts"}],"about":[{"href":"https:\/\/www.elsinodaldetamaulipas.com.mx\/index.php?rest_route=\/wp\/v2\/types\/post"}],"author":[{"embeddable":true,"href":"https:\/\/www.elsinodaldetamaulipas.com.mx\/index.php?rest_route=\/wp\/v2\/users\/1"}],"replies":[{"embeddable":true,"href":"https:\/\/www.elsinodaldetamaulipas.com.mx\/index.php?rest_route=%2Fwp%2Fv2%2Fcomments&post=207714"}],"version-history":[{"count":1,"href":"https:\/\/www.elsinodaldetamaulipas.com.mx\/index.php?rest_route=\/wp\/v2\/posts\/207714\/revisions"}],"predecessor-version":[{"id":207716,"href":"https:\/\/www.elsinodaldetamaulipas.com.mx\/index.php?rest_route=\/wp\/v2\/posts\/207714\/revisions\/207716"}],"wp:featuredmedia":[{"embeddable":true,"href":"https:\/\/www.elsinodaldetamaulipas.com.mx\/index.php?rest_route=\/wp\/v2\/media\/207715"}],"wp:attachment":[{"href":"https:\/\/www.elsinodaldetamaulipas.com.mx\/index.php?rest_route=%2Fwp%2Fv2%2Fmedia&parent=207714"}],"wp:term":[{"taxonomy":"category","embeddable":true,"href":"https:\/\/www.elsinodaldetamaulipas.com.mx\/index.php?rest_route=%2Fwp%2Fv2%2Fcategories&post=207714"},{"taxonomy":"post_tag","embeddable":true,"href":"https:\/\/www.elsinodaldetamaulipas.com.mx\/index.php?rest_route=%2Fwp%2Fv2%2Ftags&post=207714"}],"curies":[{"name":"wp","href":"https:\/\/api.w.org\/{rel}","templated":true}]}}