{"id":207743,"date":"2025-07-13T17:56:05","date_gmt":"2025-07-13T21:56:05","guid":{"rendered":"https:\/\/www.elsinodaldetamaulipas.com.mx\/?p=207743"},"modified":"2025-07-13T17:56:05","modified_gmt":"2025-07-13T21:56:05","slug":"pt-gana-confianza-de-reynosenses-ivan-hernandez","status":"publish","type":"post","link":"https:\/\/www.elsinodaldetamaulipas.com.mx\/?p=207743","title":{"rendered":"PT GANA CONFIANZA DE REYNOSENSES: IV\u00c1N HERN\u00c1NDEZ"},"content":{"rendered":"<p><strong><em>EL SINODAL DE TAMAULIPAS<\/em><\/strong><\/p>\n<p>Reynosa, Tam.- Con el objetivo fijo en promover nuevas afiliaciones y adhesiones de reynosenses destacados, que se identifican con el ideario y principios del Partido del Trabajo. Con paso firme se han incrementado las afiliaciones y la confianza de los ciudadanos.<\/p>\n<p>&nbsp;<\/p>\n<p>Asi lo manifest\u00f3 en entrevista el Coordinador Municipal de Afiliaciones del PT en Reynosa. Rub\u00e9n Iv\u00e1n Hern\u00e1ndez Rodr\u00edguez, a\u00f1adiendo que, en esta labor de campo sin horario ni descanso, han encontrado un s\u00f3lido respaldo de familias y grupos de la sociedad, que han solicitado su afiliaci\u00f3n.<\/p>\n<p>&nbsp;<\/p>\n<p>Tras atender la gentil invitaci\u00f3n de los periodistas: Laiza Reyna y Alfonso Madera del Programa \u201cMa\u00f1anas Informativas\u201d con el D\u00fao Din\u00e1mico. Hubo el espacio para agradecer la confianza y trabajo de muchos reynosenses que ya forman parte del PT.<\/p>\n<p><strong><em><img loading=\"lazy\" decoding=\"async\" class=\"aligncenter wp-image-207745 size-full\" src=\"https:\/\/www.elsinodaldetamaulipas.com.mx\/wp-content\/uploads\/2025\/07\/TRABAJO-2.jpg\" alt=\"\" width=\"894\" height=\"487\" srcset=\"https:\/\/www.elsinodaldetamaulipas.com.mx\/wp-content\/uploads\/2025\/07\/TRABAJO-2.jpg 894w, https:\/\/www.elsinodaldetamaulipas.com.mx\/wp-content\/uploads\/2025\/07\/TRABAJO-2-300x163.jpg 300w, https:\/\/www.elsinodaldetamaulipas.com.mx\/wp-content\/uploads\/2025\/07\/TRABAJO-2-768x418.jpg 768w\" sizes=\"auto, (max-width: 894px) 100vw, 894px\" \/><\/em><\/strong><\/p>\n<p>Rub\u00e9n Ivan Hern\u00e1ndez, expres\u00f3 que gradualmente al propiciar un dialogo autentico y de compromiso, es como se ha ido ganando la confianza de los reynosenses, al comprobar que hoy prevalece un nuevo ambiente de entusiasmo, \u00e1nimo y decisi\u00f3n de servir.<\/p>\n<p>&nbsp;<\/p>\n<p>\u201cHemos comentado a muchos, que escuchar\u00e1n y ver\u00e1n mucho de nosotros en el PT, se acab\u00f3 el recreo y ahora es tiempo de trabajar, escuchar y servir a los reynosenses y lo haremos\u201d, asent\u00f3.<\/p>\n<p>&nbsp;<\/p>\n<p>Agradeciendo el respaldo de la Coordinadora de Afiliaciones del PT en Tamaulipas. Cendy Robles M\u00e9ndez, asi como el Presidente Nacional. Alberto Anaya Guti\u00e9rrez, y la Senadora Geovanna Ba\u00f1uelos de la Torres, Coordinadora de los Senadores del Partido del Trabajo y Reginaldo Flores Sandoval, Coordinador del PT en el Congreso de la Uni\u00f3n.<\/p>\n<p>&nbsp;<\/p>\n<p>El Coordinador Municipal de Afiliaciones del Partido del Trabajo en Reynosa, agradeci\u00f3 la invitaci\u00f3n a los comunicadores Laiza Reyna y Alfonso Madera, por conceder este espacio en su medio informativo y permitir informar de sus actividades a los reynosenses.<\/p>\n","protected":false},"excerpt":{"rendered":"<p>EL SINODAL DE TAMAULIPAS Reynosa, Tam.- Con el objetivo fijo en promover nuevas afiliaciones y adhesiones de reynosenses destacados, que se identifican con el ideario y principios del Partido del Trabajo. Con paso firme se han incrementado las afiliaciones y la confianza de los ciudadanos. &nbsp; Asi lo manifest\u00f3 en entrevista el Coordinador Municipal de [&hellip;]<\/p>\n","protected":false},"author":1,"featured_media":207744,"comment_status":"closed","ping_status":"closed","sticky":false,"template":"","format":"standard","meta":{"footnotes":""},"categories":[1,2],"tags":[],"class_list":["post-207743","post","type-post","status-publish","format-standard","has-post-thumbnail","hentry","category-portada","category-reynosa"],"_links":{"self":[{"href":"https:\/\/www.elsinodaldetamaulipas.com.mx\/index.php?rest_route=\/wp\/v2\/posts\/207743","targetHints":{"allow":["GET"]}}],"collection":[{"href":"https:\/\/www.elsinodaldetamaulipas.com.mx\/index.php?rest_route=\/wp\/v2\/posts"}],"about":[{"href":"https:\/\/www.elsinodaldetamaulipas.com.mx\/index.php?rest_route=\/wp\/v2\/types\/post"}],"author":[{"embeddable":true,"href":"https:\/\/www.elsinodaldetamaulipas.com.mx\/index.php?rest_route=\/wp\/v2\/users\/1"}],"replies":[{"embeddable":true,"href":"https:\/\/www.elsinodaldetamaulipas.com.mx\/index.php?rest_route=%2Fwp%2Fv2%2Fcomments&post=207743"}],"version-history":[{"count":1,"href":"https:\/\/www.elsinodaldetamaulipas.com.mx\/index.php?rest_route=\/wp\/v2\/posts\/207743\/revisions"}],"predecessor-version":[{"id":207746,"href":"https:\/\/www.elsinodaldetamaulipas.com.mx\/index.php?rest_route=\/wp\/v2\/posts\/207743\/revisions\/207746"}],"wp:featuredmedia":[{"embeddable":true,"href":"https:\/\/www.elsinodaldetamaulipas.com.mx\/index.php?rest_route=\/wp\/v2\/media\/207744"}],"wp:attachment":[{"href":"https:\/\/www.elsinodaldetamaulipas.com.mx\/index.php?rest_route=%2Fwp%2Fv2%2Fmedia&parent=207743"}],"wp:term":[{"taxonomy":"category","embeddable":true,"href":"https:\/\/www.elsinodaldetamaulipas.com.mx\/index.php?rest_route=%2Fwp%2Fv2%2Fcategories&post=207743"},{"taxonomy":"post_tag","embeddable":true,"href":"https:\/\/www.elsinodaldetamaulipas.com.mx\/index.php?rest_route=%2Fwp%2Fv2%2Ftags&post=207743"}],"curies":[{"name":"wp","href":"https:\/\/api.w.org\/{rel}","templated":true}]}}