{"id":207747,"date":"2025-07-13T18:00:20","date_gmt":"2025-07-13T22:00:20","guid":{"rendered":"https:\/\/www.elsinodaldetamaulipas.com.mx\/?p=207747"},"modified":"2025-07-13T18:00:20","modified_gmt":"2025-07-13T22:00:20","slug":"quien-es-realmente-carlos-pena","status":"publish","type":"post","link":"https:\/\/www.elsinodaldetamaulipas.com.mx\/?p=207747","title":{"rendered":"\u00bfQUI\u00c9N ES REALMENTE CARLOS PE\u00d1A?"},"content":{"rendered":"<p>POR MART\u00cdN D\u00cdAZ<\/p>\n<p>Se le acusa de haber usado al menos cuatro actas de nacimiento diferentes en M\u00e9xico. En EE.UU., eso es un delito grave: tener m\u00faltiples identidades.\u2028\u00bfCon cu\u00e1l cruz\u00f3 la frontera? \u00bfLegaliz\u00f3 su situaci\u00f3n o sigue usando documentos falsos?<\/p>\n<p>\u2696\ufe0f Una cosa es segura: en M\u00e9xico o en EE.UU., hay un delito sin castigo.<br \/>\n \u00a1Atenci\u00f3n autoridades estadounidenses! Podr\u00edan estar dejando entrar a alguien que usa identidades m\u00faltiples\u2026 \u00bfpara qu\u00e9?<\/p>\n<p>Makito no es de la 4T\u2026 es de la 4 ID<br \/>\nCuatro Identidades Distintas<\/p>\n<p> Exigimos una investigaci\u00f3n clara, inmediata y sin excepciones.<br \/>\n Comparte, etiqueta y pregunta:\u2028@ICEgov @CBP @DHSgov @INAMI_mx @FGRMexico\u2028#Makito #Falsificaci\u00f3nDeIdentidad #DelitoBinacional #4ID #JusticiaYa<\/p>\n","protected":false},"excerpt":{"rendered":"<p>POR MART\u00cdN D\u00cdAZ Se le acusa de haber usado al menos cuatro actas de nacimiento diferentes en M\u00e9xico. En EE.UU., eso es un delito grave: tener m\u00faltiples identidades.\u2028\u00bfCon cu\u00e1l cruz\u00f3 la frontera? \u00bfLegaliz\u00f3 su situaci\u00f3n o sigue usando documentos falsos? \u2696\ufe0f Una cosa es segura: en M\u00e9xico o en EE.UU., hay un delito sin castigo. [&hellip;]<\/p>\n","protected":false},"author":1,"featured_media":207748,"comment_status":"closed","ping_status":"closed","sticky":false,"template":"","format":"standard","meta":{"footnotes":""},"categories":[16],"tags":[],"class_list":["post-207747","post","type-post","status-publish","format-standard","has-post-thumbnail","hentry","category-opinion"],"_links":{"self":[{"href":"https:\/\/www.elsinodaldetamaulipas.com.mx\/index.php?rest_route=\/wp\/v2\/posts\/207747","targetHints":{"allow":["GET"]}}],"collection":[{"href":"https:\/\/www.elsinodaldetamaulipas.com.mx\/index.php?rest_route=\/wp\/v2\/posts"}],"about":[{"href":"https:\/\/www.elsinodaldetamaulipas.com.mx\/index.php?rest_route=\/wp\/v2\/types\/post"}],"author":[{"embeddable":true,"href":"https:\/\/www.elsinodaldetamaulipas.com.mx\/index.php?rest_route=\/wp\/v2\/users\/1"}],"replies":[{"embeddable":true,"href":"https:\/\/www.elsinodaldetamaulipas.com.mx\/index.php?rest_route=%2Fwp%2Fv2%2Fcomments&post=207747"}],"version-history":[{"count":1,"href":"https:\/\/www.elsinodaldetamaulipas.com.mx\/index.php?rest_route=\/wp\/v2\/posts\/207747\/revisions"}],"predecessor-version":[{"id":207749,"href":"https:\/\/www.elsinodaldetamaulipas.com.mx\/index.php?rest_route=\/wp\/v2\/posts\/207747\/revisions\/207749"}],"wp:featuredmedia":[{"embeddable":true,"href":"https:\/\/www.elsinodaldetamaulipas.com.mx\/index.php?rest_route=\/wp\/v2\/media\/207748"}],"wp:attachment":[{"href":"https:\/\/www.elsinodaldetamaulipas.com.mx\/index.php?rest_route=%2Fwp%2Fv2%2Fmedia&parent=207747"}],"wp:term":[{"taxonomy":"category","embeddable":true,"href":"https:\/\/www.elsinodaldetamaulipas.com.mx\/index.php?rest_route=%2Fwp%2Fv2%2Fcategories&post=207747"},{"taxonomy":"post_tag","embeddable":true,"href":"https:\/\/www.elsinodaldetamaulipas.com.mx\/index.php?rest_route=%2Fwp%2Fv2%2Ftags&post=207747"}],"curies":[{"name":"wp","href":"https:\/\/api.w.org\/{rel}","templated":true}]}}