{"id":207751,"date":"2025-07-13T19:30:23","date_gmt":"2025-07-13T23:30:23","guid":{"rendered":"https:\/\/www.elsinodaldetamaulipas.com.mx\/?p=207751"},"modified":"2025-07-13T19:39:12","modified_gmt":"2025-07-13T23:39:12","slug":"207751","status":"publish","type":"post","link":"https:\/\/www.elsinodaldetamaulipas.com.mx\/?p=207751","title":{"rendered":"VIENE M\u00c1S Y MEJOR SALUD PARA TAMAULIPAS: AM\u00c9RICO"},"content":{"rendered":"<div class=\"html-div xdj266r x14z9mp xat24cr x1lziwak xexx8yu xyri2b x18d9i69 x1c1uobl\" dir=\"auto\">\n<div class=\"html-div xdj266r x14z9mp xat24cr x1lziwak xexx8yu xyri2b x18d9i69 x1c1uobl\" data-ad-rendering-role=\"story_message\">\n<div id=\"_R_laimqaqdfiqapapd5aqH2_\" class=\"x1l90r2v x1iorvi4 x1g0dm76 xpdmqnj\" data-ad-comet-preview=\"message\" data-ad-preview=\"message\">\n<div class=\"x78zum5 xdt5ytf xz62fqu x16ldp7u\">\n<div class=\"xu06os2 x1ok221b\">\n<div class=\"html-div xdj266r x14z9mp xat24cr x1lziwak xexx8yu xyri2b x18d9i69 x1c1uobl\">\n<div class=\"xdj266r x14z9mp xat24cr x1lziwak x1vvkbs x126k92a\">\n<div dir=\"auto\"><img loading=\"lazy\" decoding=\"async\" class=\"aligncenter size-medium wp-image-207755\" src=\"https:\/\/www.elsinodaldetamaulipas.com.mx\/wp-content\/uploads\/2025\/07\/senal-4-300x189.jpg\" alt=\"\" width=\"300\" height=\"189\" srcset=\"https:\/\/www.elsinodaldetamaulipas.com.mx\/wp-content\/uploads\/2025\/07\/senal-4-300x189.jpg 300w, https:\/\/www.elsinodaldetamaulipas.com.mx\/wp-content\/uploads\/2025\/07\/senal-4-768x483.jpg 768w, https:\/\/www.elsinodaldetamaulipas.com.mx\/wp-content\/uploads\/2025\/07\/senal-4-345x218.jpg 345w, https:\/\/www.elsinodaldetamaulipas.com.mx\/wp-content\/uploads\/2025\/07\/senal-4-700x441.jpg 700w, https:\/\/www.elsinodaldetamaulipas.com.mx\/wp-content\/uploads\/2025\/07\/senal-4.jpg 890w\" sizes=\"auto, (max-width: 300px) 100vw, 300px\" \/><img loading=\"lazy\" decoding=\"async\" class=\"aligncenter size-medium wp-image-207754\" src=\"https:\/\/www.elsinodaldetamaulipas.com.mx\/wp-content\/uploads\/2025\/07\/senal-3-300x200.jpg\" alt=\"\" width=\"300\" height=\"200\" srcset=\"https:\/\/www.elsinodaldetamaulipas.com.mx\/wp-content\/uploads\/2025\/07\/senal-3-300x200.jpg 300w, https:\/\/www.elsinodaldetamaulipas.com.mx\/wp-content\/uploads\/2025\/07\/senal-3-1024x683.jpg 1024w, https:\/\/www.elsinodaldetamaulipas.com.mx\/wp-content\/uploads\/2025\/07\/senal-3-768x512.jpg 768w, https:\/\/www.elsinodaldetamaulipas.com.mx\/wp-content\/uploads\/2025\/07\/senal-3-1536x1024.jpg 1536w, https:\/\/www.elsinodaldetamaulipas.com.mx\/wp-content\/uploads\/2025\/07\/senal-3.jpg 1680w\" sizes=\"auto, (max-width: 300px) 100vw, 300px\" \/><br \/>\n<img loading=\"lazy\" decoding=\"async\" class=\"aligncenter size-medium wp-image-207752\" src=\"https:\/\/www.elsinodaldetamaulipas.com.mx\/wp-content\/uploads\/2025\/07\/senal-1-218x300.jpg\" alt=\"\" width=\"218\" height=\"300\" \/>SE\u00d1AL POLITICA<\/div>\n<div dir=\"auto\">Por: ANWAR A. VIVIAN PERALTA<\/div>\n<\/div>\n<div class=\"x14z9mp xat24cr x1lziwak x1vvkbs xtlvy1s x126k92a\">\n<div dir=\"auto\">* VIENE M\u00c1S Y MEJOR SALUD PARA TAMAULIPAS: AMERICO<\/div>\n<\/div>\n<div class=\"x14z9mp xat24cr x1lziwak x1vvkbs xtlvy1s x126k92a\">\n<div dir=\"auto\"><strong>RECUERDO DE MI PADRE<\/strong><\/div>\n<\/div>\n<div class=\"x14z9mp xat24cr x1lziwak x1vvkbs xtlvy1s x126k92a\">\n<div dir=\"auto\">Antes de iniciar con estas l\u00edneas, quiero recordar a mi se\u00f1or padre en su quinto aniversario luctuoso.<\/div>\n<\/div>\n<div class=\"x14z9mp xat24cr x1lziwak x1vvkbs xtlvy1s x126k92a\">\n<div dir=\"auto\">EN UN DIA 7 de julio del 2020, dios quiso llamarlo a su lado, gracias PADRE por darnos ese ejemplo de honestidad, trabajo, dinamismo dedicado a su familia y sobre todo con una gran responsabilidad que lo caracteriz\u00f3 en forma seria en su trabajo siempre.<\/div>\n<\/div>\n<div class=\"x14z9mp xat24cr x1lziwak x1vvkbs xtlvy1s x126k92a\">\n<div dir=\"auto\">Con gran talento musical que trascendi\u00f3 por su voz y su capacidad instrumental con su inseparable requinto que lo acompa\u00f1o durante d\u00e9cadas entonando las melod\u00edas m\u00e1s rom\u00e1nticas, poemas convertidos en m\u00fasica.<\/div>\n<\/div>\n<div class=\"x14z9mp xat24cr x1lziwak x1vvkbs xtlvy1s x126k92a\">\n<div dir=\"auto\">Talento que nos heredaste e inculcaste como el trabajo y la fuerza de enfrentar los retos de la vida.<\/div>\n<div dir=\"auto\">Descansa en paz.<\/div>\n<\/div>\n<div class=\"x14z9mp xat24cr x1lziwak x1vvkbs xtlvy1s x126k92a\">\n<div dir=\"auto\"><strong>BENEFICIA VERONICA AGUIRRE EJIDO SAN FRANCISCO\u00a0<\/strong><\/div>\n<\/div>\n<div class=\"x14z9mp xat24cr x1lziwak x1vvkbs xtlvy1s x126k92a\">\n<div dir=\"auto\">Reafirmando su compromiso con las familias del sector rural, la presidenta municipal de San Fernando, VERONICA AGUIRRE DE LOS SANTOS entreg\u00f3 una bomba sumergible al ejido San Francisco, con el objetivo de resolver la problem\u00e1tica en el suministro de agua potable que aquejaba a esta comunidad.<\/div>\n<div dir=\"auto\">La entrega se realiz\u00f3 en la sala de cabildo del Ayuntamiento, donde la alcaldesa acompa\u00f1ada del secretario del ayuntamiento el lic. JOSE RESENDIZ PANTOJA recibi\u00f3 a la comisariada ejidal NORMA AGUI\u00d1AGA LUNA y al delegado del ejido, HERACLIO CANTU MARTINEZ; quienes previamente hab\u00edan solicitado el apoyo para hacer frente a la escasez del vital l\u00edquido.<\/div>\n<\/div>\n<div class=\"x14z9mp xat24cr x1lziwak x1vvkbs xtlvy1s x126k92a\">\n<div dir=\"auto\">En un plazo menor a un mes desde la solicitud, la administraci\u00f3n municipal dio respuesta efectiva, beneficiando directamente a m\u00e1s de 30 familias del ejido San Francisco. Con esta acci\u00f3n, el Gobierno Municipal demuestra una vez m\u00e1s su compromiso con mejorar las condiciones de vida de los habitantes del campo.<\/div>\n<div dir=\"auto\">\u201cSeguiremos trabajando para que ninguna comunidad quede en el olvido. El agua es una necesidad b\u00e1sica y atender este tipo de solicitudes es prioridad en nuestra administraci\u00f3n\u201d, expres\u00f3 la alcaldesa durante el acto.<\/div>\n<\/div>\n<div class=\"x14z9mp xat24cr x1lziwak x1vvkbs xtlvy1s x126k92a\">\n<div dir=\"auto\">El suministro de esta bomba representa una soluci\u00f3n concreta y oportuna para el abastecimiento de agua en el ejido, fortaleciendo el v\u00ednculo entre autoridades y ciudadan\u00eda, y reafirmando la pol\u00edtica de atenci\u00f3n directa que caracteriza a la gesti\u00f3n 2024-2027.<\/div>\n<\/div>\n<div class=\"x14z9mp xat24cr x1lziwak x1vvkbs xtlvy1s x126k92a\">\n<div dir=\"auto\"><strong>SAN FERNANDO EN EL DEPORTE<\/strong><\/div>\n<\/div>\n<div class=\"x14z9mp xat24cr x1lziwak x1vvkbs xtlvy1s x126k92a\">\n<div dir=\"auto\">La presidenta municipal, VERO AGUIRRE, junto a integrantes del Cabildo, funcionarios estatales y municipales; dio la bienvenida a los ciclistas de la 22\u00aa edici\u00f3n de la \u201cRuta Chichimeca 2025\u201c de Frontera a Frontera, la cual inicio este mes en la<\/div>\n<div dir=\"auto\">ciudad de Piedras Negras, Coahuila y culminara en Chetumal Quintana Roo, frontera con Belice.<\/div>\n<\/div>\n<div class=\"x14z9mp xat24cr x1lziwak x1vvkbs xtlvy1s x126k92a\">\n<div dir=\"auto\">A su llegada a la ciudad, en el acceso norte, los participantes fueron recibidos por una comitiva encabezada por el presidente del Sistema DIF Municipal, Ing. ERIK ALBERTRO RIVERA ROSAS; en representaci\u00f3n de la alcaldesa, la directora de deportes, MARIA FELI ALVARADO; el director de Juventud y Tecnolog\u00eda, Lic. MARCO VARGAS; as\u00ed como ciclistas entusiastas de la localidad.<\/div>\n<\/div>\n<div class=\"x14z9mp xat24cr x1lziwak x1vvkbs xtlvy1s x126k92a\">\n<div dir=\"auto\" style=\"text-align: center;\"><strong>IMPORTANTE APOYO EN SALUD LOGRA AVA<\/strong><\/div>\n<\/div>\n<div class=\"x14z9mp xat24cr x1lziwak x1vvkbs xtlvy1s x126k92a\">\n<div dir=\"auto\">En una fruct\u00edfera gira de trabajo por la Ciudad de M\u00e9xico, el gobernador AMERICO VILLARREAL durante la semana pasada en sus actividades sent\u00f3 acuerdos en una reuni\u00f3n que sostuvo con el secretario de Hacienda, EDGAR AMADOR ZAMORA, quien reconoci\u00f3 el trabajo y organizaci\u00f3n del gobierno de Tamaulipas y reafirm\u00f3 el compromiso de impulsar programas y acciones de beneficio para las y los tamaulipecos.<\/div>\n<\/div>\n<div class=\"x14z9mp xat24cr x1lziwak x1vvkbs xtlvy1s x126k92a\">\n<div dir=\"auto\">Durante su agenda de actividades en la capital del pa\u00eds, el mandatario estatal concret\u00f3 acuerdos con funcionarios del gobierno federal en materia de infraestructura carretera, log\u00edstica, hospitalaria y de salud, as\u00ed como para el fortalecimiento del IMSS-Bienestar. Asimismo, sostuvo un encuentro con FRANCISCO CERVANTES DIAZ, presidente del Consejo Coordinador Empresarial, a quien present\u00f3 los proyectos estrat\u00e9gicos que se desarrollan en Tamaulipas.<\/div>\n<\/div>\n<div class=\"x14z9mp xat24cr x1lziwak x1vvkbs xtlvy1s x126k92a\">\n<div dir=\"auto\">Para dar seguimiento a lo acordado con la presidenta CLAUDIA SHEINBAUM tras su visita a Tamaulipas, el titular del ejecutivo estatal se reuni\u00f3 en la capital del pa\u00eds con la subsecretaria de Egresos de la Secretar\u00eda de Hacienda, BERTHA GOMEZ CASTRO, para abordar lo relacionado con el financiamiento del programa Salud Casa por Casa, infraestructura y equipamiento de hospitales, y certidumbre laboral y de prestaciones para los trabajadores del IMSS-Bienestar.<\/div>\n<\/div>\n<div class=\"x14z9mp xat24cr x1lziwak x1vvkbs xtlvy1s x126k92a\">\n<div dir=\"auto\">Asimismo, con el secretario de Infraestructura, Comunicaciones y Transportes, JESUS ESTEVA MEDINA, dio seguimiento a proyectos estrat\u00e9gicos y a la gesti\u00f3n de recursos para el desarrollo y conectividad del estado, como la ampliaci\u00f3n de la concesi\u00f3n del Puente de Comercio Mundial Nuevo Laredo III, el Corredor Vertical del Golfo en Tamaulipas, la rehabilitaci\u00f3n de tramos carreteros prioritarios, el segundo puente sobre el r\u00edo P\u00e1nuco y la rehabilitaci\u00f3n del puente Los Magueyes.<\/div>\n<\/div>\n<div class=\"x14z9mp xat24cr x1lziwak x1vvkbs xtlvy1s x126k92a\">\n<div dir=\"auto\">En su encuentro con ZOE ROBLEDO ABURTO, director general del Instituto Mexicano del Seguro Social, Villarreal Anaya abord\u00f3 temas prioritarios que fortalecen la infraestructura hospitalaria y la seguridad social, mediante mecanismos que permitan a las y los trabajadores independientes acceder a los servicios del IMSS.<\/div>\n<\/div>\n<div class=\"x14z9mp xat24cr x1lziwak x1vvkbs xtlvy1s x126k92a\">\n<div dir=\"auto\" style=\"text-align: center;\"><strong>CALLE A CALLE, LLEGO EL CAMBIO: GRANADOS<\/strong><\/div>\n<\/div>\n<div class=\"x14z9mp xat24cr x1lziwak x1vvkbs xtlvy1s x126k92a\">\n<div dir=\"auto\">Adem\u00e1s de los trabajos en la carpeta asf\u00e1ltica, llegaron tambi\u00e9n distintas brigadas municipales para brindar servicios integrales a los vecinos: cuadrillas de bacheo, alumbrado p\u00fablico, limpieza y descacharrizaci\u00f3n; as\u00ed como personal de la Secretar\u00eda de Salud, la cuadrilla \u201cRenace\u201d y otros programas sociales que impactan de manera directa en la calidad de vida de los habitantes.<\/div>\n<\/div>\n<div class=\"x14z9mp xat24cr x1lziwak x1vvkbs xtlvy1s x126k92a\">\n<div dir=\"auto\">Matamoros avanza y estas acciones forman parte de un esfuerzo coordinado para llevar el bienestar a cada rinc\u00f3n de la ciudad, colonia por colonia, calle por calle<\/div>\n<\/div>\n<div class=\"x14z9mp xat24cr x1lziwak x1vvkbs xtlvy1s x126k92a\">\n<div dir=\"auto\">El Gobierno Municipal de Matamoros que preside ALBERTO GRANADOS FAVILA, contin\u00faa avanzando con paso firme en la transformaci\u00f3n de la ciudad, ahora con importantes acciones en la colonia Obrera, donde se llevan a cabo trabajos de rehabilitaci\u00f3n y ampliaci\u00f3n del pavimento asf\u00e1ltico en el tramo comprendido entre el boulevard Manuel Cavazos Lerma y la Calle 29.<\/div>\n<\/div>\n<div class=\"x14z9mp xat24cr x1lziwak x1vvkbs xtlvy1s x126k92a\">\n<div dir=\"auto\">El presidente municipal, BETO GRANADOS, recalc\u00f3 que estas obras de infraestructura vial responden al compromiso de mejorar la conectividad y seguridad de quienes diariamente transitan por esta zona, facilitando el acceso y reduciendo tiempos de traslado para cientos de familias.<\/div>\n<\/div>\n<div class=\"x14z9mp xat24cr x1lziwak x1vvkbs xtlvy1s x126k92a\">\n<div dir=\"auto\">CANACO REYNOSA HACE UN LLAMADO A AUTORIDADES PARA ATENDER DE FORMA INMEDIATA LA CRISIS DEL CAMPO: GILDARDO LOPEZ<\/div>\n<\/div>\n<div class=\"x14z9mp xat24cr x1lziwak x1vvkbs xtlvy1s x126k92a\">\n<div dir=\"auto\">La C\u00e1mara Nacional de Comercio, Servicios y Turismo de Reynosa (CANACO Reynosa) hace un llamado urgente a la Secretar\u00eda de Gobernaci\u00f3n ROSA ICELA RODRIGUEZ; Gobernador del estado, AMERICO VILLARREAL y a las autoridades responsables del orden p\u00fablico, para que atiendan de manera inmediata la crisis derivada del cierre del Puente Internacional Reynosa Pharr y los bloqueos en la carretera federal Victoria Matamoros, acciones que este d\u00eda han escalado a confrontaciones entre transportistas y manifestantes, sin la presencia o intervenci\u00f3n de ninguna autoridad para evitar mayores riesgos.<\/div>\n<\/div>\n<div class=\"x14z9mp xat24cr x1lziwak x1vvkbs xtlvy1s x126k92a\">\n<div dir=\"auto\">La falta de atenci\u00f3n oportuna a esta situaci\u00f3n no solo vulnera el Estado de Derecho, sino que abre la puerta a nuevos enfrentamientos, con el riesgo de derivar en consecuencias m\u00e1s graves que ser\u00edan absoluta responsabilidad de las autoridades por omisi\u00f3n. El Puente Internacional Reynosa Pharr es el principal cruce de productos perecederos de M\u00e9xico hacia Estados Unidos, y su paralizaci\u00f3n tiene un impacto inmediato en las cadenas de suministro, particularmente de alimentos b\u00e1sicos, afectando directamente a los consumidores de la regi\u00f3n. Cada hora de retraso genera p\u00e9rdidas millonarias para empresas exportadoras, transportistas y comerciantes formales.<\/div>\n<\/div>\n<div class=\"x14z9mp xat24cr x1lziwak x1vvkbs xtlvy1s x126k92a\">\n<div dir=\"auto\">\u201cNo se puede permitir que el vac\u00edo de autoridad convierta un problema leg\u00edtimo en una crisis mayor. Reiteramos nuestro respeto a la libertad de expresi\u00f3n y protesta, pero bloquear una arteria de comercio exterior no puede seguir consider\u00e1ndose un mecanismo leg\u00edtimo de presi\u00f3n. Es responsabilidad del Estado Mexicano garantizar el libre tr\u00e1nsito y el funcionamiento de la econom\u00eda formal,\u201d expres\u00f3 el Lic. Gildardo L\u00f3pez Hinojosa, presidente de CANACO Reynosa.<\/div>\n<\/div>\n<div class=\"x14z9mp xat24cr x1lziwak x1vvkbs xtlvy1s x126k92a\">\n<div dir=\"auto\">Sin duda en un un papel definido, el presidente de la CANACO DE REYNOSA, GILDARDO LOPEZ le quita el t\u00edtulo de dirigente estatal de la FECANACO al t\u00edtere que dejaron en la misma instituci\u00f3n ante el deceso de JULIO ALMANZA ARMAS desde hace meses de su deceso.<\/div>\n<\/div>\n<div class=\"x14z9mp xat24cr x1lziwak x1vvkbs xtlvy1s x126k92a\">\n<div dir=\"auto\">CUANDO LA VOZ deber\u00eda ser la del dirigente estatal de un tal ABRAHAM que dice presidir susodicha federaci\u00f3n de c\u00e1maras de comercio, \u00fanicamente dedica tiempo y esfuerzo a hacer elecciones faltas de transparencia como el caso de la de CANACO Rio Bravo en una forma desaseada como se han visto casos.<\/div>\n<\/div>\n<div class=\"x14z9mp xat24cr x1lziwak x1vvkbs xtlvy1s x126k92a\">\n<div dir=\"auto\">NUEVAS OFICINAS DE TURISMO EN TAMPICO CONSOLIDARAN VOCACION TURISTICA<\/div>\n<\/div>\n<div class=\"x14z9mp xat24cr x1lziwak x1vvkbs xtlvy1s x126k92a\">\n<div dir=\"auto\">La alcaldesa MONICA VILLARREAL ANAYA y la Secretaria de turismo federal, JOSEFINA RODRIGUEZ ZAMORA, inauguraron este d\u00eda, las nuevas oficinas de la direcci\u00f3n de turismo de Tampico, reafirmando el inter\u00e9s de la Federaci\u00f3n, Estado y Municipio, por seguir consolidando la vocaci\u00f3n tur\u00edstica de la ciudad.<\/div>\n<div dir=\"auto\">Al evento efectuado en el nuevo domicilio de la dependencia, ubicado en el Paseo la Cortadura, asistieron los alcaldes del sur de Tamaulipas; el titular de turismo en el Estado, BENJAMIN HERNANDEZ RODRIGUEZ y la directora de turismo en el municipio KARIME CAMARA CHAIN.<\/div>\n<\/div>\n<div class=\"x14z9mp xat24cr x1lziwak x1vvkbs xtlvy1s x126k92a\">\n<div dir=\"auto\">Ah\u00ed, LA PRESIDENTA MUNICIPAL sostuvo que mediante el desarrollo de proyectos y estrategias conjuntas de los tres \u00f3rdenes de Gobierno, se incrementar\u00e1n las opciones tur\u00edsticas de Tampico, potenciando las riquezas naturales que ofrecen la zona conurbada, para ampliar y diversificar el mercado nacional y extranjero.<\/div>\n<div dir=\"auto\">\u201cTampico se consolida como un destino tur\u00edstico integral, con experiencias \u00fanicas, seguras y accesibles para todos. Hoy damos un paso m\u00e1s para conectar con nuestra historia, nuestra naturaleza y con la gente que hace posible esta transformaci\u00f3n\u201d, expuso.<\/div>\n<div dir=\"auto\">M\u00f3nica Villarreal resalt\u00f3 la participaci\u00f3n de los diferentes prestadores de servicios tur\u00edsticos, iniciativa privada y el sector p\u00fablico, en la tarea de fortalecer y ampliar la oferta tur\u00edstica del municipio.<\/div>\n<\/div>\n<div class=\"x14z9mp xat24cr x1lziwak x1vvkbs xtlvy1s x126k92a\">\n<div dir=\"auto\">Agreg\u00f3 que mediante la apertura de las nuevas oficinas, se ampl\u00edan los esfuerzos del Ayuntamiento, por crear espacios de atenci\u00f3n al turismo y a los prestadores de servicios.<\/div>\n<\/div>\n<div class=\"x14z9mp xat24cr x1lziwak x1vvkbs xtlvy1s x126k92a\">\n<div dir=\"auto\" style=\"text-align: center;\"><strong>NUEVO LAREDO EN FAVOR DEL MEDIO AMBIENTE<\/strong><\/div>\n<\/div>\n<div class=\"x14z9mp xat24cr x1lziwak x1vvkbs xtlvy1s x126k92a\">\n<div dir=\"auto\">Gracias a una visi\u00f3n clara y un firme compromiso con el medio ambiente, la alcaldesa de Nuevo Laredo, CARMEN LILIA CANTUROSAS, ha impulsado una transformaci\u00f3n integral en la ciudad, priorizando el cuidado de los recursos naturales, la reforestaci\u00f3n y una inversi\u00f3n hist\u00f3rica en infraestructura verde. La secretaria de Desarrollo Urbano y Medio Ambiente del estado de Tamaulipas, KARINA SALDIVAR LARTIGUE, reconoci\u00f3 p\u00fablicamente el impacto positivo de estas acciones durante una reciente visita a la ciudad. \u201cMuy buenas obras para Nuevo Laredo, est\u00e1 cambiando completamente la imagen.<\/div>\n<\/div>\n<div class=\"x14z9mp xat24cr x1lziwak x1vvkbs xtlvy1s x126k92a\">\n<div dir=\"auto\">Estas obras que luego no se quieren realizar, como es el caso de los drenajes pluviales o sanitarios, son una muy buena inversi\u00f3n para la ciudad. Muy impresionante el trabajo que la alcaldesa Carmen Lilia ha hecho, esa determinaci\u00f3n de obras para este cambio de imagen para Nuevo Laredo\u201d, expres\u00f3 la titular de la SEDUMA.<\/div>\n<\/div>\n<div class=\"x14z9mp xat24cr x1lziwak x1vvkbs xtlvy1s x126k92a\">\n<div dir=\"auto\">Entre los principales logros ambientales del gobierno municipal de Nuevo Laredo destacan la reforestaci\u00f3n urbana donde a trav\u00e9s de la Coordinaci\u00f3n General de Medio Ambiente se han plantado miles de \u00e1rboles en espacios p\u00fablicos, camellones y parques, contribuyendo a reducir la huella de carbono y mejorar la calidad del aire.<\/div>\n<\/div>\n<div class=\"x14z9mp xat24cr x1lziwak x1vvkbs xtlvy1s x126k92a\">\n<div dir=\"auto\">En el tema del cuidado del agua, la administraci\u00f3n p\u00fablica en coordinaci\u00f3n con la Comisi\u00f3n Municipal de Agua Potable y Alcantarillado de Nuevo Laredo (COMAPA) implementan programas permanentes de concientizaci\u00f3n y rehabilitaci\u00f3n de infraestructura hidr\u00e1ulica han garantizado un uso m\u00e1s responsable y eficiente del vital l\u00edquido.<\/div>\n<\/div>\n<div class=\"x14z9mp xat24cr x1lziwak x1vvkbs xtlvy1s x126k92a\">\n<div dir=\"auto\">KARINA SALDIVAR resalt\u00f3 las obras de drenaje sanitario y pluvial que se han construido para la modernizaci\u00f3n de las redes de drenaje en sectores clave de la ciudad, previniendo inundaciones y mejorando las condiciones de salud p\u00fablica. Otro punto a destacar por la titular de SEDUMA fue el rescate ecol\u00f3gico de \u201cEl Laguito\u201d, esta emblem\u00e1tica \u00e1rea ha sido rehabilitada como un espacio de conservaci\u00f3n natural y recreaci\u00f3n para las familias neolaredenses.<\/div>\n<div dir=\"auto\" style=\"text-align: center;\"><strong>COMENTARIOS EN CORTO<\/strong><\/div>\n<\/div>\n<div class=\"x14z9mp xat24cr x1lziwak x1vvkbs xtlvy1s x126k92a\">\n<div dir=\"auto\">EL POLITICO Y LIDER SOCIAL<\/div>\n<\/div>\n<div class=\"x14z9mp xat24cr x1lziwak x1vvkbs xtlvy1s x126k92a\">\n<div dir=\"auto\">ME DIO GUSTO SABER EN DIAS PASADOS del trabajo que no deja de hacer en su municipio natal el pol\u00edtico y profesor jubilado, JESUS CELESTINO RIVAS, ex oficial mayor, ex oficial del registro civil, ex regidor, ex dirigente juvenil, ex delegado del PRI estatal en mas de 20 elecciones de todo nivel, ex directivo estatal de la CNC y actualmente integrante de la dirigencia asi como ex delegado del SIPOBLADURT hoy ITAVU en Jim\u00e9nez, Tamaulipas.<\/div>\n<\/div>\n<div class=\"x14z9mp xat24cr x1lziwak x1vvkbs xtlvy1s x126k92a\">\n<div dir=\"auto\">EL MAGISTERIO<\/div>\n<\/div>\n<div class=\"x14z9mp xat24cr x1lziwak x1vvkbs xtlvy1s x126k92a\">\n<div dir=\"auto\">QUIEN SE REPORTO ANDANDO en la ciudad de M\u00e9xico, fue el dirigente de jubilados y pensionados del ISSSTE en Tamaulipas y coordinador del frente estatal de seguridad social, Profr. ARTURO GUTIERREZ GARCIA, ex regidor y ex dirigente de la CNOP en Rio Bravo, hoy radicado desde hace muchos a\u00f1os en la capital de Tamaulipas.<\/div>\n<\/div>\n<div class=\"x14z9mp xat24cr x1lziwak x1vvkbs xtlvy1s x126k92a\">\n<div dir=\"auto\">Dijo ante todo que el gremio lo seguir\u00e1 defendiendo de funcionarios ineptos que no cumplan con su funci\u00f3n de servidores p\u00fablicos que sean irrespetuosos del gremio magisterial o de cualquier dependencia gubernamental donde dejaron su vida.<\/div>\n<\/div>\n<div class=\"x14z9mp xat24cr x1lziwak x1vvkbs xtlvy1s x126k92a\">\n<div dir=\"auto\" style=\"text-align: center;\"><strong>EX VERDE<\/strong><\/div>\n<\/div>\n<div class=\"x14z9mp xat24cr x1lziwak x1vvkbs xtlvy1s x126k92a\">\n<div dir=\"auto\">Asi mismo del victorense LIC. HUMBERTO VALDEZ, ex dirigente juvenil y ex operador del partido verde, nos aclar\u00f3 que ya no est\u00e1 participando en el instituto en menci\u00f3n pero sigue siendo un activo de la pol\u00edtica victorense por lo que no lo pierdan de vista.<\/div>\n<\/div>\n<div class=\"x14z9mp xat24cr x1lziwak x1vvkbs xtlvy1s x126k92a\">\n<div dir=\"auto\" style=\"text-align: center;\"><strong>EL FUNCIONARIO<\/strong><\/div>\n<\/div>\n<div class=\"x14z9mp xat24cr x1lziwak x1vvkbs xtlvy1s x126k92a\">\n<div dir=\"auto\">TAMBIEN NOS ENCONTRAMOS al amigo LIC. GUILLERMO HERNANDEZ, ex director de tr\u00e1nsito municipal y ex funcionario estatal asi como a quien conocimos all\u00e1 por los inicios de los noventas como flamante secretario particular del LIC. ANTONIO MARTINEZ TORRES, entonces presidente estatal del PRI en Tamaulipas a la saz\u00f3n.<\/div>\n<\/div>\n<div class=\"x14z9mp xat24cr x1lziwak x1vvkbs xtlvy1s x126k92a\">\n<div dir=\"auto\" style=\"text-align: center;\"><strong>NUESTRA SOLIDARIDAD<\/strong><\/div>\n<\/div>\n<div class=\"x14z9mp xat24cr x1lziwak x1vvkbs xtlvy1s x126k92a\">\n<div dir=\"auto\">ENVIO Mis condolencias al ex diputado local reynosense, RODOLFO SANTOS DAVILA asi como a su familia en general por el lamentable deceso de su se\u00f1ora madre, PROFRA. TERESITA DAVILA TORRES.<\/div>\n<\/div>\n<div class=\"x14z9mp xat24cr x1lziwak x1vvkbs xtlvy1s x126k92a\">\n<div dir=\"auto\">De la misma manera envio MI MAS SENTIDA CONDOLENCIA A la familia de DON JUAN DE DIOS CUELLAR SALINAS, ex presidente municipal de Camargo, Tamaulipas acaecido la semana que concluye, nuestra solidaridad y reconocimiento a su labor honesta como servidor p\u00fablico a quien tuve el privilegio de conocer hace muchos a\u00f1os.<\/div>\n<div dir=\"auto\">ENVIO MI FELICITACION POR SU CUMPLEA\u00d1OS a ANSELMO ALMARAZ, SALVADOR ESTRADA, JOSE TREVI\u00d1O, PROFR. CARLOS VAZQUEZ, RECUERDO EN su natalicio a JAVIER CASTA\u00d1EDA GARZA (+); ANGEL IBARRA, ex alcalde de Camargo (+); EDUARDO ESPRONCEDA (+), ex diputado local; YOKO GARCIA TOVAR, JOSE GOMEZ LEAL Y FERMIN TIJERINA.<\/div>\n<\/div>\n<div class=\"x14z9mp xat24cr x1lziwak x1vvkbs xtlvy1s x126k92a\">\n<div dir=\"auto\">ASI COMO ESTE 8 de julio al JOSE ANGEL MARTINEZ REYNA, ALISON BETANCOURTH CUEVAS, ISABEL RENDON, JUAN JOSE ALVARADO MARTINEZ, DIANA TERRAZAS, LIC. HUGO TORTEYA CHYMELY, MARCO CABRERA ARCE Y JULIO RODRIGUEZ PASCKA.<\/div>\n<\/div>\n<div class=\"x14z9mp xat24cr x1lziwak x1vvkbs xtlvy1s x126k92a\">\n<div dir=\"auto\">DE LA MISMA MANERA felicito este pasado 9 de julio a PROFR. ENRIQUE DE LA FUENTE VAZQUEZ, ROSA MORENO, ADRIAN MONSIVAIS y este 10 DE JULIO RECUERDO EN su natalicio a mi abuela materna, PROFRA. NELY FRANCO WADE.<\/div>\n<\/div>\n<div class=\"x14z9mp xat24cr x1lziwak x1vvkbs xtlvy1s x126k92a\">\n<div dir=\"auto\">ASI COMO felicito por su cumplea\u00f1os al maestro ROGELIO ORTIZ MAR, JORGE LOPEZ URIAS, MIGUEL PEREZ, ANGEL FRANCISCO GARCIA, HOMERO MADERA ANGUIANO, FRANCISCO ESTRADA y recuerdo en su natalicio al ing. DIODORO GUERRA RODRIGUEZ (+).<\/div>\n<div dir=\"auto\">Tambi\u00e9n este 11 de julio felicito a JOSE MANUEL DEL TORO, TADEO PORRAS, ELIUD GUZMAN, NATANAEL FUENTES MOLINA, DANTE HERNANDEZ Y ERIC MONTALVO.<\/div>\n<\/div>\n<div class=\"x14z9mp xat24cr x1lziwak x1vvkbs xtlvy1s x126k92a\">\n<div dir=\"auto\">MIENTRAS QUE ESTE 12 de julio a todos los abogados en su dia, felicitaciones; por su cumplea\u00f1os a JESUS RODRIGUEZ, ADRIAN ALCORTA, MARCO ARANDA, SIMON SANCHEZ ARREDONDO, ALIZIA PIZA\u00d1A Y recuerdo en su natalicio a mi tia paterna BELEM VIVIAN AVILA.<\/div>\n<\/div>\n<div class=\"x14z9mp xat24cr x1lziwak x1vvkbs xtlvy1s x126k92a\">\n<div dir=\"auto\">ASI COMO ESTE 13 de julio felicito a URIEL OLIVARES SAINZ, OENRIQUE ESPINOZA, OSCAR PINEDA Y recuerdo en su natalicio al ing. OSCAR ALEXANDRE LOPEZ (+).<\/div>\n<div dir=\"auto\">TAMBIEN ESTE 14 de julio felicito a HUGO RESENDEZ SILVA, secretario del ayuntamiento de Ciudad Victoria; MARIA DEL CARMEN AVALOS SANCHEZ, ENRIQUE ARREGUIN, KEVIN LOYO, ELY DUQUE, BENITO GONZALEZ, ROBERTO CANTU VARGAS, JOANNA MORALES, deseando lo mejor.<\/div>\n<div dir=\"auto\">Y NOS VEREMOS.<\/div>\n<\/div>\n<\/div>\n<\/div>\n<\/div>\n<\/div>\n<\/div>\n<\/div>\n<div id=\"_R_laimqaqdfiqapapd5aqH3_\" class=\"html-div xdj266r x14z9mp xat24cr x1lziwak xexx8yu xyri2b x18d9i69 x1c1uobl x1n2onr6\">\n<div class=\"html-div xdj266r x14z9mp xat24cr x1lziwak xexx8yu xyri2b x18d9i69 x1c1uobl x1n2onr6\">\n<div class=\"html-div xdj266r x14z9mp xat24cr x1lziwak xexx8yu xyri2b x18d9i69 x1c1uobl\">\n<div class=\"x1n2onr6\">\n<div class=\"x1n2onr6\">\n<div class=\"x6ikm8r x10wlt62 x10l6tqk\"><\/div>\n<\/div>\n<\/div>\n<\/div>\n<\/div>\n<\/div>\n<div class=\"x6ikm8r x10wlt62 x10l6tqk\"><\/div>\n<div class=\"x6ikm8r x10wlt62 x10l6tqk\"><\/div>\n<div class=\"x6ikm8r x10wlt62 x10l6tqk\"><\/div>\n<div class=\"x6ikm8r x10wlt62 x10l6tqk\"><\/div>\n<div class=\"html-div xdj266r x14z9mp xat24cr x1lziwak xexx8yu xyri2b x18d9i69 x1c1uobl\">\n<div id=\"_R_laimqaqdfiqapapd5aqH3_\" class=\"html-div xdj266r x14z9mp xat24cr x1lziwak xexx8yu xyri2b x18d9i69 x1c1uobl x1n2onr6\">\n<div class=\"html-div xdj266r x14z9mp xat24cr x1lziwak xexx8yu xyri2b x18d9i69 x1c1uobl x6ikm8r x10wlt62\"><\/div>\n<\/div>\n<\/div>\n<div>\n<div class=\"xabvvm4 xeyy32k x1ia1hqs x1a2w583 x6ikm8r x10wlt62\" data-visualcompletion=\"ignore-dynamic\">\n<div>\n<div>\n<div>\n<div class=\"x1n2onr6\">\n<div class=\"x6s0dn4 xi81zsa x78zum5 x6prxxf x13a6bvl xvq8zen xdj266r xat24cr x1c1uobl xyri2b x80vd3b x1q0q8m5 xso031l x1diwwjn xbmvrgn x1y1aw1k x10b6aqq\">\n<div class=\"x6s0dn4 x78zum5 x1iyjqo2 x6ikm8r x10wlt62\"><\/div>\n<\/div>\n<\/div>\n<\/div>\n<\/div>\n<\/div>\n<\/div>\n<\/div>\n<div><\/div>\n","protected":false},"excerpt":{"rendered":"<p>SE\u00d1AL POLITICA Por: ANWAR A. VIVIAN PERALTA * VIENE M\u00c1S Y MEJOR SALUD PARA TAMAULIPAS: AMERICO RECUERDO DE MI PADRE Antes de iniciar con estas l\u00edneas, quiero recordar a mi se\u00f1or padre en su quinto aniversario luctuoso. EN UN DIA 7 de julio del 2020, dios quiso llamarlo a su lado, gracias PADRE por darnos [&hellip;]<\/p>\n","protected":false},"author":1,"featured_media":207753,"comment_status":"closed","ping_status":"closed","sticky":false,"template":"","format":"standard","meta":{"footnotes":""},"categories":[16],"tags":[],"class_list":["post-207751","post","type-post","status-publish","format-standard","has-post-thumbnail","hentry","category-opinion"],"_links":{"self":[{"href":"https:\/\/www.elsinodaldetamaulipas.com.mx\/index.php?rest_route=\/wp\/v2\/posts\/207751","targetHints":{"allow":["GET"]}}],"collection":[{"href":"https:\/\/www.elsinodaldetamaulipas.com.mx\/index.php?rest_route=\/wp\/v2\/posts"}],"about":[{"href":"https:\/\/www.elsinodaldetamaulipas.com.mx\/index.php?rest_route=\/wp\/v2\/types\/post"}],"author":[{"embeddable":true,"href":"https:\/\/www.elsinodaldetamaulipas.com.mx\/index.php?rest_route=\/wp\/v2\/users\/1"}],"replies":[{"embeddable":true,"href":"https:\/\/www.elsinodaldetamaulipas.com.mx\/index.php?rest_route=%2Fwp%2Fv2%2Fcomments&post=207751"}],"version-history":[{"count":4,"href":"https:\/\/www.elsinodaldetamaulipas.com.mx\/index.php?rest_route=\/wp\/v2\/posts\/207751\/revisions"}],"predecessor-version":[{"id":207763,"href":"https:\/\/www.elsinodaldetamaulipas.com.mx\/index.php?rest_route=\/wp\/v2\/posts\/207751\/revisions\/207763"}],"wp:featuredmedia":[{"embeddable":true,"href":"https:\/\/www.elsinodaldetamaulipas.com.mx\/index.php?rest_route=\/wp\/v2\/media\/207753"}],"wp:attachment":[{"href":"https:\/\/www.elsinodaldetamaulipas.com.mx\/index.php?rest_route=%2Fwp%2Fv2%2Fmedia&parent=207751"}],"wp:term":[{"taxonomy":"category","embeddable":true,"href":"https:\/\/www.elsinodaldetamaulipas.com.mx\/index.php?rest_route=%2Fwp%2Fv2%2Fcategories&post=207751"},{"taxonomy":"post_tag","embeddable":true,"href":"https:\/\/www.elsinodaldetamaulipas.com.mx\/index.php?rest_route=%2Fwp%2Fv2%2Ftags&post=207751"}],"curies":[{"name":"wp","href":"https:\/\/api.w.org\/{rel}","templated":true}]}}