{"id":207766,"date":"2025-07-13T19:44:20","date_gmt":"2025-07-13T23:44:20","guid":{"rendered":"https:\/\/www.elsinodaldetamaulipas.com.mx\/?p=207766"},"modified":"2025-07-13T19:44:20","modified_gmt":"2025-07-13T23:44:20","slug":"un-ambiente-distinto-en-tamaulipas-con-americo","status":"publish","type":"post","link":"https:\/\/www.elsinodaldetamaulipas.com.mx\/?p=207766","title":{"rendered":"UN AMBIENTE DISTINTO EN TAMAULIPAS CON AM\u00c9RICO"},"content":{"rendered":"<div class=\"title-post\">\u00a0Del pasado ya ni acordarse, dijo la Presidenta Sheinbaum durante la ma\u00f1anera, en alusi\u00f3n a los profundos cambios operados por el gobierno estatal \u00a0del doctor AVA, en Tamaulipas.<\/div>\n<div class=\"post-content\">\n<p>\u00a0 Lleg\u00f3 y se fue contenta en su gira tamaulipeca,\u00a0 la jefa pol\u00edtica de esta naci\u00f3n, evaluando con una alt\u00edsima calificaci\u00f3n el \u00a0sexenio humanista iniciado en 2022, y que hasta la fecha,\u00a0 constituye uno de los activos pol\u00edticos y de desarrollo m\u00e1s sobresalientes de la rep\u00fablica.<\/p>\n<p>\u2014M\u00e9xico, es extraordinario. Vamos muy bien. La gente est\u00e1 contenta. Voy\u00a0 por todo el pa\u00eds. Este\u00a0 fin de semana estuve en Tamaulipas, donde se vive un ambiente muy distinto con Am\u00e9rico, la verdad. Ya ni mencionamos el pasado, pero se vive un ambiente distinto, y esto tiene que ver con la cercan\u00eda de su gobierno con la gente.<\/p>\n<p>La recompensa a este \u00a0sexenio tamaulipeco de mucho voluntarismo y disciplina en el trabajo;\u00a0 de puertas abiertas, derechos humanos y honestidad, no se ha hecho esperar, en voz de la mujer m\u00e1s poderosa de M\u00e9xico.<\/p>\n<p>\u2014Vamos a apoyar a Tamaulipas, en obras de agua, infraestructura carretera, el tren M\u00e9xico-Nuevo Laredo y en algunas otras obras, confirm\u00f3 Sheinbaum. En ese resto de \u00a0acciones de progreso, obviamente se incluye la trascendente inauguraci\u00f3n de la Direcci\u00f3n General de Aduanas en la tierra de Carmen Lilia Canturosas. La apertura y apoyo a las m\u00e1s grandes inversiones \u00a0de la industria \u00a0energ\u00e9tica, y\u00a0 muchas otras.<\/p>\n<p>Obviamente, AVA no solo fue aprobado por la m\u00e1s alta \u00a0\u00a0sinodal de Palacio Nacional, porque su car\u00e1cter y liderazgo se pusieron tambi\u00e9n a prueba, durante las embestidas del reciente \u00a0meteoro que origin\u00f3\u00a0 inundaciones, da\u00f1os carreteros y zozobra , tanto en el campo, como en la ciudad.<\/p>\n<p>A este fen\u00f3meno, se refiri\u00f3 Am\u00e9rico, poniendo de relieve, el esfuerzo de las fuerzas armadas y de las diferentes instituciones de seguridad nacional y de protecci\u00f3n civil:<\/p>\n<p>\u2014Nunca falt\u00f3 la presencia humana y solidaria, hacia las necesidades de esta poblaci\u00f3n. Alimentos, agua, acompa\u00f1amiento, de manera que muchas gracias por este esfuerzo solidario, identificado \u00a0plenamente con el modelo del humanismo mexicano, cuyo lema es que nadie se quede atr\u00e1s; que nadie se quede afuera.<\/p>\n<p>Mucha fortaleza pol\u00edtica trae \u00a0el gobernador, en este 2025, que se considera como la cintura ecuatorial de un sexenio que va con buen paso, y con mejor rumbo. Un punch envidiable, del cual hablaremos en pr\u00f3ximas colaboraciones. \u00a0Por lo pronto, en la era de las redes sociales y el internet, la \u00a0voz presidencial\u00a0 acaba de colocar a quien nos gobierna en lo estatal, \u00a0entre los pol\u00edticos morenistas \u00a0m\u00e1s congruentes con los principios te\u00f3ricos y pragm\u00e1ticos de la 4T.<\/p>\n<p>\u00bfDatos que sustentan este panorama?<\/p>\n<p>Desde el centro del pa\u00eds, acaban de destacar la supremac\u00eda de Tamaulipas, entre las cuatro entidades federativas con la mayor reducci\u00f3n de homicidios dolosos a nivel nacional. Trae \u00a0nuestro estado, el 50.4 por ciento menos en este primer semestre del presente a\u00f1o.<\/p>\n<p>Y \u00a0claro, que el circuito \u00a0de las buenas noticias continua:<\/p>\n<p>Porque recientemente se instal\u00f3 en Tampico, el Consejo estatal de turismo, con la presencia de la titular de Turismo federal , Josefina Rodr\u00edguez Zamora. Esto equivale a que en los pr\u00f3ximos meses, este estado norestense que cuenta con las playas m\u00e1s hermosas del norte del pa\u00eds, as\u00ed como campismo y naturaleza, podr\u00eda convertirse en uno de los destinos de disfrute m\u00e1s visitados del mundo.<\/p>\n<p>No es fortuito que, el doctor Villarreal Anaya acaba de recibir el trofeo y reconocimiento al primer lugar, dentro de la convocatoria denominada, \u201cLo Mejor de M\u00e9xico\u201d, \u00a0organizada por la revista \u201cM\u00e9xico Desconocido\u201d, en la categor\u00eda Mejor destino para sentir la energ\u00eda de la naturaleza\u201d. Todo ello en el \u00e1rea natural protegida de la biosfera \u00a0el \u201cCielo\u201d.<\/p>\n<p>\u2014Estamos listos para\u00a0 sumar a Tamaulipas a esta perspectiva del sector. Deseamos alinear nuestra capacidad y nuestro esfuerzo, con el firme prop\u00f3sito de contribuir a que M\u00e9xico sea en el corto plazo, uno de los pa\u00edses m\u00e1s visitados en el mundo, dijo AVA.<\/p>\n<p>Por otra parte, el gobierno estatal extern\u00f3 su solidaridad con el pueblo texano y con su gobernador Greg Abbott, ante las recientes inundaciones provocadas por la tormenta \u201cBarry\u201d.<\/p>\n<p>Y la agenda del gobernador sigui\u00f3 de frente, porque primero es lo primero, y lo recibieron en la caja de las galletas, \u00a0con la importante reuni\u00f3n que sostuvo en la CDMX, con la Subsecretaria federal \u00a0de Egresos \u00a0Bertha G\u00f3mez Castro.<\/p>\n<p>Temas de financiamiento, infraestructura, equipamiento de hospitales y certidumbre laboral, as\u00ed como prestaciones para los trabajadores, fueron algunos de los puntos abordados con quien abre la caja de los dineros p\u00fablicos, destinados al desarrollo nacional.<\/p>\n<p>Y \u00a0ya enrachado, el cardi\u00f3logo y alpinista, que mantiene una de las mejores percepciones ciudadanas, \u00a0se reuni\u00f3 con el Secretario de Comunicaciones y Transportes \u00a0Jes\u00fas Antonio Esteva Medina, con el cual dio seguimiento a los proyectos de infraestructura que se desarrollan en Tamaulipas.<\/p>\n<p>Entre ellos la ampliaci\u00f3n de la concesi\u00f3n del puente internacional de Nuevo Laredo \u00a0\u201cComercio Mundial III\u201d, \u00a0as\u00ed como el impulso al corredor industrial de Tamaulipas, los nuevos tramos carreteros y m\u00e1s obras para beneficio de los 43 municipios de nuestro estado.<\/p>\n<p>Am\u00e9rico se reuni\u00f3 con el Director General del IMSS en el pa\u00eds, Zoe Robledo, con quien abord\u00f3 temas como la continuidad del hospital \u201cRodolfo Torre Cant\u00fa\u201d, \u00a0en el municipio de Altamira. Obviamente se abord\u00f3 en ese encuentro, \u00a0los apoyos para la seguridad social de las y los trabajadores de la salud.<\/p>\n<p>AVA\u00a0 fue recibido por el Secretario de \u00a0Hacienda y Cr\u00e9dito P\u00fablico, \u00a0Edgar Amador Zamora, mismo que reconoci\u00f3 la buena organizaci\u00f3n financiera del gobierno tamaulipeco. Reafirm\u00f3 su respaldo al estado, todo ello para seguir impulsando acciones en favor de las familias tamaulipecas.<\/p>\n<p>AVA\u00a0 se reuni\u00f3 tambi\u00e9n con Francisco Cervantes D\u00edas, Presidente\u00a0 del Consejo Coordinador \u00a0Empresarial, con quien abord\u00f3 la agenda de las oportunidades de inversi\u00f3n en nuestro estado.<\/p>\n<p>Y para cerrar la agenda semanal con un acto simb\u00f3lico que representa, la vocaci\u00f3n de servicio hacia Tamaulipas, AVA visit\u00f3 la tienda Tamaulipas se Transforma, que se encuentra en el Aeropuerto Internacional Felipe \u00a0\u00c1ngeles. \u00a0\u00a0Sin duda un escaparate internacional para promocionar lo mejor de Tamaulipas, en materia de artesan\u00eda y dem\u00e1s \u00a0rubros culturales.<\/p>\n<p>POSDATA.\u2014Como bien se puede observar, el gobernador AVA casi le dio la vuelta a todo el gabinete federal, en lo concerniente a la gestor\u00eda y el tr\u00e1mite del m\u00e1s alto nivel. \u00a0O sea que este gobernador s\u00ed se pone las pilas recargadas por nuestro estado. No como el otro de origen TEX-MEX que se la pasaba rumiando y echando culpas. Como dijo la Presidenta Sheinbaum, no hay comparaci\u00f3n.<\/p>\n<p>Nada que ver con el pasado.<\/p>\n<\/div>\n","protected":false},"excerpt":{"rendered":"<p>\u00a0Del pasado ya ni acordarse, dijo la Presidenta Sheinbaum durante la ma\u00f1anera, en alusi\u00f3n a los profundos cambios operados por el gobierno estatal \u00a0del doctor AVA, en Tamaulipas. \u00a0 Lleg\u00f3 y se fue contenta en su gira tamaulipeca,\u00a0 la jefa pol\u00edtica de esta naci\u00f3n, evaluando con una alt\u00edsima calificaci\u00f3n el \u00a0sexenio humanista iniciado en 2022, [&hellip;]<\/p>\n","protected":false},"author":1,"featured_media":207767,"comment_status":"closed","ping_status":"closed","sticky":false,"template":"","format":"standard","meta":{"footnotes":""},"categories":[16],"tags":[],"class_list":["post-207766","post","type-post","status-publish","format-standard","has-post-thumbnail","hentry","category-opinion"],"_links":{"self":[{"href":"https:\/\/www.elsinodaldetamaulipas.com.mx\/index.php?rest_route=\/wp\/v2\/posts\/207766","targetHints":{"allow":["GET"]}}],"collection":[{"href":"https:\/\/www.elsinodaldetamaulipas.com.mx\/index.php?rest_route=\/wp\/v2\/posts"}],"about":[{"href":"https:\/\/www.elsinodaldetamaulipas.com.mx\/index.php?rest_route=\/wp\/v2\/types\/post"}],"author":[{"embeddable":true,"href":"https:\/\/www.elsinodaldetamaulipas.com.mx\/index.php?rest_route=\/wp\/v2\/users\/1"}],"replies":[{"embeddable":true,"href":"https:\/\/www.elsinodaldetamaulipas.com.mx\/index.php?rest_route=%2Fwp%2Fv2%2Fcomments&post=207766"}],"version-history":[{"count":1,"href":"https:\/\/www.elsinodaldetamaulipas.com.mx\/index.php?rest_route=\/wp\/v2\/posts\/207766\/revisions"}],"predecessor-version":[{"id":207768,"href":"https:\/\/www.elsinodaldetamaulipas.com.mx\/index.php?rest_route=\/wp\/v2\/posts\/207766\/revisions\/207768"}],"wp:featuredmedia":[{"embeddable":true,"href":"https:\/\/www.elsinodaldetamaulipas.com.mx\/index.php?rest_route=\/wp\/v2\/media\/207767"}],"wp:attachment":[{"href":"https:\/\/www.elsinodaldetamaulipas.com.mx\/index.php?rest_route=%2Fwp%2Fv2%2Fmedia&parent=207766"}],"wp:term":[{"taxonomy":"category","embeddable":true,"href":"https:\/\/www.elsinodaldetamaulipas.com.mx\/index.php?rest_route=%2Fwp%2Fv2%2Fcategories&post=207766"},{"taxonomy":"post_tag","embeddable":true,"href":"https:\/\/www.elsinodaldetamaulipas.com.mx\/index.php?rest_route=%2Fwp%2Fv2%2Ftags&post=207766"}],"curies":[{"name":"wp","href":"https:\/\/api.w.org\/{rel}","templated":true}]}}