{"id":207772,"date":"2025-07-13T19:48:58","date_gmt":"2025-07-13T23:48:58","guid":{"rendered":"https:\/\/www.elsinodaldetamaulipas.com.mx\/?p=207772"},"modified":"2025-07-13T20:34:31","modified_gmt":"2025-07-14T00:34:31","slug":"207772","status":"publish","type":"post","link":"https:\/\/www.elsinodaldetamaulipas.com.mx\/?p=207772","title":{"rendered":"D\u00c1MASO ANAYA, MOSTR\u00d3 COMPROMISO CON COMUNIDAD JUR\u00cdDICA"},"content":{"rendered":"<div class=\"post-content\">\n<p>POR LA LIBRE<\/p>\n<p>Por Edelmiira Cerecedo Garc\u00eda<\/p>\n<p>La reciente celebraci\u00f3n del D\u00eda del Abogado en la Ciudad de M\u00e9xico fue un evento significativo que cont\u00f3 con la presencia de destacadas personalidades del \u00e1mbito jur\u00eddico y pol\u00edtico del pa\u00eds. Entre los invitados de honor se encontraba el rector de la Universidad Aut\u00f3noma de Tamaulipas (UAT), D\u00e1maso Anaya Alvarado, cuya participaci\u00f3n refleja su compromiso con la comunidad jur\u00eddica y su reconocimiento como l\u00edder acad\u00e9mico.<\/p>\n<p>La presencia de D\u00e1maso Anaya Alvarado en la ceremonia presidida por la secretaria de Gobernaci\u00f3n, Rosa Icela Rodr\u00edguez Vel\u00e1zquez, es un testimonio de su compromiso con la educaci\u00f3n y la justicia. Como rector de la UAT, Anaya Alvarado ha demostrado su capacidad para impulsar proyectos y programas que benefician a los estudiantes y docentes, y su participaci\u00f3n en eventos como el D\u00eda del Abogado refleja su inter\u00e9s en fortalecer los lazos entre la academia y la comunidad jur\u00eddica.<\/p>\n<p>La celebraci\u00f3n del D\u00eda del Abogado es un reconocimiento a la importante labor que realizan los profesionales del derecho en M\u00e9xico. La presencia de figuras como Ernestina Godoy Ramos, Consejera Jur\u00eddica del Ejecutivo Federal, y los ministros electos para la Suprema Corte de Justicia de la Naci\u00f3n (SCJN), Mar\u00eda Estela R\u00edos Gonz\u00e1lez e Irving Espinosa Betanzo, subray\u00f3 la relevancia de la fecha y el compromiso con la justicia y el Estado de derecho.<\/p>\n<p>La participaci\u00f3n de D\u00e1maso Anaya Alvarado en la ceremonia es un ejemplo de su liderazgo y compromiso con la educaci\u00f3n y la justicia. Como rector de la UAT, Anaya Alvarado tiene el potencial de generar un impacto significativo en la comunidad acad\u00e9mica y jur\u00eddica, promoviendo la formaci\u00f3n de profesionales del derecho que sean capaces de contribuir al fortalecimiento del sistema de justicia en M\u00e9xico.<\/p>\n<p>En resumen, la presencia de D\u00e1maso Anaya Alvarado en la celebraci\u00f3n del D\u00eda del Abogado es un reflejo de su compromiso con la educaci\u00f3n y la justicia, y su liderazgo en la comunidad acad\u00e9mica. Su participaci\u00f3n en eventos como este es un ejemplo de su inter\u00e9s en fortalecer los lazos entre la academia y la comunidad jur\u00eddica, y su potencial para generar un impacto significativo en la sociedad mexicana.<\/p>\n<\/div>\n","protected":false},"excerpt":{"rendered":"<p>POR LA LIBRE Por Edelmiira Cerecedo Garc\u00eda La reciente celebraci\u00f3n del D\u00eda del Abogado en la Ciudad de M\u00e9xico fue un evento significativo que cont\u00f3 con la presencia de destacadas personalidades del \u00e1mbito jur\u00eddico y pol\u00edtico del pa\u00eds. Entre los invitados de honor se encontraba el rector de la Universidad Aut\u00f3noma de Tamaulipas (UAT), D\u00e1maso [&hellip;]<\/p>\n","protected":false},"author":1,"featured_media":207773,"comment_status":"closed","ping_status":"closed","sticky":false,"template":"","format":"standard","meta":{"footnotes":""},"categories":[16],"tags":[],"class_list":["post-207772","post","type-post","status-publish","format-standard","has-post-thumbnail","hentry","category-opinion"],"_links":{"self":[{"href":"https:\/\/www.elsinodaldetamaulipas.com.mx\/index.php?rest_route=\/wp\/v2\/posts\/207772","targetHints":{"allow":["GET"]}}],"collection":[{"href":"https:\/\/www.elsinodaldetamaulipas.com.mx\/index.php?rest_route=\/wp\/v2\/posts"}],"about":[{"href":"https:\/\/www.elsinodaldetamaulipas.com.mx\/index.php?rest_route=\/wp\/v2\/types\/post"}],"author":[{"embeddable":true,"href":"https:\/\/www.elsinodaldetamaulipas.com.mx\/index.php?rest_route=\/wp\/v2\/users\/1"}],"replies":[{"embeddable":true,"href":"https:\/\/www.elsinodaldetamaulipas.com.mx\/index.php?rest_route=%2Fwp%2Fv2%2Fcomments&post=207772"}],"version-history":[{"count":3,"href":"https:\/\/www.elsinodaldetamaulipas.com.mx\/index.php?rest_route=\/wp\/v2\/posts\/207772\/revisions"}],"predecessor-version":[{"id":207783,"href":"https:\/\/www.elsinodaldetamaulipas.com.mx\/index.php?rest_route=\/wp\/v2\/posts\/207772\/revisions\/207783"}],"wp:featuredmedia":[{"embeddable":true,"href":"https:\/\/www.elsinodaldetamaulipas.com.mx\/index.php?rest_route=\/wp\/v2\/media\/207773"}],"wp:attachment":[{"href":"https:\/\/www.elsinodaldetamaulipas.com.mx\/index.php?rest_route=%2Fwp%2Fv2%2Fmedia&parent=207772"}],"wp:term":[{"taxonomy":"category","embeddable":true,"href":"https:\/\/www.elsinodaldetamaulipas.com.mx\/index.php?rest_route=%2Fwp%2Fv2%2Fcategories&post=207772"},{"taxonomy":"post_tag","embeddable":true,"href":"https:\/\/www.elsinodaldetamaulipas.com.mx\/index.php?rest_route=%2Fwp%2Fv2%2Ftags&post=207772"}],"curies":[{"name":"wp","href":"https:\/\/api.w.org\/{rel}","templated":true}]}}