{"id":207776,"date":"2025-07-13T20:32:13","date_gmt":"2025-07-14T00:32:13","guid":{"rendered":"https:\/\/www.elsinodaldetamaulipas.com.mx\/?p=207776"},"modified":"2025-07-13T20:32:13","modified_gmt":"2025-07-14T00:32:13","slug":"ava-realizo-exitosa-gira-por-ciudad-de-mexico","status":"publish","type":"post","link":"https:\/\/www.elsinodaldetamaulipas.com.mx\/?p=207776","title":{"rendered":"AVA REALIZ\u00d3 EXITOSA GIRA POR CIUDAD DE M\u00c9XICO"},"content":{"rendered":"<div class=\"title-post\">Esta semana, el gobernador Am\u00e9rico Villarreal Anaya (AVA) estuvo de visita de trabajo para gestionar importantes programas en favor del desarrollo estatal, dentro de las m\u00e1s importantes se citan las siguientes:<\/div>\n<div class=\"post-content\">\n<p>Reuni\u00f3n con el Secretario de Infraestructura, Comunicaciones y Transportes<\/p>\n<p>El gobernador de Tamaulipas, Am\u00e9rico Villarreal Anaya, sostuvo una reuni\u00f3n de trabajo con Jes\u00fas Esteva Medina, titular de la Secretar\u00eda de Infraestructura, Comunicaciones y Transportes (SICT), para dar seguimiento y definir la gesti\u00f3n de recursos destinados a proyectos estrat\u00e9gicos que buscan fortalecer el desarrollo y la conectividad del estado.<\/p>\n<p>Proyectos Estrat\u00e9gicos Abordados<\/p>\n<p>Ampliaci\u00f3n de la concesi\u00f3n del Puente de Comercio Mundial Nuevo Laredo III: Se acord\u00f3 extender la concesi\u00f3n del puente por 30 a\u00f1os m\u00e1s a partir de julio de 2026, con un avance administrativo del 90%.<\/p>\n<p>Corredor Vertical del Golfo (Corredor Golfo Norte): Este proyecto carretero, incluido en el Plan Nacional de Infraestructura Carretera 2025-2030, conectar\u00e1 Nuevo Laredo, Ciudad Victoria y Tampico, optimizando el transporte de carga y consolidando la infraestructura log\u00edstica de la regi\u00f3n. La inversi\u00f3n estimada supera los 40,000 millones de pesos.<\/p>\n<p>Rehabilitaci\u00f3n de tramos carreteros prioritarios: Se prioriz\u00f3 la rehabilitaci\u00f3n y mantenimiento de la red carretera estatal, especialmente los da\u00f1os causados por la tormenta tropical Barry.<\/p>\n<p>Segundo puente sobre el r\u00edo P\u00e1nuco: Se anunci\u00f3 la construcci\u00f3n de un segundo puente vehicular sobre el r\u00edo P\u00e1nuco, que conectar\u00e1 Tampico con el Puerto de Altamira. Esta obra, tambi\u00e9n financiada con recursos federales, permitir\u00e1 un libramiento log\u00edstico clave y potenciar\u00e1 el desarrollo industrial y portuario de la zona sur de Tamaulipas.<\/p>\n<p>Rehabilitaci\u00f3n del puente Los Magueyes: Incluido en las acciones prioritarias para mejorar la conectividad y seguridad vial en el estado.<\/p>\n<p>Acuerdos en Salud y Log\u00edstica Hospitalaria<\/p>\n<p>Se invirtieron m\u00e1s de 21 mil millones de pesos en programas de bienestar y salud (IMSS Bienestar), beneficiando a m\u00e1s de 1.5 millones de personas sin seguridad social en Tamaulipas. Destaca la pr\u00f3xima apertura del Hospital General IMSS- Bienestar en Ciudad Madero, con una inversi\u00f3n de 635 millones de pesos, que atender\u00e1 a 500 mil habitantes de la regi\u00f3n sur del estado.<\/p>\n<p>Se gestion\u00f3 financiamiento para el programa \u00abSalud Casa por Casa\u00bb, mismo que busca ampliar la cobertura de atenci\u00f3n m\u00e9dica domiciliaria y preventiva.<\/p>\n<p>Se avanz\u00f3 en acuerdos para garantizar estabilidad laboral y mejores condiciones para el personal de salud.<\/p>\n<p>El gobernador dialog\u00f3 con Francisco Cervantes D\u00edaz, presidente del Consejo Coordinador Empresarial (CCE), sobre los proyectos estrat\u00e9gicos de Tamaulipas que permitir\u00e1n un crecimiento econ\u00f3mico m\u00e1s acelerado, impulsando inversiones y el desarrollo de infraestructura clave para el estado.<\/p>\n<p>Coordinaci\u00f3n con la Secretar\u00eda de Hacienda<br \/>\nEn reuniones con \u00c9dgar Amador Zamora, secretario de Hacienda, y Bertha G\u00f3mez Castro, subsecretaria de Egresos, se revisaron esquemas de financiamiento para garantizar la viabilidad de los proyectos prioritarios en infraestructura y salud, manteniendo finanzas p\u00fablicas sanas y sostenibles.<\/p>\n<p>Tamaulipas avanza en la gesti\u00f3n y concreci\u00f3n de proyectos de infraestructura carretera, log\u00edstica y salud, con el respaldo del gobierno federal y la coordinaci\u00f3n con sectores empresariales y financieros, reafirmando su papel estrat\u00e9gico en el desarrollo regional y nacional.<\/p>\n<\/div>\n","protected":false},"excerpt":{"rendered":"<p>Esta semana, el gobernador Am\u00e9rico Villarreal Anaya (AVA) estuvo de visita de trabajo para gestionar importantes programas en favor del desarrollo estatal, dentro de las m\u00e1s importantes se citan las siguientes: Reuni\u00f3n con el Secretario de Infraestructura, Comunicaciones y Transportes El gobernador de Tamaulipas, Am\u00e9rico Villarreal Anaya, sostuvo una reuni\u00f3n de trabajo con Jes\u00fas Esteva [&hellip;]<\/p>\n","protected":false},"author":1,"featured_media":207780,"comment_status":"closed","ping_status":"closed","sticky":false,"template":"","format":"standard","meta":{"footnotes":""},"categories":[16],"tags":[],"class_list":["post-207776","post","type-post","status-publish","format-standard","has-post-thumbnail","hentry","category-opinion"],"_links":{"self":[{"href":"https:\/\/www.elsinodaldetamaulipas.com.mx\/index.php?rest_route=\/wp\/v2\/posts\/207776","targetHints":{"allow":["GET"]}}],"collection":[{"href":"https:\/\/www.elsinodaldetamaulipas.com.mx\/index.php?rest_route=\/wp\/v2\/posts"}],"about":[{"href":"https:\/\/www.elsinodaldetamaulipas.com.mx\/index.php?rest_route=\/wp\/v2\/types\/post"}],"author":[{"embeddable":true,"href":"https:\/\/www.elsinodaldetamaulipas.com.mx\/index.php?rest_route=\/wp\/v2\/users\/1"}],"replies":[{"embeddable":true,"href":"https:\/\/www.elsinodaldetamaulipas.com.mx\/index.php?rest_route=%2Fwp%2Fv2%2Fcomments&post=207776"}],"version-history":[{"count":1,"href":"https:\/\/www.elsinodaldetamaulipas.com.mx\/index.php?rest_route=\/wp\/v2\/posts\/207776\/revisions"}],"predecessor-version":[{"id":207781,"href":"https:\/\/www.elsinodaldetamaulipas.com.mx\/index.php?rest_route=\/wp\/v2\/posts\/207776\/revisions\/207781"}],"wp:featuredmedia":[{"embeddable":true,"href":"https:\/\/www.elsinodaldetamaulipas.com.mx\/index.php?rest_route=\/wp\/v2\/media\/207780"}],"wp:attachment":[{"href":"https:\/\/www.elsinodaldetamaulipas.com.mx\/index.php?rest_route=%2Fwp%2Fv2%2Fmedia&parent=207776"}],"wp:term":[{"taxonomy":"category","embeddable":true,"href":"https:\/\/www.elsinodaldetamaulipas.com.mx\/index.php?rest_route=%2Fwp%2Fv2%2Fcategories&post=207776"},{"taxonomy":"post_tag","embeddable":true,"href":"https:\/\/www.elsinodaldetamaulipas.com.mx\/index.php?rest_route=%2Fwp%2Fv2%2Ftags&post=207776"}],"curies":[{"name":"wp","href":"https:\/\/api.w.org\/{rel}","templated":true}]}}