{"id":207784,"date":"2025-07-13T22:36:15","date_gmt":"2025-07-14T02:36:15","guid":{"rendered":"https:\/\/www.elsinodaldetamaulipas.com.mx\/?p=207784"},"modified":"2025-07-13T22:36:15","modified_gmt":"2025-07-14T02:36:15","slug":"implicados-en-feminicidio-ya-estan-a-disposicion-del-juez","status":"publish","type":"post","link":"https:\/\/www.elsinodaldetamaulipas.com.mx\/?p=207784","title":{"rendered":"IMPLICADOS EN FEMINICIDIO YA EST\u00c1N A DISPOSICI\u00d3N DEL JUEZ"},"content":{"rendered":"<p>EL SINODAL DE TAMAULIPAS<\/p>\n<p>Reynosa, Tamaulipas.\u2013 La Fiscal\u00eda General de Justicia del Estado de Tamaulipas, a trav\u00e9s de la Fiscal\u00eda Especializada en la Investigaci\u00f3n de Delitos de Feminicidio y Homicidio Doloso de Mujeres(FEIDFHDM) informa que fueron vinculados a proceso Marcelino \u201cR\u201d por los delitos de Feminicidio y Desaparici\u00f3n de Personas y en contra de Alan \u201cV\u201d por Desaparici\u00f3n de Personas.<\/p>\n<p>Un Juez de Control emiti\u00f3 la resoluci\u00f3n despu\u00e9s de que el Representante Social presentara datos de prueba que acreditan la probable participaci\u00f3n de los imputados en los hechos ocurridos el 16 de agosto de 2024, en un domicilio ubicado en el Fraccionamiento Ampliaci\u00f3n Puerta Grande III, de esta ciudad; en donde, la v\u00edctima fue privada de la vida con un objeto punzocortante. El Juez de Control otorg\u00f3 un plazo de tres meses para la investigaci\u00f3n complementaria,<\/p>\n<p>La Fiscal\u00eda General de Justicia del Estado de Tamaulipas refrenda su compromiso con la procuraci\u00f3n de justicia para las mujeres v\u00edctimas de violencia feminicida y su firme labor en la investigaci\u00f3n y sanci\u00f3n de los delitos que atentan contra su vida y dignidad.<\/p>\n<p>&#8212;-<\/p>\n","protected":false},"excerpt":{"rendered":"<p>EL SINODAL DE TAMAULIPAS Reynosa, Tamaulipas.\u2013 La Fiscal\u00eda General de Justicia del Estado de Tamaulipas, a trav\u00e9s de la Fiscal\u00eda Especializada en la Investigaci\u00f3n de Delitos de Feminicidio y Homicidio Doloso de Mujeres(FEIDFHDM) informa que fueron vinculados a proceso Marcelino \u201cR\u201d por los delitos de Feminicidio y Desaparici\u00f3n de Personas y en contra de Alan [&hellip;]<\/p>\n","protected":false},"author":1,"featured_media":207797,"comment_status":"closed","ping_status":"closed","sticky":false,"template":"","format":"standard","meta":{"footnotes":""},"categories":[25],"tags":[],"class_list":["post-207784","post","type-post","status-publish","format-standard","has-post-thumbnail","hentry","category-leyyorden"],"_links":{"self":[{"href":"https:\/\/www.elsinodaldetamaulipas.com.mx\/index.php?rest_route=\/wp\/v2\/posts\/207784","targetHints":{"allow":["GET"]}}],"collection":[{"href":"https:\/\/www.elsinodaldetamaulipas.com.mx\/index.php?rest_route=\/wp\/v2\/posts"}],"about":[{"href":"https:\/\/www.elsinodaldetamaulipas.com.mx\/index.php?rest_route=\/wp\/v2\/types\/post"}],"author":[{"embeddable":true,"href":"https:\/\/www.elsinodaldetamaulipas.com.mx\/index.php?rest_route=\/wp\/v2\/users\/1"}],"replies":[{"embeddable":true,"href":"https:\/\/www.elsinodaldetamaulipas.com.mx\/index.php?rest_route=%2Fwp%2Fv2%2Fcomments&post=207784"}],"version-history":[{"count":1,"href":"https:\/\/www.elsinodaldetamaulipas.com.mx\/index.php?rest_route=\/wp\/v2\/posts\/207784\/revisions"}],"predecessor-version":[{"id":207798,"href":"https:\/\/www.elsinodaldetamaulipas.com.mx\/index.php?rest_route=\/wp\/v2\/posts\/207784\/revisions\/207798"}],"wp:featuredmedia":[{"embeddable":true,"href":"https:\/\/www.elsinodaldetamaulipas.com.mx\/index.php?rest_route=\/wp\/v2\/media\/207797"}],"wp:attachment":[{"href":"https:\/\/www.elsinodaldetamaulipas.com.mx\/index.php?rest_route=%2Fwp%2Fv2%2Fmedia&parent=207784"}],"wp:term":[{"taxonomy":"category","embeddable":true,"href":"https:\/\/www.elsinodaldetamaulipas.com.mx\/index.php?rest_route=%2Fwp%2Fv2%2Fcategories&post=207784"},{"taxonomy":"post_tag","embeddable":true,"href":"https:\/\/www.elsinodaldetamaulipas.com.mx\/index.php?rest_route=%2Fwp%2Fv2%2Ftags&post=207784"}],"curies":[{"name":"wp","href":"https:\/\/api.w.org\/{rel}","templated":true}]}}