{"id":207785,"date":"2025-07-13T20:44:22","date_gmt":"2025-07-14T00:44:22","guid":{"rendered":"https:\/\/www.elsinodaldetamaulipas.com.mx\/?p=207785"},"modified":"2025-07-13T20:44:22","modified_gmt":"2025-07-14T00:44:22","slug":"recordaran-vida-y-obra-de-cuco-sanchez","status":"publish","type":"post","link":"https:\/\/www.elsinodaldetamaulipas.com.mx\/?p=207785","title":{"rendered":"RECORDAR\u00c1N VIDA Y OBRA DE CUCO S\u00c1NCHEZ"},"content":{"rendered":"<div class=\"post-content\">\n<p>REFLECTOR<\/p>\n<p>Gilda R. Ter\u00e1n.<\/p>\n<p>Este fin de semana se rendir\u00e1 homenaje al cantautor de Altamira, quien con su m\u00fasica<br \/>\nvern\u00e1cula, fortalece las ra\u00edces y la riqueza cultural de la entidad, y justamente en el espacio<br \/>\ntur\u00edstico en la Ciudad de M\u00e9xico.<br \/>\nTendremos en la memoria de Cuco S\u00e1nchez, m\u00fasica alegre para mucho rato, en el espacio<br \/>\nde \u201cPunto M\u00e9xico\u201d, adem\u00e1s de ense\u00f1ar como se baila y zapatea en Tamaulipas los<br \/>\nhuapangos, polkas y sones.<br \/>\nY eso no para ah\u00ed, sino que tambi\u00e9n se podr\u00e1 degustar la gastronom\u00eda tamaulipeca, que es<br \/>\nrica en sabores y colores, toda esta muestra de riqueza cultural se realiza en la Secretaria de<br \/>\nTurismo Federal ubicado en la zona de Polanco de la ciudad de M\u00e9xico.<br \/>\nAs\u00ed de esta forma el Secretario de Turismo en Tamaulipas, promueve de forma intensa<br \/>\ntodas las bellezas naturales, su riqueza que es una gran gama desde los bailes folcl\u00f3ricos<br \/>\nregionales, su m\u00fasica y lo puntos tur\u00edsticos de recreaci\u00f3n que son referente nacional para un<br \/>\nesparcimiento familiar.<br \/>\nCuco S\u00e1nchez prol\u00edfico cantautor, naci\u00f3 con el ej\u00e9rcito ya que su padre, don Jos\u00e9 del<br \/>\nRefugio S\u00e1nchez Herros, era Capit\u00e1n Primero Pagador del Ej\u00e9rcito Mexicano, resulta que<br \/>\nse trasladaba con su regimiento y acompa\u00f1ado de su esposa que estaba embarazada a la<br \/>\nciudad de Altamira.<br \/>\nEra un c\u00e1lido mes de mayo iniciando la medianoche cuando empez\u00f3 la labor de parto, ya<br \/>\nestando en este municipio de Tamaulipas, y justo el d\u00eda 3 de 1921, llego un beb\u00e9 que naci\u00f3<br \/>\npara traer la m\u00fasica vern\u00e1cula a este mundo.<br \/>\nSu familia viajaba constantemente en los primeros cinco a\u00f1os de vida del peque\u00f1o Cuco, y<br \/>\nas\u00ed era el ir y venir por el trabajo del ej\u00e9rcito, pero un d\u00eda, su padre decidi\u00f3 ir al norte a<br \/>\nenlistarse con el General \u00c1lvaro Obreg\u00f3n, y desde esa fecha, la familia no lo volvi\u00f3 a ver<br \/>\nhasta despu\u00e9s de muchos a\u00f1os.<br \/>\nEntonces, su madre lo llev\u00f3 a \u00e9l y a su hermano menor Enrique a vivir a la Ciudad de<br \/>\nM\u00e9xico, en Tulyehualco, ah\u00ed compraron algunas chivas vacas para vivir, y desde entonces,<br \/>\nRefugio se convirti\u00f3 en pastor y tuvo que trabajar muy duro para procurar algunas<br \/>\ncomodidades a su madre y hermano.<\/p>\n<p>Y memorables frases de sus canciones se han convertido en aforismos de la jerga popular,<br \/>\npor ejemplo: \u201cla chancla que yo tiro no la vuelvo a levantar\u201d<\/p>\n<p>Desde peque\u00f1o se caracteriz\u00f3 por decir frases bonitas, le gustaba mucho escribir, as\u00ed<br \/>\nempez\u00f3 a redactar ideas muy completas y po\u00e9ticas, con el tiempo se dio cuenta de su<br \/>\ncapacidad y facilidad para componer melod\u00edas para acompa\u00f1ar esas frases y pensamientos.<br \/>\nCuando era muy joven, en un programa de Radio Mil, no se present\u00f3 un cantante y Paco<br \/>\nMalgesto le sugiri\u00f3 que cantara, y a partir de ah\u00ed logr\u00f3 una gran aceptaci\u00f3n del p\u00fablico; y<br \/>\nfue tomando el estilo que lo caracteriz\u00f3 y lo llev\u00f3 al \u00e9xito.<br \/>\nEstos inicios de su carrera fueron en 1937, solo ten\u00eda 16 a\u00f1os, fue en 1939 cuando su<br \/>\ncanci\u00f3n Mi chata lo lanz\u00f3 a la fama y partir de ah\u00ed, compuso m\u00e1s de 200 canciones, varias<br \/>\nde ellas para el cine.<br \/>\nFue compositor de m\u00e1s de 200 canciones, muchas de las cuales fueron traducidas a 27<br \/>\nidiomas e interpretadas por cantantes tan populares como Pedro Infante, Lola Flores,<br \/>\nAmalia Rodr\u00edguez, Rosenda Bernal y Selena.<br \/>\nQuien no se emocion\u00f3 con las partituras de \u201cAnoche estuve llorando\u00bb; \u00abQu\u00e9 manera de<br \/>\nperder\u00bb; \u00abEl Mil Amores\u00bb, \u00abGr\u00edtenme Piedras del Campo\u00bb; \u00abFallaste Coraz\u00f3n\u00bb, \u00abNo soy<br \/>\nmonedita de Oro\u00bb; \u00abCorazoncito Tirano\u00bb; \u00abLa Cama de Piedra\u00bb; \u00abEl Compadre m\u00e1s Padre\u00bb<br \/>\ny \u00abArrieros Somos\u00bb.<br \/>\nYa en 1998 su salud se hab\u00eda deteriorado, y con diagnostic\u00f3 el mal de Alzheimer, sufri\u00f3<br \/>\nproblemas de pr\u00f3stata y una fractura de cadera limit\u00f3 su movilidad. Muri\u00f3 a los 79 a\u00f1os<br \/>\ncomo consecuencia de una deficiencia renal, pero aun despu\u00e9s de haber partido, Cuco<br \/>\nS\u00e1nchez es una \u201cleyenda viviente\u201d.<br \/>\nY es que los seres humanos convivimos con la m\u00fasica en todo momento, es un arte que nos<br \/>\nhace disfrutar de tiempos placenteros, nos estimula a recordar hechos del pasado, nos hace<br \/>\ncompartir emociones en canciones grupales, conciertos o tribunas deportivas, y es una<br \/>\nmedicina para el alma.<br \/>\nHasta la pr\u00f3xima.<br \/>\ngildateran@yahoo.com.mx<\/p>\n<\/div>\n","protected":false},"excerpt":{"rendered":"<p>REFLECTOR Gilda R. Ter\u00e1n. Este fin de semana se rendir\u00e1 homenaje al cantautor de Altamira, quien con su m\u00fasica vern\u00e1cula, fortalece las ra\u00edces y la riqueza cultural de la entidad, y justamente en el espacio tur\u00edstico en la Ciudad de M\u00e9xico. Tendremos en la memoria de Cuco S\u00e1nchez, m\u00fasica alegre para mucho rato, en el [&hellip;]<\/p>\n","protected":false},"author":1,"featured_media":207786,"comment_status":"closed","ping_status":"closed","sticky":false,"template":"","format":"standard","meta":{"footnotes":""},"categories":[1],"tags":[],"class_list":["post-207785","post","type-post","status-publish","format-standard","has-post-thumbnail","hentry","category-portada"],"_links":{"self":[{"href":"https:\/\/www.elsinodaldetamaulipas.com.mx\/index.php?rest_route=\/wp\/v2\/posts\/207785","targetHints":{"allow":["GET"]}}],"collection":[{"href":"https:\/\/www.elsinodaldetamaulipas.com.mx\/index.php?rest_route=\/wp\/v2\/posts"}],"about":[{"href":"https:\/\/www.elsinodaldetamaulipas.com.mx\/index.php?rest_route=\/wp\/v2\/types\/post"}],"author":[{"embeddable":true,"href":"https:\/\/www.elsinodaldetamaulipas.com.mx\/index.php?rest_route=\/wp\/v2\/users\/1"}],"replies":[{"embeddable":true,"href":"https:\/\/www.elsinodaldetamaulipas.com.mx\/index.php?rest_route=%2Fwp%2Fv2%2Fcomments&post=207785"}],"version-history":[{"count":1,"href":"https:\/\/www.elsinodaldetamaulipas.com.mx\/index.php?rest_route=\/wp\/v2\/posts\/207785\/revisions"}],"predecessor-version":[{"id":207787,"href":"https:\/\/www.elsinodaldetamaulipas.com.mx\/index.php?rest_route=\/wp\/v2\/posts\/207785\/revisions\/207787"}],"wp:featuredmedia":[{"embeddable":true,"href":"https:\/\/www.elsinodaldetamaulipas.com.mx\/index.php?rest_route=\/wp\/v2\/media\/207786"}],"wp:attachment":[{"href":"https:\/\/www.elsinodaldetamaulipas.com.mx\/index.php?rest_route=%2Fwp%2Fv2%2Fmedia&parent=207785"}],"wp:term":[{"taxonomy":"category","embeddable":true,"href":"https:\/\/www.elsinodaldetamaulipas.com.mx\/index.php?rest_route=%2Fwp%2Fv2%2Fcategories&post=207785"},{"taxonomy":"post_tag","embeddable":true,"href":"https:\/\/www.elsinodaldetamaulipas.com.mx\/index.php?rest_route=%2Fwp%2Fv2%2Ftags&post=207785"}],"curies":[{"name":"wp","href":"https:\/\/api.w.org\/{rel}","templated":true}]}}