{"id":207791,"date":"2025-07-13T22:25:04","date_gmt":"2025-07-14T02:25:04","guid":{"rendered":"https:\/\/www.elsinodaldetamaulipas.com.mx\/?p=207791"},"modified":"2025-07-13T22:25:04","modified_gmt":"2025-07-14T02:25:04","slug":"vinculan-a-proceso-a-senalado-por-extorsion","status":"publish","type":"post","link":"https:\/\/www.elsinodaldetamaulipas.com.mx\/?p=207791","title":{"rendered":"VINCULAN A PROCESO A SE\u00d1ALADO POR EXTORSI\u00d3N"},"content":{"rendered":"<p>EL SINODAL DE TAMAULIPAS<\/p>\n<p>Ciudad Victoria, Tamaulipas. \u2013 La Fiscal\u00eda General de Justicia del Estado de Tamaulipas informa que el Agente del Ministerio P\u00fablico, adscrito a la Unidad Especializada en Combate al Secuestro (UECS), realiz\u00f3 las acciones jur\u00eddicas necesarias para que fuera dictada vinculaci\u00f3n a proceso en contra de Heli Liborio \u201cM\u201d, por el delito de Extorsi\u00f3n Agravada.<\/p>\n<p>Un Juez de Control emiti\u00f3 la resoluci\u00f3n luego de que el Representante Social presentara datos de prueba contundentes que acreditaron la probable participaci\u00f3n del imputado en el citado delito, ocurrido el pasado 2 de julio de 2025, en el municipio de Reynosa.<\/p>\n<p>Asimismo, se concedi\u00f3 un plazo de cuatro meses para la investigaci\u00f3n complementaria y se impuso la medida cautelar de prisi\u00f3n preventiva oficiosa, por el tiempo que dure el proceso.<\/p>\n<p>Con este tipo de acciones, la Fiscal\u00eda General de Justicia del Estado de Tamaulipas refrenda su compromiso de utilizar los medios jur\u00eddicos a su alcance para llevar ante la justicia a todos aquellos que atenten contra el patrimonio, la libertad y la integridad de los tamaulipecos.<\/p>\n","protected":false},"excerpt":{"rendered":"<p>EL SINODAL DE TAMAULIPAS Ciudad Victoria, Tamaulipas. \u2013 La Fiscal\u00eda General de Justicia del Estado de Tamaulipas informa que el Agente del Ministerio P\u00fablico, adscrito a la Unidad Especializada en Combate al Secuestro (UECS), realiz\u00f3 las acciones jur\u00eddicas necesarias para que fuera dictada vinculaci\u00f3n a proceso en contra de Heli Liborio \u201cM\u201d, por el delito [&hellip;]<\/p>\n","protected":false},"author":1,"featured_media":207792,"comment_status":"closed","ping_status":"closed","sticky":false,"template":"","format":"standard","meta":{"footnotes":""},"categories":[25],"tags":[],"class_list":["post-207791","post","type-post","status-publish","format-standard","has-post-thumbnail","hentry","category-leyyorden"],"_links":{"self":[{"href":"https:\/\/www.elsinodaldetamaulipas.com.mx\/index.php?rest_route=\/wp\/v2\/posts\/207791","targetHints":{"allow":["GET"]}}],"collection":[{"href":"https:\/\/www.elsinodaldetamaulipas.com.mx\/index.php?rest_route=\/wp\/v2\/posts"}],"about":[{"href":"https:\/\/www.elsinodaldetamaulipas.com.mx\/index.php?rest_route=\/wp\/v2\/types\/post"}],"author":[{"embeddable":true,"href":"https:\/\/www.elsinodaldetamaulipas.com.mx\/index.php?rest_route=\/wp\/v2\/users\/1"}],"replies":[{"embeddable":true,"href":"https:\/\/www.elsinodaldetamaulipas.com.mx\/index.php?rest_route=%2Fwp%2Fv2%2Fcomments&post=207791"}],"version-history":[{"count":1,"href":"https:\/\/www.elsinodaldetamaulipas.com.mx\/index.php?rest_route=\/wp\/v2\/posts\/207791\/revisions"}],"predecessor-version":[{"id":207793,"href":"https:\/\/www.elsinodaldetamaulipas.com.mx\/index.php?rest_route=\/wp\/v2\/posts\/207791\/revisions\/207793"}],"wp:featuredmedia":[{"embeddable":true,"href":"https:\/\/www.elsinodaldetamaulipas.com.mx\/index.php?rest_route=\/wp\/v2\/media\/207792"}],"wp:attachment":[{"href":"https:\/\/www.elsinodaldetamaulipas.com.mx\/index.php?rest_route=%2Fwp%2Fv2%2Fmedia&parent=207791"}],"wp:term":[{"taxonomy":"category","embeddable":true,"href":"https:\/\/www.elsinodaldetamaulipas.com.mx\/index.php?rest_route=%2Fwp%2Fv2%2Fcategories&post=207791"},{"taxonomy":"post_tag","embeddable":true,"href":"https:\/\/www.elsinodaldetamaulipas.com.mx\/index.php?rest_route=%2Fwp%2Fv2%2Ftags&post=207791"}],"curies":[{"name":"wp","href":"https:\/\/api.w.org\/{rel}","templated":true}]}}