{"id":207794,"date":"2025-07-13T22:27:58","date_gmt":"2025-07-14T02:27:58","guid":{"rendered":"https:\/\/www.elsinodaldetamaulipas.com.mx\/?p=207794"},"modified":"2025-07-13T22:33:25","modified_gmt":"2025-07-14T02:33:25","slug":"45-anos-de-presidio-a-violador-de-menor","status":"publish","type":"post","link":"https:\/\/www.elsinodaldetamaulipas.com.mx\/?p=207794","title":{"rendered":"45 A\u00d1OS DE PRESIDIO A VIOLADOR DE MENOR"},"content":{"rendered":"<p><em>EL SINODAL DE TAMAULIPAS<\/em><\/p>\n<p>Matamoros, Tamaulipas.\u2013 La Fiscal\u00eda General de Justicia del Estado de Tamaulipas informa que el Agente del Ministerio P\u00fablico obtuvo sentencia condenatoria de 45 a\u00f1os de prisi\u00f3n contra Homero \u201cG\u201d, por el delito de Violaci\u00f3n Agravada, en perjuicio de una persona menor de edad.<\/p>\n<p>Un Tribunal de Juicio Oral emiti\u00f3 la condena tras valorar las pruebas presentadas por el Representante Social, las cuales acreditaron la responsabilidad del hoy sentenciado en los hechos ocurridos los d\u00edas 9 y 10 de agosto de 2021, en un domicilio ubicado en luna colonia al sureste de este municipio.<\/p>\n<p>Asimismo, el Juez impuso la suspensi\u00f3n de derechos civiles y pol\u00edticos, la amonestaci\u00f3n al sentenciado, as\u00ed como la reparaci\u00f3n del da\u00f1o de manera gen\u00e9rica e integral a favor de la v\u00edctima.<\/p>\n<p>La Fiscal\u00eda General de Justicia del Estado de Tamaulipas refrenda su compromiso de procurar justicia para las v\u00edctimas de delitos que vulneran su libertad e integridad, especialmente cuando se trata de agresiones sexuales en contra de ni\u00f1as, ni\u00f1os y adolescentes.<\/p>\n","protected":false},"excerpt":{"rendered":"<p>EL SINODAL DE TAMAULIPAS Matamoros, Tamaulipas.\u2013 La Fiscal\u00eda General de Justicia del Estado de Tamaulipas informa que el Agente del Ministerio P\u00fablico obtuvo sentencia condenatoria de 45 a\u00f1os de prisi\u00f3n contra Homero \u201cG\u201d, por el delito de Violaci\u00f3n Agravada, en perjuicio de una persona menor de edad. Un Tribunal de Juicio Oral emiti\u00f3 la condena [&hellip;]<\/p>\n","protected":false},"author":1,"featured_media":207795,"comment_status":"closed","ping_status":"closed","sticky":false,"template":"","format":"standard","meta":{"footnotes":""},"categories":[25],"tags":[],"class_list":["post-207794","post","type-post","status-publish","format-standard","has-post-thumbnail","hentry","category-leyyorden"],"_links":{"self":[{"href":"https:\/\/www.elsinodaldetamaulipas.com.mx\/index.php?rest_route=\/wp\/v2\/posts\/207794","targetHints":{"allow":["GET"]}}],"collection":[{"href":"https:\/\/www.elsinodaldetamaulipas.com.mx\/index.php?rest_route=\/wp\/v2\/posts"}],"about":[{"href":"https:\/\/www.elsinodaldetamaulipas.com.mx\/index.php?rest_route=\/wp\/v2\/types\/post"}],"author":[{"embeddable":true,"href":"https:\/\/www.elsinodaldetamaulipas.com.mx\/index.php?rest_route=\/wp\/v2\/users\/1"}],"replies":[{"embeddable":true,"href":"https:\/\/www.elsinodaldetamaulipas.com.mx\/index.php?rest_route=%2Fwp%2Fv2%2Fcomments&post=207794"}],"version-history":[{"count":1,"href":"https:\/\/www.elsinodaldetamaulipas.com.mx\/index.php?rest_route=\/wp\/v2\/posts\/207794\/revisions"}],"predecessor-version":[{"id":207796,"href":"https:\/\/www.elsinodaldetamaulipas.com.mx\/index.php?rest_route=\/wp\/v2\/posts\/207794\/revisions\/207796"}],"wp:featuredmedia":[{"embeddable":true,"href":"https:\/\/www.elsinodaldetamaulipas.com.mx\/index.php?rest_route=\/wp\/v2\/media\/207795"}],"wp:attachment":[{"href":"https:\/\/www.elsinodaldetamaulipas.com.mx\/index.php?rest_route=%2Fwp%2Fv2%2Fmedia&parent=207794"}],"wp:term":[{"taxonomy":"category","embeddable":true,"href":"https:\/\/www.elsinodaldetamaulipas.com.mx\/index.php?rest_route=%2Fwp%2Fv2%2Fcategories&post=207794"},{"taxonomy":"post_tag","embeddable":true,"href":"https:\/\/www.elsinodaldetamaulipas.com.mx\/index.php?rest_route=%2Fwp%2Fv2%2Ftags&post=207794"}],"curies":[{"name":"wp","href":"https:\/\/api.w.org\/{rel}","templated":true}]}}