{"id":207799,"date":"2025-07-13T22:38:38","date_gmt":"2025-07-14T02:38:38","guid":{"rendered":"https:\/\/www.elsinodaldetamaulipas.com.mx\/?p=207799"},"modified":"2025-07-13T22:38:38","modified_gmt":"2025-07-14T02:38:38","slug":"dictan-prision-preventiva-a-asesino-de-mujer","status":"publish","type":"post","link":"https:\/\/www.elsinodaldetamaulipas.com.mx\/?p=207799","title":{"rendered":"DICTAN PRISI\u00d3N PREVENTIVA A ASESINO DE MUJER"},"content":{"rendered":"<p>EL SINODAL DE TAMAULIPAS<\/p>\n<p>Reynosa, Tamaulipas.\u2013 La Fiscal\u00eda General de Justicia del Estado de Tamaulipas, a trav\u00e9s de la Fiscal\u00eda Especializada en la Investigaci\u00f3n de Delitos de Feminicidio y Homicidio Doloso de Mujeres (FEIDFHDM) obtuvo la vinculaci\u00f3n a proceso de Luis Fernando \u201cZ\u201d por el delito de Feminicidio en grado de tentativa.<\/p>\n<p>Un Juez de Control emiti\u00f3 su resoluci\u00f3n despu\u00e9s de que el Agente del Ministerio P\u00fablico present\u00f3 datos de prueba que acreditaron la probable participaci\u00f3n del imputado en los hechos ocurridos el 15 de septiembre de 2024, en la colonia Buenavista de este municipio.<\/p>\n<p>El Juzgador estableci\u00f3 Prisi\u00f3n Preventiva Oficiosa como medida cautelar y decret\u00f3 un plazo de tres meses para la investigaci\u00f3n complementaria.<\/p>\n<p>Con acciones como esta, la Fiscal\u00eda General de Justicia del Estado de Tamaulipas reafirma su compromiso de no dejar impunes los delitos que atentan contra la vida y seguridad de las mujeres tamaulipecas.<\/p>\n<p>&#8212;-<\/p>\n","protected":false},"excerpt":{"rendered":"<p>EL SINODAL DE TAMAULIPAS Reynosa, Tamaulipas.\u2013 La Fiscal\u00eda General de Justicia del Estado de Tamaulipas, a trav\u00e9s de la Fiscal\u00eda Especializada en la Investigaci\u00f3n de Delitos de Feminicidio y Homicidio Doloso de Mujeres (FEIDFHDM) obtuvo la vinculaci\u00f3n a proceso de Luis Fernando \u201cZ\u201d por el delito de Feminicidio en grado de tentativa. Un Juez de [&hellip;]<\/p>\n","protected":false},"author":1,"featured_media":207800,"comment_status":"closed","ping_status":"closed","sticky":false,"template":"","format":"standard","meta":{"footnotes":""},"categories":[25],"tags":[],"class_list":["post-207799","post","type-post","status-publish","format-standard","has-post-thumbnail","hentry","category-leyyorden"],"_links":{"self":[{"href":"https:\/\/www.elsinodaldetamaulipas.com.mx\/index.php?rest_route=\/wp\/v2\/posts\/207799","targetHints":{"allow":["GET"]}}],"collection":[{"href":"https:\/\/www.elsinodaldetamaulipas.com.mx\/index.php?rest_route=\/wp\/v2\/posts"}],"about":[{"href":"https:\/\/www.elsinodaldetamaulipas.com.mx\/index.php?rest_route=\/wp\/v2\/types\/post"}],"author":[{"embeddable":true,"href":"https:\/\/www.elsinodaldetamaulipas.com.mx\/index.php?rest_route=\/wp\/v2\/users\/1"}],"replies":[{"embeddable":true,"href":"https:\/\/www.elsinodaldetamaulipas.com.mx\/index.php?rest_route=%2Fwp%2Fv2%2Fcomments&post=207799"}],"version-history":[{"count":1,"href":"https:\/\/www.elsinodaldetamaulipas.com.mx\/index.php?rest_route=\/wp\/v2\/posts\/207799\/revisions"}],"predecessor-version":[{"id":207801,"href":"https:\/\/www.elsinodaldetamaulipas.com.mx\/index.php?rest_route=\/wp\/v2\/posts\/207799\/revisions\/207801"}],"wp:featuredmedia":[{"embeddable":true,"href":"https:\/\/www.elsinodaldetamaulipas.com.mx\/index.php?rest_route=\/wp\/v2\/media\/207800"}],"wp:attachment":[{"href":"https:\/\/www.elsinodaldetamaulipas.com.mx\/index.php?rest_route=%2Fwp%2Fv2%2Fmedia&parent=207799"}],"wp:term":[{"taxonomy":"category","embeddable":true,"href":"https:\/\/www.elsinodaldetamaulipas.com.mx\/index.php?rest_route=%2Fwp%2Fv2%2Fcategories&post=207799"},{"taxonomy":"post_tag","embeddable":true,"href":"https:\/\/www.elsinodaldetamaulipas.com.mx\/index.php?rest_route=%2Fwp%2Fv2%2Ftags&post=207799"}],"curies":[{"name":"wp","href":"https:\/\/api.w.org\/{rel}","templated":true}]}}