{"id":207803,"date":"2025-07-13T22:53:02","date_gmt":"2025-07-14T02:53:02","guid":{"rendered":"https:\/\/www.elsinodaldetamaulipas.com.mx\/?p=207803"},"modified":"2025-07-13T22:57:17","modified_gmt":"2025-07-14T02:57:17","slug":"bien-hundidos-presuntos-asesinos-de-cinco-musicos","status":"publish","type":"post","link":"https:\/\/www.elsinodaldetamaulipas.com.mx\/?p=207803","title":{"rendered":"PRISI\u00d3N PREVENTIVA A SUPUESTOS HOMICIDAS DE LOS M\u00daSICOS"},"content":{"rendered":"<p><em>EL SINODAL DE TAMAULIPAS<\/em><\/p>\n<p>Reynosa, Tamaulipas.-\u00a0 La Fiscal\u00eda General de Justicia del Estado de Tamaulipas informa que, el Agente del Ministerio P\u00fablico, adscrito a la Fiscal\u00eda Especializada en la Investigaci\u00f3n de los Delitos de Desaparici\u00f3n Forzada de Personas, obtuvo la vinculaci\u00f3n a proceso Jos\u00e9 Govany \u201cI\u201d, alias \u201cG\u00fcero Nice\u201d y\/o \u201cG\u00fcero Nike\u201d y\/o \u201cGordo\u201d; Mario \u201cL\u201d, alias \u201cEl Chuco\u201d y\u00a0 Francisco Javier \u201cL\u201d, alias \u201cEl Panchito\u201d por el Delito de Desaparici\u00f3n Cometida por Particulares.<\/p>\n<p>&nbsp;<\/p>\n<p>Un Juez de Control dict\u00f3 la medida, luego de que el Representante Social presentara elementos que implican a los acusados en el citado delito, registrado el pasado 25 de mayo en la colonia Riveras de Rancho Grande de este municipio, donde privaron de la libertad y posteriormente de la vida a 5 integrantes de un grupo musical.<\/p>\n<p>&nbsp;<\/p>\n<p>Los acusados permanecer\u00e1n en prisi\u00f3n preventiva por el tiempo que dure el proceso, seg\u00fan lo estableci\u00f3 la autoridad judicial, quien tambi\u00e9n decret\u00f3 seis meses de plazo para el cierre de la investigaci\u00f3n judicial.<\/p>\n<p>&nbsp;<\/p>\n<p>Con este tipo de acciones, la Fiscal\u00eda General de Justicia del Estado de Tamaulipas refrenda su compromiso de no dejar impunes los delitos que atentan contra la libertad y la vida de las y los tamaulipecos.<\/p>\n","protected":false},"excerpt":{"rendered":"<p>EL SINODAL DE TAMAULIPAS Reynosa, Tamaulipas.-\u00a0 La Fiscal\u00eda General de Justicia del Estado de Tamaulipas informa que, el Agente del Ministerio P\u00fablico, adscrito a la Fiscal\u00eda Especializada en la Investigaci\u00f3n de los Delitos de Desaparici\u00f3n Forzada de Personas, obtuvo la vinculaci\u00f3n a proceso Jos\u00e9 Govany \u201cI\u201d, alias \u201cG\u00fcero Nice\u201d y\/o \u201cG\u00fcero Nike\u201d y\/o \u201cGordo\u201d; Mario [&hellip;]<\/p>\n","protected":false},"author":1,"featured_media":207804,"comment_status":"closed","ping_status":"closed","sticky":false,"template":"","format":"standard","meta":{"footnotes":""},"categories":[25,1],"tags":[],"class_list":["post-207803","post","type-post","status-publish","format-standard","has-post-thumbnail","hentry","category-leyyorden","category-portada"],"_links":{"self":[{"href":"https:\/\/www.elsinodaldetamaulipas.com.mx\/index.php?rest_route=\/wp\/v2\/posts\/207803","targetHints":{"allow":["GET"]}}],"collection":[{"href":"https:\/\/www.elsinodaldetamaulipas.com.mx\/index.php?rest_route=\/wp\/v2\/posts"}],"about":[{"href":"https:\/\/www.elsinodaldetamaulipas.com.mx\/index.php?rest_route=\/wp\/v2\/types\/post"}],"author":[{"embeddable":true,"href":"https:\/\/www.elsinodaldetamaulipas.com.mx\/index.php?rest_route=\/wp\/v2\/users\/1"}],"replies":[{"embeddable":true,"href":"https:\/\/www.elsinodaldetamaulipas.com.mx\/index.php?rest_route=%2Fwp%2Fv2%2Fcomments&post=207803"}],"version-history":[{"count":3,"href":"https:\/\/www.elsinodaldetamaulipas.com.mx\/index.php?rest_route=\/wp\/v2\/posts\/207803\/revisions"}],"predecessor-version":[{"id":207807,"href":"https:\/\/www.elsinodaldetamaulipas.com.mx\/index.php?rest_route=\/wp\/v2\/posts\/207803\/revisions\/207807"}],"wp:featuredmedia":[{"embeddable":true,"href":"https:\/\/www.elsinodaldetamaulipas.com.mx\/index.php?rest_route=\/wp\/v2\/media\/207804"}],"wp:attachment":[{"href":"https:\/\/www.elsinodaldetamaulipas.com.mx\/index.php?rest_route=%2Fwp%2Fv2%2Fmedia&parent=207803"}],"wp:term":[{"taxonomy":"category","embeddable":true,"href":"https:\/\/www.elsinodaldetamaulipas.com.mx\/index.php?rest_route=%2Fwp%2Fv2%2Fcategories&post=207803"},{"taxonomy":"post_tag","embeddable":true,"href":"https:\/\/www.elsinodaldetamaulipas.com.mx\/index.php?rest_route=%2Fwp%2Fv2%2Ftags&post=207803"}],"curies":[{"name":"wp","href":"https:\/\/api.w.org\/{rel}","templated":true}]}}