{"id":207835,"date":"2025-07-14T18:08:26","date_gmt":"2025-07-14T22:08:26","guid":{"rendered":"https:\/\/www.elsinodaldetamaulipas.com.mx\/?p=207835"},"modified":"2025-07-14T18:08:26","modified_gmt":"2025-07-14T22:08:26","slug":"de-fenix-patos-y-marranos","status":"publish","type":"post","link":"https:\/\/www.elsinodaldetamaulipas.com.mx\/?p=207835","title":{"rendered":"DE F\u00c9NIX, PATOS Y MARRANOS"},"content":{"rendered":"<div class=\"post-content\">\n<p>LOS HECHOS<br \/>\nPOR Jos\u00e9 In\u00e9s Figueroa Vitela<\/p>\n<p>&nbsp;<\/p>\n<p>Reza la mitolog\u00eda universal que el Ave F\u00e9nix hubo de morir y consumirse en fuego,<br \/>\npara renacer, con renovado poder\u00edo, de sus cenizas.<br \/>\nNo necesariamente tiene que pasar as\u00ed, si nos atenemos al otro adagio que alude a<br \/>\nlas aves blancas, que cruzan el pantano, sin manchar su n\u00edveo plumaje.<br \/>\nTodo ello, tampoco tiene que ver con aquellos patos, que en el mundo del rev\u00e9s, al<br \/>\nque algunas pr\u00f3ceres han aludido recientemente, gustan de practicar el tiro de<br \/>\nescopeta.<br \/>\n\u201cMarranos y trompudos\u201d, les llaman en el pueblo.<br \/>\nEl pavor cerval, que a los delincuentes de cuello azul les provoca el inminente<br \/>\narribo de TANIA CONTRERAS L\u00d3PEZ a la Presidencia del Supremo Tribunal de<br \/>\nJusticia del Estado, s\u00f3lo se entiende en el tama\u00f1o de los delitos por ellos cometidos.<br \/>\nLos chorros de dineros mal habidos, fluyendo hacia medios y cajas de resonancia<br \/>\nde corta moral y verg\u00fcenza, explican la desesperaci\u00f3n por librarse de tal amenaza, al<br \/>\ntiempo que extienden la confianza hacia el colectivo, de que pronto se har\u00e1 justicia,<br \/>\npor sobre de aquellos desvar\u00edos.<br \/>\nLa l\u00f3gica as\u00ed lo anuncia.<br \/>\nTampoco har\u00eda falta explicar los alcances de las recientes reformas jur\u00eddicas, en<br \/>\ntorno al andamiaje institucional asociado a la honestidad p\u00fablica, la transparencia y la<br \/>\nrendici\u00f3n de cuentas, si nos di\u00e9ramos tiempo de leer el contenido de iniciativas,<br \/>\ndict\u00e1menes y decretos.<br \/>\nS\u00ed, hubo medios que titularon la informaci\u00f3n con un sentido distinto a lo que ella<br \/>\nconten\u00eda y otros que, sin \u201cperder el tiempo\u201d en leer lo que hab\u00edas detr\u00e1s de los<br \/>\nencabezados, de ah\u00ed se desprendieron para justificar hechos equivocados.<br \/>\nLa desaparici\u00f3n del Instituto de Transparencia y Acceso a la Informaci\u00f3n de<br \/>\nTamaulipas, ITAIT, se decidi\u00f3 con la reforma federal que dio paso a la extinci\u00f3n del<br \/>\nINAI, confirmada en la reforma constitucional de Tamaulipas publicada el 13 de<br \/>\nmayo del a\u00f1o en curso,<br \/>\nVino a consumarse con la entrada en vigor de la nueva Ley de Transparencia y<br \/>\nAcceso a la Informaci\u00f3n P\u00fablica, el reciente 10 de julio, cuando tambi\u00e9n se hicieron<\/p>\n<p>efectivas otras disposiciones jur\u00eddicas que ata\u00f1en a otros organismos p\u00fablicos<br \/>\ndescentralizados de la administraci\u00f3n p\u00fablica estatal.<br \/>\nLos mismos que refieren que en lo sucesivo, el titular sectorial de tales entes,<br \/>\ndecidir\u00e1 el rango de los titulares de los mismos, entre Directores Generales, o<br \/>\nDirectores de \u00c1rea, dependiendo de los niveles de responsabilidades y disposiciones<br \/>\npresupuestarias.<br \/>\nCero que ver con la desaparici\u00f3n de otros institutos u Orgaismos P\u00fablics<br \/>\nDescentralizados de la Administraci\u00f3n P\u00fablica estatal.<br \/>\nLa iniciativa lo mencion\u00f3; el dict\u00e1men lo confirm\u00f3 y tras el debate, el decreto lo<br \/>\nexhibi\u00f3, hasta llegar al perio\u00f3dico oficial del estado que en tiempo y forma lo public\u00f3:<br \/>\nPrimero: la Direcci\u00f3n General o Direcci\u00f3n, tiene a su cargo la administraci\u00f3n de la<br \/>\nentidad paraestatal;<br \/>\nSegundo: la persona titular de la secretar\u00eda que tenga la coordinaci\u00f3n del sector,<br \/>\nprevio acuerdo con la persona titular del Ejecutivo, determinar\u00e1 el nivel jer\u00e1rquico<br \/>\ncon el que contar\u00e1 la persona titular de la entidad paraestatal, en funci\u00f3n del<br \/>\npresupuesto asignado, las responsabilidades conferidas, volumen de trabajo y el<br \/>\nn\u00famero de personas servidoras p\u00fablicas adscritas.<br \/>\n\u00bfAlguna duda?<br \/>\nTampoco es cierto que el Fiscal General IRVING BARRIOS M\u00d3JICA y dem\u00e1s<br \/>\nincrustados en el Poder Judicial, por el exgobernador pr\u00f3fugo, hayan actuado<br \/>\nexpresamente a su servicio, ejecutando la venganza de \u201cmanito\u201d, ISMAEL, por los<br \/>\ndineros p\u00fablicos que le neg\u00f3 a \u00e9l y a su querida aliada del pueblo, el exalcalde.<br \/>\nENRIQUE RIVAS CU\u00c9LLAR, ciertamente, empez\u00f3 a investigarse en el pasado<br \/>\nsexenio, pero los delitos de que ha sido acusado parecen tener sustento y ser\u00e1n las<br \/>\nautoridades ministeriales las que resolver\u00e1n lo que en derecho proceda.<br \/>\nLa mayor\u00eda de los jueces y ministros cabecistas que aun cobran y despachan en el<br \/>\nPoder Judicial de Tamaulipas, para cuando se resuelva en definitiva el caso, ya estar\u00e1n<br \/>\nenfrentando sus propios demonios.<br \/>\nAl menos eso es lo que esperan todos los tamaulipecos\u2026\u00a0 Y yo con ellos.<br \/>\nLas aves F\u00e9nix, los patos, los marranos y trompudos, ser\u00e1n por entonces, conocidos<br \/>\ny reconocidos, puestos en el lugar que les corresponde, frente a la opini\u00f3n p\u00fablica y<br \/>\nen el nicho correcto de la historia.<br \/>\nVeremos y diremos.<\/p>\n<\/div>\n","protected":false},"excerpt":{"rendered":"<p>LOS HECHOS POR Jos\u00e9 In\u00e9s Figueroa Vitela &nbsp; Reza la mitolog\u00eda universal que el Ave F\u00e9nix hubo de morir y consumirse en fuego, para renacer, con renovado poder\u00edo, de sus cenizas. No necesariamente tiene que pasar as\u00ed, si nos atenemos al otro adagio que alude a las aves blancas, que cruzan el pantano, sin manchar [&hellip;]<\/p>\n","protected":false},"author":1,"featured_media":207836,"comment_status":"closed","ping_status":"closed","sticky":false,"template":"","format":"standard","meta":{"footnotes":""},"categories":[16],"tags":[],"class_list":["post-207835","post","type-post","status-publish","format-standard","has-post-thumbnail","hentry","category-opinion"],"_links":{"self":[{"href":"https:\/\/www.elsinodaldetamaulipas.com.mx\/index.php?rest_route=\/wp\/v2\/posts\/207835","targetHints":{"allow":["GET"]}}],"collection":[{"href":"https:\/\/www.elsinodaldetamaulipas.com.mx\/index.php?rest_route=\/wp\/v2\/posts"}],"about":[{"href":"https:\/\/www.elsinodaldetamaulipas.com.mx\/index.php?rest_route=\/wp\/v2\/types\/post"}],"author":[{"embeddable":true,"href":"https:\/\/www.elsinodaldetamaulipas.com.mx\/index.php?rest_route=\/wp\/v2\/users\/1"}],"replies":[{"embeddable":true,"href":"https:\/\/www.elsinodaldetamaulipas.com.mx\/index.php?rest_route=%2Fwp%2Fv2%2Fcomments&post=207835"}],"version-history":[{"count":1,"href":"https:\/\/www.elsinodaldetamaulipas.com.mx\/index.php?rest_route=\/wp\/v2\/posts\/207835\/revisions"}],"predecessor-version":[{"id":207837,"href":"https:\/\/www.elsinodaldetamaulipas.com.mx\/index.php?rest_route=\/wp\/v2\/posts\/207835\/revisions\/207837"}],"wp:featuredmedia":[{"embeddable":true,"href":"https:\/\/www.elsinodaldetamaulipas.com.mx\/index.php?rest_route=\/wp\/v2\/media\/207836"}],"wp:attachment":[{"href":"https:\/\/www.elsinodaldetamaulipas.com.mx\/index.php?rest_route=%2Fwp%2Fv2%2Fmedia&parent=207835"}],"wp:term":[{"taxonomy":"category","embeddable":true,"href":"https:\/\/www.elsinodaldetamaulipas.com.mx\/index.php?rest_route=%2Fwp%2Fv2%2Fcategories&post=207835"},{"taxonomy":"post_tag","embeddable":true,"href":"https:\/\/www.elsinodaldetamaulipas.com.mx\/index.php?rest_route=%2Fwp%2Fv2%2Ftags&post=207835"}],"curies":[{"name":"wp","href":"https:\/\/api.w.org\/{rel}","templated":true}]}}