{"id":207839,"date":"2025-07-14T18:33:42","date_gmt":"2025-07-14T22:33:42","guid":{"rendered":"https:\/\/www.elsinodaldetamaulipas.com.mx\/?p=207839"},"modified":"2025-07-14T18:33:42","modified_gmt":"2025-07-14T22:33:42","slug":"carmen-linea-de-proyeccion-internacional","status":"publish","type":"post","link":"https:\/\/www.elsinodaldetamaulipas.com.mx\/?p=207839","title":{"rendered":"CARMEN LINEA DE PROYECCI\u00d3N INTERNACIONAL"},"content":{"rendered":"<div class=\"post-content\">\nEl evidente crecimiento pol\u00edtico de la alcaldesa de Nuevo Laredo Carmen Lilia Canturosas, se da como una suma de factores internos y externos. En el contexto tamaulipeco y nacional, se le considera \u00a0ya como una carta de primer orden, como eficaz operadora de pol\u00edticas p\u00fablicas con rostro humano.<\/p>\n<p>Su lealtad a los factores del poder estatal y federal, es incuestionable. Pero CLCR a\u00f1ade un plus, y nos referimos a su calidad de embajadora de una buena imagen, \u00a0en el \u00e1mbito internacional, especialmente \u00a0ante Estados Unidos. \u00a0Esto \u00faltimo abona mucho a la narrativa del gobernador AVA y de la jefa suprema\u00a0 Claudia Sheinbaum, cuando se habla de una postura limpia, \u00a0digna y firme ante el extranjero.<\/p>\n<p>En materia de an\u00e1lisis, los gobiernos municipales \u00a0fronterizos, lo mismo pueden sumarle que restarle puntos a los liderazgos supremos de la 4T. \u00a0\u00bfPor qu\u00e9? Bueno esto se debe a que si la conducta de los ediles no es la m\u00e1s\u00a0\u00a0 adecuada, ello mueve el tapete, especialmente ahora, cuando tenemos \u00a0como vecina internacional a una administraci\u00f3n como la de Trump, muy vigilante de temas sensibles, entre ellos el de la seguridad.<\/p>\n<p>En el caso espec\u00edfico de la \u00a0neolaredense Carmen Lilia, ha resultado ser una de\u00a0 las \u00a0alcaldesas m\u00e1s reconocidas y acreditadas ante organismos\u00a0 p\u00fablicos y privados \u00a0de car\u00e1cter internacional. \u00bfEventos que as\u00ed lo revelan? \u00a0A continuaci\u00f3n los enumeramos:<\/p>\n<p>Recientemente particip\u00f3 en el Foro \u201cFitch en M\u00e9xico\u201d, donde fue seleccionada por los altos mandos del power estatal y federal, para ser la voz de nuestro pa\u00eds, en una agenda \u00a0cuyo \u00a0portafolio habl\u00f3 de competitividad y desaf\u00edos globales. Temas ganadores, sin duda alguna. Y donde solo se les da la estafeta a \u00a0personalidades vanguardistas en materia de transparencia y desarrollo econ\u00f3mico.<\/p>\n<p>Es en estos espacios de car\u00e1cter internacional, donde el Estado mexicano, promueve su esencia y sus fortalezas hacia el futuro. De ah\u00ed \u00a0la calidad de \u00a0observar y evaluar quienes participan en ellas, como representantes de nuestro pa\u00eds. Carmen Lilia estuvo ah\u00ed, y su aportaci\u00f3n fue muy exitosa.<\/p>\n<p>Otro de los espacios de trascendencia internacional, donde particip\u00f3 la alcaldesa, es el foro \u201cMas all\u00e1\u00a0 de las Fronteras\u201d,\u00a0 orientado a robustecer la relaci\u00f3n binacional M\u00e9xico-Estados Unidos. Y en este aspecto, solo podemos enviar a esos encuentros, a gente con una alta calidad pol\u00edtica y moral. CLCR hizo tambi\u00e9n aqu\u00ed un muy buen papel, honrando la confianza de la Presidenta Sheinbaum y del doctor Am\u00e9rico Villarreal Anaya.<\/p>\n<p>En marzo del 2022, Carmen Lilia \u00a0acudi\u00f3 \u00a0como representante del gobierno mexicano, tamaulipeco y \u00a0neolaredense a la ciudad de Medell\u00edn Colombia, un espacio deliberativo impulsado por la Organizaci\u00f3n de las Naciones Unidas, en materia de h\u00e1bitat. \u00a0Ah\u00ed present\u00f3 el tema:\u00a0 \u201cLa \u00a0Acci\u00f3n Metropolitana \u00a0en la Territorializaci\u00f3n de los Objetivos de Desarrollo Sostenible\u201d.<\/p>\n<p>Otro espacio internacional donde aport\u00f3 sus planteamientos, fue en el NADBank,s\u00a0 U.S M\u00e9xico Border\u00a0 Enviromental Forum XXVI, celebrado en San Antonio Texas. Muy significativa la intervenci\u00f3n de la alcaldesa Carmen Lilia, en esta pasarela internacional.<\/p>\n<p>Hace dos a\u00f1os, Carmen Lilia estuvo presente en la Cumbre Binacional del Rio Bravo, donde a nombre del ayuntamiento neolaredense, recibi\u00f3 un reconocimiento \u00a0por su labor, a favor del rescate y preservaci\u00f3n del R\u00edo Bravo.<\/p>\n<p>Recientemente Carmen Lilia fue nombrada como \u00a0parte del Consejo\u00a0 Nacional de Ordenamiento Territorial y Desarrollo Urbano. Ah\u00ed particip\u00f3 en la reuni\u00f3n presidida por la Secretaria\u00a0 de SEDATU\u00a0 Edna Elena Vega.<\/p>\n<p>\u2014Desde Nuevo Laredo, trabajamos alineados con la transformaci\u00f3n que impulsa la Presidenta Claudia Sheinbaum Pardo y el gobernador Am\u00e9rico Villarreal, escribi\u00f3 CLCR, desde su espacio en las redes sociales, afirm\u00f3 CLCR.<\/p>\n<p>Carmen Lilia acudi\u00f3 a la reuni\u00f3n nacional, presidida por la legisladora federal Ana Laura Huerta y la\u00a0Presidenta de la comisi\u00f3n de Medio Ambiente, Karen Castrej\u00f3n Trujillo.\u00a0 \u00a0En dicho evento, \u00a0se cont\u00f3 tambi\u00e9n con el respaldo del Mayor de Laredo Texas Pete Saenz, as\u00ed como de la Consul Deana Kim.<\/p>\n<p>\u2014 Seguiremos trabajando en equipo, logrando importantes beneficios de desarrollo econ\u00f3mico\u00a0 y turismo, que se vean reflejados en ambos pa\u00edses, especialmente en la frontera de nuestros dos Laredos, se\u00f1al\u00f3\u00a0 Carmen Lilia.<\/p>\n<p>Como se puede ver, los espacios en foros de car\u00e1cter nacional e internacional donde ha estado presente la\u00a0 alcaldesa de Nuevo Laredo,\u00a0 \u00a0env\u00edan mensajes relevantes, de cara hacia un futuro con aroma de mujer. Y en el cual, indudablemente jugar\u00e1n un papel estrat\u00e9gico, la \u00a0buena fama p\u00fablica, la honestidad y la transparencia, en un estado fronterizo como Tamaulipas.<\/p>\n<p>Por ah\u00ed podr\u00edan perfilarse los acontecimientos del porvenir. Carmen Lilia est\u00e1 a la alza, como una leal operadora del humanismo mexicano y tamaulipeco.<\/p>\n<p>No la pierda de vista.<\/p>\n<\/div>\n","protected":false},"excerpt":{"rendered":"<p>El evidente crecimiento pol\u00edtico de la alcaldesa de Nuevo Laredo Carmen Lilia Canturosas, se da como una suma de factores internos y externos. En el contexto tamaulipeco y nacional, se le considera \u00a0ya como una carta de primer orden, como eficaz operadora de pol\u00edticas p\u00fablicas con rostro humano. Su lealtad a los factores del poder [&hellip;]<\/p>\n","protected":false},"author":1,"featured_media":207846,"comment_status":"closed","ping_status":"closed","sticky":false,"template":"","format":"standard","meta":{"footnotes":""},"categories":[16],"tags":[],"class_list":["post-207839","post","type-post","status-publish","format-standard","has-post-thumbnail","hentry","category-opinion"],"_links":{"self":[{"href":"https:\/\/www.elsinodaldetamaulipas.com.mx\/index.php?rest_route=\/wp\/v2\/posts\/207839","targetHints":{"allow":["GET"]}}],"collection":[{"href":"https:\/\/www.elsinodaldetamaulipas.com.mx\/index.php?rest_route=\/wp\/v2\/posts"}],"about":[{"href":"https:\/\/www.elsinodaldetamaulipas.com.mx\/index.php?rest_route=\/wp\/v2\/types\/post"}],"author":[{"embeddable":true,"href":"https:\/\/www.elsinodaldetamaulipas.com.mx\/index.php?rest_route=\/wp\/v2\/users\/1"}],"replies":[{"embeddable":true,"href":"https:\/\/www.elsinodaldetamaulipas.com.mx\/index.php?rest_route=%2Fwp%2Fv2%2Fcomments&post=207839"}],"version-history":[{"count":1,"href":"https:\/\/www.elsinodaldetamaulipas.com.mx\/index.php?rest_route=\/wp\/v2\/posts\/207839\/revisions"}],"predecessor-version":[{"id":207847,"href":"https:\/\/www.elsinodaldetamaulipas.com.mx\/index.php?rest_route=\/wp\/v2\/posts\/207839\/revisions\/207847"}],"wp:featuredmedia":[{"embeddable":true,"href":"https:\/\/www.elsinodaldetamaulipas.com.mx\/index.php?rest_route=\/wp\/v2\/media\/207846"}],"wp:attachment":[{"href":"https:\/\/www.elsinodaldetamaulipas.com.mx\/index.php?rest_route=%2Fwp%2Fv2%2Fmedia&parent=207839"}],"wp:term":[{"taxonomy":"category","embeddable":true,"href":"https:\/\/www.elsinodaldetamaulipas.com.mx\/index.php?rest_route=%2Fwp%2Fv2%2Fcategories&post=207839"},{"taxonomy":"post_tag","embeddable":true,"href":"https:\/\/www.elsinodaldetamaulipas.com.mx\/index.php?rest_route=%2Fwp%2Fv2%2Ftags&post=207839"}],"curies":[{"name":"wp","href":"https:\/\/api.w.org\/{rel}","templated":true}]}}