{"id":207864,"date":"2025-07-14T19:54:27","date_gmt":"2025-07-14T23:54:27","guid":{"rendered":"https:\/\/www.elsinodaldetamaulipas.com.mx\/?p=207864"},"modified":"2025-07-14T19:54:27","modified_gmt":"2025-07-14T23:54:27","slug":"tamaulipas-maximo-exportador-de-mano-de-obra-a-eu-y-canada","status":"publish","type":"post","link":"https:\/\/www.elsinodaldetamaulipas.com.mx\/?p=207864","title":{"rendered":"TAMAULIPAS M\u00c1XIMO EXPORTADOR DE MANO DE OBRA A EU Y CANAD\u00c1"},"content":{"rendered":"<p><em><strong>EL SINODAL DE TAMAULIPAS<\/strong><\/em><\/p>\n<p>Ciudad Victoria, Tamaulipas.- Un total de 406 trabajadores tamaulipecos se encuentran actualmente laborando de forma legal en el extranjero, principalmente en Canad\u00e1 y pr\u00f3ximamente en Estados Unidos, como parte del Programa de Movilidad Laboral gestionado por el Servicio Nacional del Empleo, inform\u00f3 el secretario del Trabajo y Previsi\u00f3n Social, Luis Gerardo Illoldi Reyes.<\/p>\n<p>Destac\u00f3 que la entidad avanza con firmeza en la promoci\u00f3n del talento humano local a nivel internacional, posicion\u00e1ndose como referente en el env\u00edo de mano de obra especializada, particularmente en el sector agr\u00edcola, en donde estos trabajadores desempe\u00f1an labores en el exterior bajo condiciones legales y con el acompa\u00f1amiento institucional que asegura un proceso ordenado, seguro y digno.<\/p>\n<p>El secretario se\u00f1al\u00f3 que, si bien la mayor\u00eda de los trabajadores se encuentra hoy en Canad\u00e1, se espera un incremento considerable en las contrataciones hacia Estados Unidos en los pr\u00f3ximos meses, conforme inicien las temporadas de cosecha agr\u00edcola entre septiembre y octubre.<\/p>\n<p>La estrategia de movilidad laboral se realiza en estrecha coordinaci\u00f3n con empleadores internacionales y bajo estrictos procesos legales, lo cual permite a las y los participantes cumplir con todos los requisitos migratorios como la obtenci\u00f3n de visa de trabajo y pasaporte evitando as\u00ed cualquier riesgo de deportaci\u00f3n y garantizando sus derechos laborales en el pa\u00eds receptor.<\/p>\n<p>Se\u00f1al\u00f3 que este esquema no solo responde a la alta demanda de mano de obra calificada, sino que representa una v\u00eda efectiva para que las y los tamaulipecos accedan a nuevas oportunidades de desarrollo econ\u00f3mico y personal, adem\u00e1s de generar un impacto positivo en sus comunidades al retornar con experiencia y conocimiento adquiridos.<\/p>\n<p>Por \u00faltimo refiri\u00f3 que esta pol\u00edtica de impulso al empleo internacional es parte de la visi\u00f3n humanista del Gobierno de la Transformaci\u00f3n que encabeza el gobernador Am\u00e9rico Villarreal Anaya, en donde se coloca en el centro a las y los trabajadores, promueve su bienestar y fortalece el prestigio de Tamaulipas como un estado que exporta talento y trabajo digno al mundo.<\/p>\n","protected":false},"excerpt":{"rendered":"<p>EL SINODAL DE TAMAULIPAS Ciudad Victoria, Tamaulipas.- Un total de 406 trabajadores tamaulipecos se encuentran actualmente laborando de forma legal en el extranjero, principalmente en Canad\u00e1 y pr\u00f3ximamente en Estados Unidos, como parte del Programa de Movilidad Laboral gestionado por el Servicio Nacional del Empleo, inform\u00f3 el secretario del Trabajo y Previsi\u00f3n Social, Luis Gerardo [&hellip;]<\/p>\n","protected":false},"author":1,"featured_media":207865,"comment_status":"closed","ping_status":"closed","sticky":false,"template":"","format":"standard","meta":{"footnotes":""},"categories":[3],"tags":[],"class_list":["post-207864","post","type-post","status-publish","format-standard","has-post-thumbnail","hentry","category-tamaulipas"],"_links":{"self":[{"href":"https:\/\/www.elsinodaldetamaulipas.com.mx\/index.php?rest_route=\/wp\/v2\/posts\/207864","targetHints":{"allow":["GET"]}}],"collection":[{"href":"https:\/\/www.elsinodaldetamaulipas.com.mx\/index.php?rest_route=\/wp\/v2\/posts"}],"about":[{"href":"https:\/\/www.elsinodaldetamaulipas.com.mx\/index.php?rest_route=\/wp\/v2\/types\/post"}],"author":[{"embeddable":true,"href":"https:\/\/www.elsinodaldetamaulipas.com.mx\/index.php?rest_route=\/wp\/v2\/users\/1"}],"replies":[{"embeddable":true,"href":"https:\/\/www.elsinodaldetamaulipas.com.mx\/index.php?rest_route=%2Fwp%2Fv2%2Fcomments&post=207864"}],"version-history":[{"count":1,"href":"https:\/\/www.elsinodaldetamaulipas.com.mx\/index.php?rest_route=\/wp\/v2\/posts\/207864\/revisions"}],"predecessor-version":[{"id":207866,"href":"https:\/\/www.elsinodaldetamaulipas.com.mx\/index.php?rest_route=\/wp\/v2\/posts\/207864\/revisions\/207866"}],"wp:featuredmedia":[{"embeddable":true,"href":"https:\/\/www.elsinodaldetamaulipas.com.mx\/index.php?rest_route=\/wp\/v2\/media\/207865"}],"wp:attachment":[{"href":"https:\/\/www.elsinodaldetamaulipas.com.mx\/index.php?rest_route=%2Fwp%2Fv2%2Fmedia&parent=207864"}],"wp:term":[{"taxonomy":"category","embeddable":true,"href":"https:\/\/www.elsinodaldetamaulipas.com.mx\/index.php?rest_route=%2Fwp%2Fv2%2Fcategories&post=207864"},{"taxonomy":"post_tag","embeddable":true,"href":"https:\/\/www.elsinodaldetamaulipas.com.mx\/index.php?rest_route=%2Fwp%2Fv2%2Ftags&post=207864"}],"curies":[{"name":"wp","href":"https:\/\/api.w.org\/{rel}","templated":true}]}}