{"id":207867,"date":"2025-07-14T20:03:49","date_gmt":"2025-07-15T00:03:49","guid":{"rendered":"https:\/\/www.elsinodaldetamaulipas.com.mx\/?p=207867"},"modified":"2025-07-14T20:03:49","modified_gmt":"2025-07-15T00:03:49","slug":"enfrentan-juicio-hermanos-que-mataron-a-padrastro","status":"publish","type":"post","link":"https:\/\/www.elsinodaldetamaulipas.com.mx\/?p=207867","title":{"rendered":"ENFRENTAN JUICIO HERMANOS QUE MATARON A PADRASTRO"},"content":{"rendered":"<p>EL SINODAL DE TAMAULIPAS<\/p>\n<p>Pharr, Texas. \u2013 Si las autoridades no cambian de opini\u00f3n, los hermanos Christian y Alejandro Trevi\u00f1o, acusados de matar a su padrastro y abandonar su cuerpo en un campo de McAllen, enfrentar\u00e1n juicio con jurado el pr\u00f3ximo 27 de octubre, luego de m\u00faltiples aplazamientos previos.<\/p>\n<p>Los j\u00f3venes, identificados como ciudadanos mexicanos, han permanecido detenidos desde enero de 2022, fecha en la que ocurri\u00f3 el crimen. \u00a0Los registros judiciales indican que tambi\u00e9n enfrentan una retenci\u00f3n migratoria impuesta por ICE.<\/p>\n<p>Ser\u00e1 la cuarta vez que se programa una fecha para el juicio, luego de que tres intentos anteriores fueran pospuestos o cancelados.<\/p>\n<p>El coacusado Juan Eduardo Mel\u00e9ndez tambi\u00e9n ser\u00e1 juzgado ese mismo d\u00eda, seg\u00fan se inform\u00f3 durante la audiencia del pasado lunes.<\/p>\n<p>Los sangrientos hechos que se les imputan se remontan al 20 de enero de 2022, cuando el cuerpo de Gabriel Quintanilla, padrastro de los hermanos, fue localizado sin vida en un campo de McAllen, Texas.<\/p>\n<p style=\"text-align: center;\"><strong>TRES VECES LO GOLPEARON ANTES DE MATARLO<\/strong><\/p>\n<p>Revelaron indagaciones que Quintanilla habr\u00eda sido agredido en tres ocasiones distintas por el tr\u00edo, tras ser acusado por un menor de conducta sexual inapropiada.<\/p>\n<p>Agentes de la polic\u00eda de Pharr confirm\u00f3 que Quintanilla ten\u00eda una orden de arresto pendiente por abuso sexual continuo de un menor, en un caso no relacionado con los hermanos Trevi\u00f1o.<\/p>\n<p>A decir de las autoridades, la v\u00edctima sufri\u00f3 golpes severos con pu\u00f1os que le provocaron un traumatismo craneoencef\u00e1lico grave, y podr\u00eda haber estado a\u00fan con vida cuando fue abandonado en el campo.<\/p>\n<p>Los hermanos Christian Trevi\u00f1o y Mel\u00e9ndez enfrentan cargos por homicidio capital y agresi\u00f3n agravada con arma mortal, mientras que Alejandro Trevi\u00f1o fue acusado \u00fanicamente de agresi\u00f3n agravada con arma mortal.<\/p>\n<p>El caso ha generado gran atenci\u00f3n p\u00fablica en el sur de Texas y se espera que el juicio arroje m\u00e1s detalles sobre el complejo trasfondo de este cruento asesinato.<\/p>\n","protected":false},"excerpt":{"rendered":"<p>EL SINODAL DE TAMAULIPAS Pharr, Texas. \u2013 Si las autoridades no cambian de opini\u00f3n, los hermanos Christian y Alejandro Trevi\u00f1o, acusados de matar a su padrastro y abandonar su cuerpo en un campo de McAllen, enfrentar\u00e1n juicio con jurado el pr\u00f3ximo 27 de octubre, luego de m\u00faltiples aplazamientos previos. Los j\u00f3venes, identificados como ciudadanos mexicanos, [&hellip;]<\/p>\n","protected":false},"author":1,"featured_media":207868,"comment_status":"closed","ping_status":"closed","sticky":false,"template":"","format":"standard","meta":{"footnotes":""},"categories":[25,1],"tags":[],"class_list":["post-207867","post","type-post","status-publish","format-standard","has-post-thumbnail","hentry","category-leyyorden","category-portada"],"_links":{"self":[{"href":"https:\/\/www.elsinodaldetamaulipas.com.mx\/index.php?rest_route=\/wp\/v2\/posts\/207867","targetHints":{"allow":["GET"]}}],"collection":[{"href":"https:\/\/www.elsinodaldetamaulipas.com.mx\/index.php?rest_route=\/wp\/v2\/posts"}],"about":[{"href":"https:\/\/www.elsinodaldetamaulipas.com.mx\/index.php?rest_route=\/wp\/v2\/types\/post"}],"author":[{"embeddable":true,"href":"https:\/\/www.elsinodaldetamaulipas.com.mx\/index.php?rest_route=\/wp\/v2\/users\/1"}],"replies":[{"embeddable":true,"href":"https:\/\/www.elsinodaldetamaulipas.com.mx\/index.php?rest_route=%2Fwp%2Fv2%2Fcomments&post=207867"}],"version-history":[{"count":1,"href":"https:\/\/www.elsinodaldetamaulipas.com.mx\/index.php?rest_route=\/wp\/v2\/posts\/207867\/revisions"}],"predecessor-version":[{"id":207869,"href":"https:\/\/www.elsinodaldetamaulipas.com.mx\/index.php?rest_route=\/wp\/v2\/posts\/207867\/revisions\/207869"}],"wp:featuredmedia":[{"embeddable":true,"href":"https:\/\/www.elsinodaldetamaulipas.com.mx\/index.php?rest_route=\/wp\/v2\/media\/207868"}],"wp:attachment":[{"href":"https:\/\/www.elsinodaldetamaulipas.com.mx\/index.php?rest_route=%2Fwp%2Fv2%2Fmedia&parent=207867"}],"wp:term":[{"taxonomy":"category","embeddable":true,"href":"https:\/\/www.elsinodaldetamaulipas.com.mx\/index.php?rest_route=%2Fwp%2Fv2%2Fcategories&post=207867"},{"taxonomy":"post_tag","embeddable":true,"href":"https:\/\/www.elsinodaldetamaulipas.com.mx\/index.php?rest_route=%2Fwp%2Fv2%2Ftags&post=207867"}],"curies":[{"name":"wp","href":"https:\/\/api.w.org\/{rel}","templated":true}]}}