{"id":207870,"date":"2025-07-14T20:16:22","date_gmt":"2025-07-15T00:16:22","guid":{"rendered":"https:\/\/www.elsinodaldetamaulipas.com.mx\/?p=207870"},"modified":"2025-07-14T20:59:02","modified_gmt":"2025-07-15T00:59:02","slug":"tras-80-anos-cruz-roja-se-muda-a-de-domicilio","status":"publish","type":"post","link":"https:\/\/www.elsinodaldetamaulipas.com.mx\/?p=207870","title":{"rendered":"TRAS 80 A\u00d1OS CRUZ ROJA SE MUDA DE DOMICILIO"},"content":{"rendered":"<p><strong><em>EL SINODAL DE TAMAULIPAS<\/em><\/strong><\/p>\n<p>Reynosa, Tam.- La Delegaci\u00f3n de la Cruz Roja en Reynosa, ha iniciado el proyecto de construcci\u00f3n de una nueva sede de complejo m\u00e9dico, tras 80 a\u00f1os de existencia en la ciudad.<\/p>\n<p>La especie fue dada a conocer por la presidenta del Patronato de la Cruz Roja en Reynosa. Lizbeth Garc\u00eda, a\u00f1adiendo, que, en coordinaci\u00f3n con el Colegio de Arquitectos de Reynosa, se ha iniciado el proceso de estudio de proyectos art\u00edsticos de lo que ser\u00e1 la nueva delegaci\u00f3n.<\/p>\n<p>\u201cTras 80 a\u00f1os, estamos en condiciones y disposici\u00f3n de emprender el proyecto de construir un nuevo edificio de la Cruz Roja, y haremos todo el esfuerzo posible para concretar esta iniciativa que habr\u00e1 de quedar para la posteridad\u201d, -apunt\u00f3-.<\/p>\n<p>Agreg\u00f3 la fuente que el Colegio de Arquitectos de Reynosa, tiene la iniciativa de presentar propuestas de dise\u00f1o arquitect\u00f3nico de lo que ser\u00eda la nueva sede de la Cruz Roja.<\/p>\n<p>Por lo que emprender la obra urban\u00edstica, tambi\u00e9n depender\u00e1 del apoyo de la iniciativa privada y la comunidad para hacerlo posible en el futuro.<\/p>\n","protected":false},"excerpt":{"rendered":"<p>EL SINODAL DE TAMAULIPAS Reynosa, Tam.- La Delegaci\u00f3n de la Cruz Roja en Reynosa, ha iniciado el proyecto de construcci\u00f3n de una nueva sede de complejo m\u00e9dico, tras 80 a\u00f1os de existencia en la ciudad. La especie fue dada a conocer por la presidenta del Patronato de la Cruz Roja en Reynosa. Lizbeth Garc\u00eda, a\u00f1adiendo, [&hellip;]<\/p>\n","protected":false},"author":1,"featured_media":207872,"comment_status":"closed","ping_status":"closed","sticky":false,"template":"","format":"standard","meta":{"footnotes":""},"categories":[1,2],"tags":[],"class_list":["post-207870","post","type-post","status-publish","format-standard","has-post-thumbnail","hentry","category-portada","category-reynosa"],"_links":{"self":[{"href":"https:\/\/www.elsinodaldetamaulipas.com.mx\/index.php?rest_route=\/wp\/v2\/posts\/207870","targetHints":{"allow":["GET"]}}],"collection":[{"href":"https:\/\/www.elsinodaldetamaulipas.com.mx\/index.php?rest_route=\/wp\/v2\/posts"}],"about":[{"href":"https:\/\/www.elsinodaldetamaulipas.com.mx\/index.php?rest_route=\/wp\/v2\/types\/post"}],"author":[{"embeddable":true,"href":"https:\/\/www.elsinodaldetamaulipas.com.mx\/index.php?rest_route=\/wp\/v2\/users\/1"}],"replies":[{"embeddable":true,"href":"https:\/\/www.elsinodaldetamaulipas.com.mx\/index.php?rest_route=%2Fwp%2Fv2%2Fcomments&post=207870"}],"version-history":[{"count":2,"href":"https:\/\/www.elsinodaldetamaulipas.com.mx\/index.php?rest_route=\/wp\/v2\/posts\/207870\/revisions"}],"predecessor-version":[{"id":207879,"href":"https:\/\/www.elsinodaldetamaulipas.com.mx\/index.php?rest_route=\/wp\/v2\/posts\/207870\/revisions\/207879"}],"wp:featuredmedia":[{"embeddable":true,"href":"https:\/\/www.elsinodaldetamaulipas.com.mx\/index.php?rest_route=\/wp\/v2\/media\/207872"}],"wp:attachment":[{"href":"https:\/\/www.elsinodaldetamaulipas.com.mx\/index.php?rest_route=%2Fwp%2Fv2%2Fmedia&parent=207870"}],"wp:term":[{"taxonomy":"category","embeddable":true,"href":"https:\/\/www.elsinodaldetamaulipas.com.mx\/index.php?rest_route=%2Fwp%2Fv2%2Fcategories&post=207870"},{"taxonomy":"post_tag","embeddable":true,"href":"https:\/\/www.elsinodaldetamaulipas.com.mx\/index.php?rest_route=%2Fwp%2Fv2%2Ftags&post=207870"}],"curies":[{"name":"wp","href":"https:\/\/api.w.org\/{rel}","templated":true}]}}