{"id":207873,"date":"2025-07-14T20:41:19","date_gmt":"2025-07-15T00:41:19","guid":{"rendered":"https:\/\/www.elsinodaldetamaulipas.com.mx\/?p=207873"},"modified":"2025-07-14T20:41:19","modified_gmt":"2025-07-15T00:41:19","slug":"urgen-convocatoria-para-renovar-comite-agrario","status":"publish","type":"post","link":"https:\/\/www.elsinodaldetamaulipas.com.mx\/?p=207873","title":{"rendered":"URGEN CONVOCATORIA PARA RENOVAR COMIT\u00c9 AGRARIO"},"content":{"rendered":"<p>&nbsp;<\/p>\n<p>Reynosa, Tam.- Derivado de varias quejas de propios y extra\u00f1os contra el encargado del 14avo comit\u00e9 municipal agrario, un nutrido grupo de Comisariados Ejidales, est\u00e1n en contacto con la Liga de Comunidades Agrarias para que lancen la convocatoria, cu\u00e1nto antes.<\/p>\n<p>\u201cHemos batallado en encontrar a un compa\u00f1ero id\u00f3neo, pero sin nombramiento oficial, es dif\u00edcil el encargo, por ello estamos pidiendo otra vez que se emita la convocatoria para renovar al comit\u00e9\u201d, explic\u00f3 Leonel Falc\u00f3n Garza.<\/p>\n<p>Ya han pensado en quien ser\u00eda un buen prospecto, comprometido con las bases, con ejidatarios y sus familias, comisariados y comisariadas que sientan ser escuchados, atendidos y gestionen lo necesario, expuso el ex dirigente campesino, Armando Guti\u00e9rrez Serna<\/p>\n<p><img loading=\"lazy\" decoding=\"async\" class=\"aligncenter wp-image-207875 size-full\" src=\"https:\/\/www.elsinodaldetamaulipas.com.mx\/wp-content\/uploads\/2025\/07\/CAMPESINOS-1.jpeg\" alt=\"\" width=\"1600\" height=\"1067\" srcset=\"https:\/\/www.elsinodaldetamaulipas.com.mx\/wp-content\/uploads\/2025\/07\/CAMPESINOS-1.jpeg 1600w, https:\/\/www.elsinodaldetamaulipas.com.mx\/wp-content\/uploads\/2025\/07\/CAMPESINOS-1-300x200.jpeg 300w, https:\/\/www.elsinodaldetamaulipas.com.mx\/wp-content\/uploads\/2025\/07\/CAMPESINOS-1-1024x683.jpeg 1024w, https:\/\/www.elsinodaldetamaulipas.com.mx\/wp-content\/uploads\/2025\/07\/CAMPESINOS-1-768x512.jpeg 768w, https:\/\/www.elsinodaldetamaulipas.com.mx\/wp-content\/uploads\/2025\/07\/CAMPESINOS-1-1536x1024.jpeg 1536w\" sizes=\"auto, (max-width: 1600px) 100vw, 1600px\" \/><\/p>\n<p>Para apoyar a Javier Garza ya se han recaudado muchas firmas para presentarlas al l\u00edder estatal, Ra\u00fal Garc\u00eda para que, a la voz de ya, se lance la convocatoria, dijeron Armando Guti\u00e9rrez Serna y Leonel Falc\u00f3n.<\/p>\n<p>\u201cSomos muchos los que hemos pensado en una persona con experiencia en el servicio a los comisariados, de muchos a\u00f1os en esto, ya fue regidor, secretario general del 14avo as\u00ed que estamos seguros que Javier Garza Sosa, es una excelente opci\u00f3n\u201d, -expres\u00f3- el ex l\u00edder agrario.<\/p>\n<p>Otros personajes de comunidades rurales est\u00e1n de acuerdo en proponer a Javier Garza, entre ellos Abel Hern\u00e1ndez, Juan F\u00e9lix Garc\u00eda Varela, Rub\u00e9n Varela, Antonio Zepeda, Ramiro Vidales entre muchos m\u00e1s, -comentaron- Leonel Falc\u00f3n y Armando Guti\u00e9rrez.<\/p>\n<p><img loading=\"lazy\" decoding=\"async\" class=\"aligncenter wp-image-207876 size-full\" src=\"https:\/\/www.elsinodaldetamaulipas.com.mx\/wp-content\/uploads\/2025\/07\/CAMPESINOS-2.jpeg\" alt=\"\" width=\"1600\" height=\"887\" srcset=\"https:\/\/www.elsinodaldetamaulipas.com.mx\/wp-content\/uploads\/2025\/07\/CAMPESINOS-2.jpeg 1600w, https:\/\/www.elsinodaldetamaulipas.com.mx\/wp-content\/uploads\/2025\/07\/CAMPESINOS-2-300x166.jpeg 300w, https:\/\/www.elsinodaldetamaulipas.com.mx\/wp-content\/uploads\/2025\/07\/CAMPESINOS-2-1024x568.jpeg 1024w, https:\/\/www.elsinodaldetamaulipas.com.mx\/wp-content\/uploads\/2025\/07\/CAMPESINOS-2-768x426.jpeg 768w, https:\/\/www.elsinodaldetamaulipas.com.mx\/wp-content\/uploads\/2025\/07\/CAMPESINOS-2-1536x852.jpeg 1536w\" sizes=\"auto, (max-width: 1600px) 100vw, 1600px\" \/><\/p>\n<p>En el marco el marco del cumplea\u00f1os de Javier Garza Sosa, se reunieron en su ejido \u201cArt\u00edculo 27\u201d, para convivir y reiterarle el respaldo para que, llegado el momento, sea el candidato de unidad y obviamente, presidente del 14vo comit\u00e9 municipal campesino de Reynosa.<\/p>\n","protected":false},"excerpt":{"rendered":"<p>&nbsp; Reynosa, Tam.- Derivado de varias quejas de propios y extra\u00f1os contra el encargado del 14avo comit\u00e9 municipal agrario, un nutrido grupo de Comisariados Ejidales, est\u00e1n en contacto con la Liga de Comunidades Agrarias para que lancen la convocatoria, cu\u00e1nto antes. \u201cHemos batallado en encontrar a un compa\u00f1ero id\u00f3neo, pero sin nombramiento oficial, es dif\u00edcil [&hellip;]<\/p>\n","protected":false},"author":1,"featured_media":207874,"comment_status":"closed","ping_status":"closed","sticky":false,"template":"","format":"standard","meta":{"footnotes":""},"categories":[1,2],"tags":[],"class_list":["post-207873","post","type-post","status-publish","format-standard","has-post-thumbnail","hentry","category-portada","category-reynosa"],"_links":{"self":[{"href":"https:\/\/www.elsinodaldetamaulipas.com.mx\/index.php?rest_route=\/wp\/v2\/posts\/207873","targetHints":{"allow":["GET"]}}],"collection":[{"href":"https:\/\/www.elsinodaldetamaulipas.com.mx\/index.php?rest_route=\/wp\/v2\/posts"}],"about":[{"href":"https:\/\/www.elsinodaldetamaulipas.com.mx\/index.php?rest_route=\/wp\/v2\/types\/post"}],"author":[{"embeddable":true,"href":"https:\/\/www.elsinodaldetamaulipas.com.mx\/index.php?rest_route=\/wp\/v2\/users\/1"}],"replies":[{"embeddable":true,"href":"https:\/\/www.elsinodaldetamaulipas.com.mx\/index.php?rest_route=%2Fwp%2Fv2%2Fcomments&post=207873"}],"version-history":[{"count":1,"href":"https:\/\/www.elsinodaldetamaulipas.com.mx\/index.php?rest_route=\/wp\/v2\/posts\/207873\/revisions"}],"predecessor-version":[{"id":207877,"href":"https:\/\/www.elsinodaldetamaulipas.com.mx\/index.php?rest_route=\/wp\/v2\/posts\/207873\/revisions\/207877"}],"wp:featuredmedia":[{"embeddable":true,"href":"https:\/\/www.elsinodaldetamaulipas.com.mx\/index.php?rest_route=\/wp\/v2\/media\/207874"}],"wp:attachment":[{"href":"https:\/\/www.elsinodaldetamaulipas.com.mx\/index.php?rest_route=%2Fwp%2Fv2%2Fmedia&parent=207873"}],"wp:term":[{"taxonomy":"category","embeddable":true,"href":"https:\/\/www.elsinodaldetamaulipas.com.mx\/index.php?rest_route=%2Fwp%2Fv2%2Fcategories&post=207873"},{"taxonomy":"post_tag","embeddable":true,"href":"https:\/\/www.elsinodaldetamaulipas.com.mx\/index.php?rest_route=%2Fwp%2Fv2%2Ftags&post=207873"}],"curies":[{"name":"wp","href":"https:\/\/api.w.org\/{rel}","templated":true}]}}