{"id":207881,"date":"2025-07-14T21:50:30","date_gmt":"2025-07-15T01:50:30","guid":{"rendered":"https:\/\/www.elsinodaldetamaulipas.com.mx\/?p=207881"},"modified":"2025-07-14T21:50:30","modified_gmt":"2025-07-15T01:50:30","slug":"la-politica-se-cobra-sola-y-sin-aviso","status":"publish","type":"post","link":"https:\/\/www.elsinodaldetamaulipas.com.mx\/?p=207881","title":{"rendered":"LA POL\u00cdTICA SE COBRA SOLA Y SIN AVISO"},"content":{"rendered":"<div class=\"post-content\">\n<p>A MI MANERA<\/p>\n<p>Por Tello Montes<\/p>\n<p>&nbsp;<\/p>\n<p>-Semana productiva para Tamaulipas.<\/p>\n<p>-Ninguno como Beto: el que m\u00e1s drenajes ha reparado en d\u00e9cadas.<\/p>\n<p>Especulaciones vienen, especulaciones van\u2026 pero en Matamoros ya levantaron polvo y nerviosismo.<\/p>\n<p>Se siente, se escucha y se dice que los d\u00edas est\u00e1n contados para el gerente general de la Junta de Aguas y Drenaje, Marco Antonio Hern\u00e1ndez Acosta, quien lleg\u00f3 al cargo el 7 de enero de 2023 por cortes\u00eda del exalcalde y experto en desapariciones presupuestales, Mario L\u00f3pez Hern\u00e1ndez, alias La Borrega.<\/p>\n<p>Por cierto, en los pasillos de la JAD, se comentaba que Marco Antonio ya se sent\u00eda \u201cinc\u00f3modo\u201d en el cargo, por lo que la liberaci\u00f3n le viene de perlas.<\/p>\n<p>Hoy, el nombre que m\u00e1s fuerte suena para relevarlo es el del exalcalde Jes\u00fas \u201cChuchin\u201d de la Garza Diaz del Guante, viejo conocido del sistema hidr\u00e1ulico y de las cajas registradoras, quien ya dirigi\u00f3 la JAD del 2005 al 2011 y actualmente despacha como asesor del secretario estatal de Recursos Hidr\u00e1ulicos, Ra\u00fal Quiroga \u00c1lvarez. No hay casualidades, solo instrucciones.<\/p>\n<p>Para que mejor me entienda, es el \u201cchico consentido\u201d de Ra\u00fal Quiroga.<\/p>\n<p>Ya lo hab\u00edamos comentado en esta columna, que por ah\u00ed iba la flecha.<\/p>\n<p>Aunque por ah\u00ed tambi\u00e9n circula, con menos fuerza, el nombre de la diputada Elvia Egu\u00eda.<\/p>\n<p>Su \u00fanico m\u00e9rito t\u00e9cnico en el tema es presidir la Comisi\u00f3n de Recursos Hidr\u00e1ulicos en el Congreso\u2026 y haber pasado por la oficina de Atenci\u00f3n a Clientes en la JAD hace a\u00f1os.<\/p>\n<p>Su experiencia en drenajes es m\u00e1s de escritorio que de campo, y eso ya se dice mucho.<\/p>\n<p>Pero las aguas revueltas no s\u00f3lo se encuentran en la JAD, el alcalde Beto Granados ya dej\u00f3 entrever la semana pasada, durante la inauguraci\u00f3n de obras en la colonia Acuario, que vienen cambios en su gabinete. Aclaro, solo a nivel de directores.<\/p>\n<p>No dio nombres ni razones, pero desliz\u00f3 que hay quienes no le aguantan el ritmo\u2026 y eso es decir bastante.<\/p>\n<p>Pero, no obstante, se rumora que ya empieza hacer maletas la secretaria de Bienestar Social, Perla Guadalupe Medina, esposa precisamente de Marco Antonio Hern\u00e1ndez. Si \u00e9l se va, ella no tarda en seguirlo.<\/p>\n<p>Tambi\u00e9n se habla de las salidas en otras \u00e1reas clave: el arquitecto Cesar Reyes Garza, titular de Servicios Generales, y Alfonso Trevi\u00f1o Robles, en Desarrollo Urbano, ya le est\u00e1 haciendo feo al cargo.<\/p>\n<p>Claro, todo esto se cocina en los pasillos del Palacio Municipal, donde el murmullo vale m\u00e1s que el bolet\u00edn oficial.<\/p>\n<p>Pero la decisi\u00f3n al final la tiene el alcalde Beto Granados, que en los primeros nueve meses de su administraci\u00f3n ha demostrado que el que no avanza\u2026 estorba.<\/p>\n<p>Hoy ser funcionario p\u00fablico no es sin\u00f3nimo de comodidad.<\/p>\n<p>Ya no es como antes, cuando bastaba con la camiseta del partido o la bendici\u00f3n del jefe.<\/p>\n<p>Hoy, las manos est\u00e1n amarradas, los tiempos cambiaron\u2026 y el que no rinde, simplemente se va.<\/p>\n<p>Como bien dec\u00eda la abuela, \u201cel que no aguante el trote, que se baje del caballo\u201d.<\/p>\n<p>SEMANA PRODUCTIVA PARA TAMAULIPAS<\/p>\n<p>El gobernador Am\u00e9rico Villarreal Anaya cerr\u00f3 una semana de intensa gesti\u00f3n en la Ciudad de M\u00e9xico, impulsando proyectos clave en salud, infraestructura y turismo.<\/p>\n<p>Desde la capital del pa\u00eds, sostuvo reuniones con funcionarios federales como Bertha G\u00f3mez (SHCP), Zo\u00e9 Robledo (IMSS) y Jes\u00fas Esteva (SCT), gestionando recursos para hospitales del IMSS-Bienestar, obras viales estrat\u00e9gicas como el Puente Nuevo Laredo III y el corredor del Golfo, as\u00ed como mejoras laborales para el personal de salud.<\/p>\n<p>Antes de partir, en Tampico, tom\u00f3 protesta al nuevo Consejo Consultivo de Turismo junto a la secretaria federal Josefina Rodr\u00edguez, destacando el impulso sin precedentes que su gobierno le ha dado al sector.<\/p>\n<p>Tambi\u00e9n sostuvo un encuentro con el titular de Hacienda, Edgar Amador, y con el l\u00edder del CCE, Francisco Cervantes, reforzando alianzas para consolidar proyectos productivos que impulsen el desarrollo econ\u00f3mico de Tamaulipas.<\/p>\n<p>DAMASO ANAYA, PRESENTE EN HOMENAJE NACIONAL A JURISTAS.<\/p>\n<p>El rector de la Universidad Aut\u00f3noma de Tamaulipas, D\u00e1maso Anaya Alvarado, fue invitado de honor en la ceremonia encabezada por la secretar\u00eda de Gobernaci\u00f3n, Rosa Icela Rodr\u00edguez Vel\u00e1zquez, con motivo del D\u00eda del Abogado.<\/p>\n<p>Durante el acto, el Gobierno de M\u00e9xico expres\u00f3 su reconocimiento a la comunidad jur\u00eddica del pa\u00eds, con la participaci\u00f3n destacada de Jos\u00e9 Alberto L\u00f3pez Dami\u00e1n, presidente de la Asociaci\u00f3n Nacional de Abogados Democr\u00e1ticos (ANAD).<\/p>\n<p>D\u00e1maso Anaya comparti\u00f3 este importante espacio con autoridades del pres\u00eddium y la funcionaria federal, sum\u00e1ndose a la felicitaci\u00f3n a las y los profesionales del derecho.<\/p>\n<p>En la ceremonia tambi\u00e9n estuvieron presentes figuras como Ernestina Godoy Ramos, consejera Jur\u00eddica del Ejecutivo Federal, as\u00ed como los ministros electos para la Suprema Corte de Justicia de la Naci\u00f3n, Mar\u00eda Estela R\u00edos Gonz\u00e1lez e Irving Espinosa Betanzo, entre otras personalidades.<\/p>\n<p>BETO GRANADOS: CA\u00cdDO QUE VE, CA\u00cdDO QUE LEVANTA.<\/p>\n<p>En apenas 9 meses al frente del Ayuntamiento, Beto Granados ha dejado claro que su administraci\u00f3n no vino a calentar la silla, sino a resolver lo que otros dejaron pudri\u00e9ndose bajo tierra.<\/p>\n<p>Con 120 reparaciones de drenaje contabilizadas, el alcalde no s\u00f3lo avanza, sino que ya super\u00f3 en cifras a dos administraciones completas: Leticia Salazar, que en tres a\u00f1os apenas alcanz\u00f3 92, y Erick Silva, que se qued\u00f3 en 75.<\/p>\n<p>Los n\u00fameros no mienten. Si el ritmo se mantiene, Granados se perfila como el alcalde con m\u00e1s \u201cca\u00eddos\u201d levantados en los \u00faltimos 25 a\u00f1os en Matamoros, y lo hace sin alharaca, pero con resultados que brotan como agua por tubo roto.<\/p>\n<p>Y como dec\u00eda la abuela refranera , \u201cm\u00e1s vale alcalde que tape, que uno que solo se lave las manos.\u201d<\/p>\n<\/div>\n","protected":false},"excerpt":{"rendered":"<p>A MI MANERA Por Tello Montes &nbsp; -Semana productiva para Tamaulipas. -Ninguno como Beto: el que m\u00e1s drenajes ha reparado en d\u00e9cadas. Especulaciones vienen, especulaciones van\u2026 pero en Matamoros ya levantaron polvo y nerviosismo. Se siente, se escucha y se dice que los d\u00edas est\u00e1n contados para el gerente general de la Junta de Aguas [&hellip;]<\/p>\n","protected":false},"author":1,"featured_media":207905,"comment_status":"closed","ping_status":"closed","sticky":false,"template":"","format":"standard","meta":{"footnotes":""},"categories":[16],"tags":[],"class_list":["post-207881","post","type-post","status-publish","format-standard","has-post-thumbnail","hentry","category-opinion"],"_links":{"self":[{"href":"https:\/\/www.elsinodaldetamaulipas.com.mx\/index.php?rest_route=\/wp\/v2\/posts\/207881","targetHints":{"allow":["GET"]}}],"collection":[{"href":"https:\/\/www.elsinodaldetamaulipas.com.mx\/index.php?rest_route=\/wp\/v2\/posts"}],"about":[{"href":"https:\/\/www.elsinodaldetamaulipas.com.mx\/index.php?rest_route=\/wp\/v2\/types\/post"}],"author":[{"embeddable":true,"href":"https:\/\/www.elsinodaldetamaulipas.com.mx\/index.php?rest_route=\/wp\/v2\/users\/1"}],"replies":[{"embeddable":true,"href":"https:\/\/www.elsinodaldetamaulipas.com.mx\/index.php?rest_route=%2Fwp%2Fv2%2Fcomments&post=207881"}],"version-history":[{"count":1,"href":"https:\/\/www.elsinodaldetamaulipas.com.mx\/index.php?rest_route=\/wp\/v2\/posts\/207881\/revisions"}],"predecessor-version":[{"id":207906,"href":"https:\/\/www.elsinodaldetamaulipas.com.mx\/index.php?rest_route=\/wp\/v2\/posts\/207881\/revisions\/207906"}],"wp:featuredmedia":[{"embeddable":true,"href":"https:\/\/www.elsinodaldetamaulipas.com.mx\/index.php?rest_route=\/wp\/v2\/media\/207905"}],"wp:attachment":[{"href":"https:\/\/www.elsinodaldetamaulipas.com.mx\/index.php?rest_route=%2Fwp%2Fv2%2Fmedia&parent=207881"}],"wp:term":[{"taxonomy":"category","embeddable":true,"href":"https:\/\/www.elsinodaldetamaulipas.com.mx\/index.php?rest_route=%2Fwp%2Fv2%2Fcategories&post=207881"},{"taxonomy":"post_tag","embeddable":true,"href":"https:\/\/www.elsinodaldetamaulipas.com.mx\/index.php?rest_route=%2Fwp%2Fv2%2Ftags&post=207881"}],"curies":[{"name":"wp","href":"https:\/\/api.w.org\/{rel}","templated":true}]}}