{"id":207888,"date":"2025-07-14T21:18:55","date_gmt":"2025-07-15T01:18:55","guid":{"rendered":"https:\/\/www.elsinodaldetamaulipas.com.mx\/?p=207888"},"modified":"2025-07-14T21:18:55","modified_gmt":"2025-07-15T01:18:55","slug":"es-innegable-el-abandono-de-espacios-de-bienestar","status":"publish","type":"post","link":"https:\/\/www.elsinodaldetamaulipas.com.mx\/?p=207888","title":{"rendered":"ES INNEGABLE EL ABANDONO DE ESPACIOS DE BIENESTAR"},"content":{"rendered":"<p>Por Julio Manuel Loya Guzm\u00e1n\/EL SINODAL DE TAMAULIPAS<\/p>\n<p>Cd. Victoria, Tamaulipas.\u2013 La recuperaci\u00f3n de los parques de Bienestar y espacios comunitarios en Tamaulipas no ser\u00e1 un proceso inmediato, ya que se trata de una tarea compleja que requiere tiempo, recursos y participaci\u00f3n ciudadana, reconoci\u00f3 el diputado local Francisco Hern\u00e1ndez Ni\u00f1o.<\/p>\n<p>&nbsp;<\/p>\n<p>En su calidad de presidente de la comisi\u00f3n de Bienestar Social del Congreso local, explic\u00f3 que estos centros, unidades y parques tienen una funci\u00f3n espec\u00edfica en las comunidades, pero a muchos de ellos les hace falta mantenimiento, y \u201cNo es un tema que se va a resolver m\u00e1gicamente\u201d, advirti\u00f3.<\/p>\n<p>&nbsp;<\/p>\n<p>Agreg\u00f3 que en algunos parques \u00abno se encuentran condiciones id\u00f3neas. Pues lo que se ve no se juzga\u00bb, aunque asegur\u00f3 que ya se han iniciado trabajos de mejora como parte de un proyecto piloto en el municipio de Tula.<\/p>\n<p>&nbsp;<\/p>\n<p>Indic\u00f3 que la Secretar\u00eda de Bienestar est\u00e1 buscando formas de rehabilitar estos lugares con apoyo de organizaciones sociales y con la participaci\u00f3n de la propia ciudadan\u00eda, que puede jugar un papel importante en su cuidado y preservaci\u00f3n.<\/p>\n<p>&nbsp;<\/p>\n<p>Hern\u00e1ndez Ni\u00f1o acept\u00f3 que a\u00fan no se tiene un diagn\u00f3stico completo del n\u00famero de parques existentes en todo el estado, aunque estim\u00f3 que tan solo en la Regi\u00f3n 5 podr\u00edan ser m\u00e1s de 20.<\/p>\n<p>&nbsp;<\/p>\n<p>Al ser cuestionado sobre la posibilidad de emitir un exhorto a la Secretar\u00eda de Bienestar para que al menos se d\u00e9 mantenimiento b\u00e1sico a los parques \u2014como cortar la maleza\u2014 respondi\u00f3 que el tema ya est\u00e1 en an\u00e1lisis y se est\u00e1 \u201cponiendo sobre la mesa\u201d dentro del Congreso.<\/p>\n<p>&nbsp;<\/p>\n<p>\u201cNosotros recogemos las inquietudes, pero la parte administrativa es quien debe ejecutar las acciones. Ya se est\u00e1n viendo alternativas y mecanismos para mejorar las condiciones. No es la mejor situaci\u00f3n, pero hay voluntad\u201d, sostuvo.<\/p>\n<p>&nbsp;<\/p>\n<p>Finalmente, el diputado reiter\u00f3 que la administraci\u00f3n del gobernador Am\u00e9rico Villarreal Anaya tiene clara la ruta para rescatar estos espacios, con el compromiso de la secretaria de Bienestar, Silvia Casas, de impulsar una pol\u00edtica p\u00fablica efectiva que devuelva funcionalidad y dignidad a los centros comunitarios de la entidad<\/p>\n","protected":false},"excerpt":{"rendered":"<p>Por Julio Manuel Loya Guzm\u00e1n\/EL SINODAL DE TAMAULIPAS Cd. Victoria, Tamaulipas.\u2013 La recuperaci\u00f3n de los parques de Bienestar y espacios comunitarios en Tamaulipas no ser\u00e1 un proceso inmediato, ya que se trata de una tarea compleja que requiere tiempo, recursos y participaci\u00f3n ciudadana, reconoci\u00f3 el diputado local Francisco Hern\u00e1ndez Ni\u00f1o. &nbsp; En su calidad de [&hellip;]<\/p>\n","protected":false},"author":1,"featured_media":207889,"comment_status":"closed","ping_status":"closed","sticky":false,"template":"","format":"standard","meta":{"footnotes":""},"categories":[1,3],"tags":[],"class_list":["post-207888","post","type-post","status-publish","format-standard","has-post-thumbnail","hentry","category-portada","category-tamaulipas"],"_links":{"self":[{"href":"https:\/\/www.elsinodaldetamaulipas.com.mx\/index.php?rest_route=\/wp\/v2\/posts\/207888","targetHints":{"allow":["GET"]}}],"collection":[{"href":"https:\/\/www.elsinodaldetamaulipas.com.mx\/index.php?rest_route=\/wp\/v2\/posts"}],"about":[{"href":"https:\/\/www.elsinodaldetamaulipas.com.mx\/index.php?rest_route=\/wp\/v2\/types\/post"}],"author":[{"embeddable":true,"href":"https:\/\/www.elsinodaldetamaulipas.com.mx\/index.php?rest_route=\/wp\/v2\/users\/1"}],"replies":[{"embeddable":true,"href":"https:\/\/www.elsinodaldetamaulipas.com.mx\/index.php?rest_route=%2Fwp%2Fv2%2Fcomments&post=207888"}],"version-history":[{"count":1,"href":"https:\/\/www.elsinodaldetamaulipas.com.mx\/index.php?rest_route=\/wp\/v2\/posts\/207888\/revisions"}],"predecessor-version":[{"id":207890,"href":"https:\/\/www.elsinodaldetamaulipas.com.mx\/index.php?rest_route=\/wp\/v2\/posts\/207888\/revisions\/207890"}],"wp:featuredmedia":[{"embeddable":true,"href":"https:\/\/www.elsinodaldetamaulipas.com.mx\/index.php?rest_route=\/wp\/v2\/media\/207889"}],"wp:attachment":[{"href":"https:\/\/www.elsinodaldetamaulipas.com.mx\/index.php?rest_route=%2Fwp%2Fv2%2Fmedia&parent=207888"}],"wp:term":[{"taxonomy":"category","embeddable":true,"href":"https:\/\/www.elsinodaldetamaulipas.com.mx\/index.php?rest_route=%2Fwp%2Fv2%2Fcategories&post=207888"},{"taxonomy":"post_tag","embeddable":true,"href":"https:\/\/www.elsinodaldetamaulipas.com.mx\/index.php?rest_route=%2Fwp%2Fv2%2Ftags&post=207888"}],"curies":[{"name":"wp","href":"https:\/\/api.w.org\/{rel}","templated":true}]}}