{"id":207891,"date":"2025-07-14T21:33:02","date_gmt":"2025-07-15T01:33:02","guid":{"rendered":"https:\/\/www.elsinodaldetamaulipas.com.mx\/?p=207891"},"modified":"2025-07-14T21:33:02","modified_gmt":"2025-07-15T01:33:02","slug":"los-mas-ladrones","status":"publish","type":"post","link":"https:\/\/www.elsinodaldetamaulipas.com.mx\/?p=207891","title":{"rendered":"LOS MAS LADRONES"},"content":{"rendered":"<p>LETRAS PROHIBIDAS<\/p>\n<p>Clemente Zapata M.<\/p>\n<p>&nbsp;<\/p>\n<p><strong><em>Dicen se fueron al ba\u00f1o,<\/em><\/strong><\/p>\n<p><strong><em>al manejar lana p\u00fablica;<\/em><\/strong><\/p>\n<p><strong><em>con conducta imp\u00fadica<\/em><\/strong><\/p>\n<p><strong><em>al estado hicieron da\u00f1o\u2026<\/em><\/strong><\/p>\n<p><strong><em>\u00a0<\/em><\/strong><\/p>\n<p><strong><em>Egidio y Cabeza de Vaca,<\/em><\/strong><\/p>\n<p><strong><em>se pasaron bien de lanza;<\/em><\/strong><\/p>\n<p><strong><em>del atraco hicieron danza,<\/em><\/strong><\/p>\n<p><strong><em>abusando de la \u201cpolaca\u201d\u2026<\/em><\/strong><\/p>\n<p>&nbsp;<\/p>\n<p>Este lunes, el gobernador de Tamaulipas, <strong>AM\u00c9RICO VILLARREAL ANAYA<\/strong>, durante la ceremonia c\u00edvica de Honores a la Bandera, celebrada en la 48 Zona Militar, al poniente de Ciudad Victoria, inform\u00f3 que se avanza en la seguridad y esto es producto de un esfuerzo conjunto que se realiza de forma coordinada y colaborativa, al reiterar su reconocimiento a la contribuci\u00f3n del Ej\u00e9rcito Mexicano.<\/p>\n<p>Por ello, <strong>AM\u00c9RICO<\/strong> agradeci\u00f3 al general <strong>ENRIQUE GARC\u00cdA JARAMILLO<\/strong>, comandante de la 48 Zona Militar, por la suma cotidiana de mandos y tropas para que Tamaulipas sea uno de los estados que m\u00e1s avanza en seguridad.<\/p>\n<p>El gobernador <strong>VILLARREAL ANAYA<\/strong> destac\u00f3 que Tamaulipas es una de las cuatro entidades del pa\u00eds en donde se registr\u00f3 la mayor reducci\u00f3n del promedio diario de homicidios dolosos, con una disminuci\u00f3n del 50.4 por ciento durante el primer semestre de 2025.<\/p>\n<p>\u201c<em>Esto es producto de un esfuerzo conjunto que se realiza de forma coordinada y colaborativa\u2026 Y tenemos que decirlo y volverlo a decir, y volverlo a decir: Tamaulipas avanza en la seguridad<\/em>\u201d, indic\u00f3 el Mandatario.<\/p>\n<p>Adem\u00e1s, y luego de hacer un recuento de la agenda que sostuvo la semana pasada con integrantes del Gabinete federal, de <strong>CLAUDIA SHEINBAUM PARDO<\/strong>, en la Ciudad de M\u00e9xico, <strong>AM\u00c9RICO <\/strong>tambi\u00e9n destac\u00f3 que gracias a la coordinaci\u00f3n de los tres niveles de Gobierno y la comunidad en general, la contingencia que afect\u00f3 al sur del estado, derivada de la tormenta tropical \u201cBarry\u201d, se super\u00f3 con saldo blanco\u2026 \u00a1<strong><em>Enhorabuena<\/em><\/strong>!<\/p>\n<p><strong>++LO SIGUIENTE, NADA QUE VER CON LO ANTERIOR\u2026<\/strong> Hace unas semanas, el titular de la Fiscal\u00eda Especializada en el Combate a la Corrupci\u00f3n, <strong>JES\u00daS EDUARDO GOVEA OROZCO<\/strong>, se\u00f1al\u00f3 que se hab\u00edan liberado 15 \u00f3rdenes de aprehensi\u00f3n, pero que no se cumplimentaban porque los \u201crequeridos\u201d no estaban localizables\u2026 Es decir, en palabras m\u00e1s claras: Andaban pr\u00f3fugos de la justicia\u2026 \u00a1<strong><em>Ay nanita<\/em><\/strong>!<\/p>\n<p>Aunque hasta el momento de cerrar la presente colaboraci\u00f3n, todav\u00eda no hab\u00eda se\u00f1ales del exalcalde <strong>ENRIQUE RIVAS CU\u00c9LLAR<\/strong>, en el sentido de si hab\u00eda ido por voluntad propia a encerrarse en una celda del penal de Nuevo Laredo, a punto de vencerse las 48 horas de plazo, el hecho de que sea vinculado a proceso y se haya fijado prisi\u00f3n preventiva, es una se\u00f1al de que la Fiscal\u00eda Anticorrupci\u00f3n se sacudi\u00f3 la modorra, desde que <strong>RA\u00daL RAM\u00cdREZ CASTA\u00d1EDA<\/strong> dej\u00f3 la titular y fue suplido por <strong>GOVEA OROZCO<\/strong>, quien por cierto, ya le ven cara de Fiscal general\u2026 \u00a1<strong><em>AyWey<\/em><\/strong>!<\/p>\n<p>Lo anterior sirve como pre\u00e1mbulo para dimensionar lo que podr\u00edan enfrentar los dos exgobernadores tamaulipecos: uno del Partido Revolucionario Institucional (PRI) y el otro del Partido Acci\u00f3n Nacional (PAN), en cuyas figuras pesa el \u201csospechosismo\u201d de que se embolsaron miles de millones de pesos.<\/p>\n<p>Para dimensionarlo, debemos tomar en cuenta que a <strong>RIVAS CU\u00c9LLAR<\/strong> lo mand\u00f3 llamar la Ley para que enfrente un proceso en prisi\u00f3n, por haber cometido un presunto delito que representa quebranto econ\u00f3mico para las arcas de Nuevo Laredo, de poquito m\u00e1s de 66 millones de pesos; mientras que <strong>R\u00d3MULO GARZA MART\u00cdNEZ<\/strong>, est\u00e1 preso por un presunto desfalco de 125 millones de pesos, cuando fue secretario de Bienestar en el sexenio cabecista, sobre la compra de unas despensas\u2026 Con lo anterior, ya sabr\u00e1 el Lector lo que enfrentar\u00edan los dos antecesores inmediatos del gobernador <strong>AM\u00c9RICO VILLARREAL ANAYA<\/strong>\u2026 \u00a1<strong><em>Ufff<\/em><\/strong>!<\/p>\n<p>Palabras m\u00e1s, palabras menos, algunos ex bur\u00f3cratas, con reciente jubilaci\u00f3n y amantes de las apuestas, han se\u00f1alado a <strong>LETRAS PROHIBIDAS<\/strong> que de los exgobernadores m\u00e1s \u201cabusivos\u201d que ha tenido Tamaulipas, son <strong>EGIDIO TORRE CANT\u00da<\/strong> y <strong>FRANCISCO GARC\u00cdA CABEZA DE VACA<\/strong> quienes se llevan \u2014cada uno\u2014 el campeonato de la chapuza y el atraco con el dinero p\u00fablico.<\/p>\n<p>Hablemos de <strong>EGIDIO<\/strong>\u2026 Cuando el Zar anticorrupci\u00f3n hablaba de las 15 \u00f3rdenes de aprehensi\u00f3n que estaban \u201cdormidas\u201d, tambi\u00e9n se\u00f1al\u00f3 que la Fiscal\u00eda investiga la \u201cdesaparici\u00f3n\u201d de dos mil 500 millones de pesos que fueron descontados a los bur\u00f3cratas estatales para nutrir el fondo de pensiones del Instituto de Previsi\u00f3n y Seguridad Social del Estado de Tamaulipas (Ipsset).<\/p>\n<p>Dicho descuento, que huele y sabe a chapuza, se realiz\u00f3 durante el sexenio de <strong>EGIDIO TORRE CANT\u00da<\/strong>, pero nunca se emple\u00f3 para el objetivo planeado, por lo que el fiscal anticorrupci\u00f3n <strong>GOVEA OROZCO<\/strong>, declar\u00f3 hace semanas que son muchos exfuncionarios del sexenio de <strong>EGIDIO<\/strong> que ser\u00edan llamados, dependiendo los resultados de las investigaciones; pero no descart\u00f3 que el exgobernador tambi\u00e9n sea llamado. \u00a1<strong><em>Uffff<\/em><\/strong>!<\/p>\n<p>Ahora hablemos de <strong>CABEZA DE VACA<\/strong>\u2026 Aunque a estas alturas, lo que queda de los \u201caplaudidores\u201d del exgobernador <strong>FRANCISCO GARC\u00cdA CABEZA DE VACA<\/strong> tratan de que se vea como el \u201cvillano favorito\u201d, al que le cargan todas las pulgas, lo cierto es que hay tres carpetas de investigaci\u00f3n que ser\u00e1n (\u00bfo ya fueron?) judicializadas.<\/p>\n<p>En su momento, la consejera jur\u00eddica y hoy presidenta electa del Supremo Tribunal de Justicia del Estado, <strong>TANIA GISELA CONTRERAS L\u00d3PEZ<\/strong> inform\u00f3 que el exgobernador cabecista ten\u00eda un n\u00famero de carpetas pendientes de judicializarse, donde se asentaban actos que podr\u00edan significar la comisi\u00f3n de delitos\u2026 \u00a1<strong><em>Zaaas Culebra<\/em><\/strong>!<\/p>\n<p>All\u00ed tiene \u2014por ejemplo\u2014 la presunta falsificaci\u00f3n de documentos notariales para que <strong>CABEZA DE VACA<\/strong> obtuviera su Carta de Residencia en Reynosa (aunque andaba y anda pr\u00f3fugo de la justicia, as\u00ed como auto exiliado del pa\u00eds), para poder competir por la Diputaci\u00f3n federal del PAN, por la v\u00eda plurinominal, que al final le fue entregada a <strong>C\u00c9SAR AUGUSTO<\/strong> \u201c<strong>El Truko<\/strong>\u201d <strong>VER\u00c1STEGUI OSTOS<\/strong>.<\/p>\n<p>O qu\u00e9 decir de esa demanda que la Universidad Aut\u00f3noma de Tamaulipas \u2014en febrero del 2024\u2014 present\u00f3, no s\u00f3lo en contra del exgobernador panista, sino tambi\u00e9n en contra del exrector <strong>GUILLERMO MENDOZA CAVAZOS<\/strong>; del expresidente del Congreso y hoy diputado local, <strong>GERARDO PE\u00d1A FLORES<\/strong>; y el pr\u00f3fugo ex secretario de Administraci\u00f3n, <strong>JES\u00daS ALBERTO SALAZAR ANZALD\u00daA<\/strong>, quien adem\u00e1s fue vinculado a proceso por otro tema, pero anda huyendo.<\/p>\n<p>La denuncia presentada por la UAT es porque entre estos personajes omitieron aportar m\u00e1s de 500 millones de pesos a la casa de estudios, adem\u00e1s de \u201cesconder\u201d el uso y destino final del recurso, as\u00ed como el sobreprecio de un inmueble, cuyo valor era de 13 millones de pesos, pero se emple\u00f3 la suma de 187 millones de pesos para tasarlo\u2026 \u00a1<strong><em>P\u00e1sumecha<\/em><\/strong>!<\/p>\n<p>En la tercera carpeta en contra del exgobernador <strong>CABEZA DE VACA<\/strong>, se se\u00f1ala el reparto de Fiat notariales, sin el menor rubor, ni la m\u00e1s m\u00ednima verg\u00fcenza y torciendo tantas leyes que al final, quienes se beneficiaron, optaron por regresar el Fiat para no verse en problemas; no sin antes echar de \u201ccabeza\u201d a quien se las entreg\u00f3 mediante negociaci\u00f3n.<\/p>\n<p>Ya mejor ni mencionemos la \u201cdanza de los millones\u201d extraviados que ha venido comentando contralora gubernamental, <strong>NORMA ANG\u00c9LICA PEDRAZA MELO<\/strong>; o lo se\u00f1alado por la Auditor\u00eda Superior de la Federaci\u00f3n, que le observ\u00f3 las cuentas p\u00fablicas de <strong>CABEZA DE VACA<\/strong>, por el orden de los m\u00e1s de cuatro mil millones de pesos de dinero federal, siendo ambas cosas s\u00f3lo una mancha m\u00e1s para la vaca pinta, es decir para el texano\/reynosense\u2026 \u00a1<strong><em>Zaaas Culebra<\/em><\/strong>!<\/p>\n<p>Y eso que todav\u00eda no sale a flote lo de los 500 millones de pesos que <strong>CABEZA DE VACA<\/strong> debi\u00f3 emplear durante la pandemia para atender la emergencia sanitaria, de los que nadie sabe a d\u00f3nde fueron a parar, pero que todos tienen el \u201csospechosismo\u201d en qu\u00e9 bolsillo se quedaron\u2026 \u00a1<strong><em>Calla pes\u00e1o<\/em><\/strong>!<\/p>\n<p>Si comparamos lo que le imputan a <strong>RIVAS CU\u00c9LLAR<\/strong>, que son poco m\u00e1s de 66 millones de pesos y a <strong>GARZA MART\u00cdNEZ<\/strong>, que son 125 millones de pesos, entonces queda la duda: \u00bfqu\u00e9 les espera a <strong>EGIDIO TORRE<\/strong> y a <strong>CABEZA DE VACA<\/strong>\u2026?, considerados no s\u00f3lo por ex bur\u00f3cratas, sino tambi\u00e9n por el grueso de la sociedad tamaulipeca como los m\u00e1s ladrones\u2026 \u00a1<strong><em>Ostias t\u00edo de la Virgen santa<\/em><\/strong>!<\/p>\n<p>En otro tema\u2026 El gobierno de <strong>EDUARDO GATT\u00c1S B\u00c1EZ<\/strong>, tiene once obras en proceso, por lo que continuar\u00e1 esta semana transformando vialidades en distintos sectores de Ciudad Victoria, espacios educativos y peatonales en beneficio de la comunidad.<\/p>\n<p><strong>GATT\u00c1S<\/strong> inform\u00f3 que tres de las obras son de pavimentaci\u00f3n con carpeta asf\u00e1ltica en la calle Iturbide, entre el 27 y 28 de la colonia H\u00e9roe de Nacozari; Las Flores, entre Zeferino Fajardo y D\u00edaz Ordaz de la Libertad Dos.<\/p>\n<p>La Norberto T. Zapata es otra colonia beneficiada con este tipo de obra al estar avanzado el trabajo de preparaci\u00f3n en la calle 15, entre bulevar Adolfo L\u00f3pez Mateos y Yucat\u00e1n; y se inici\u00f3 el levantamiento para proyecto en calles de la colonia El Palmar y fraccionamientos Valle de Aguayo y Paseo de Los Olivos, confirm\u00f3 <strong>GATT\u00c1S B\u00c1EZ<\/strong>.<\/p>\n<p>Adem\u00e1s, y en apoyo a la comunidad educativa, se trabaja en la construcci\u00f3n de aulas en las escuelas primarias Luis Donaldo Colosio, de la colonia Liberal; Rodolfo Torre Cant\u00fa, de la Marte R. G\u00f3mez; Francisco Bocanegra M\u00e1rquez, de la Chapultepec y Jard\u00edn de Ni\u00f1os Beatriz Ordo\u00f1ez Acu\u00f1a, del fraccionamiento Las Flores.<\/p>\n<p><strong>GATT\u00c1S BA\u00c9Z<\/strong> dijo que, para la pr\u00e1ctica de actividades al aire libre, se impulsa la edificaci\u00f3n de techumbres met\u00e1licas en los planteles General Luis Caballero, de la colonia Horacio Ter\u00e1n; Leyes de Reforma, de Casas Blancas; y Canaco, de la Jos\u00e9 L\u00f3pez Portillo.<\/p>\n<p>Destac\u00f3 que en esta misma semana se reactivar\u00e1 la rehabilitaci\u00f3n del andador peatonal del 13 bulevar Praxedis Balboa a Luis Echeverr\u00eda, que conecta la zona centro con la colonia Mainero\u2026 \u00a1<strong><em>Enhorabuena<\/em><\/strong>!<\/p>\n<p>Por \u00faltimo, d\u00e9jeme comentarle lo sucedido en la tierra que gobierna <strong>ERASMO GONZ\u00c1LEZ ROBLEDO<\/strong> y del cierre espectacular del tour Continental de voleibol de playa, de la Confederaci\u00f3n de Norteam\u00e9rica, Centroam\u00e9rica y del Caribe (Norceca) 2025, en su cuarta parada, convocada por la Federaci\u00f3n Internacional de Voleibol, rumbo a los Juegos Centroamericanos, como primer ciclo, con destino a los juegos ol\u00edmpicos en Los \u00c1ngeles, 2028.<\/p>\n<p>Destaca que Ciudad Madero, en su complejo Polideportivo de la playa Miramar, vivi\u00f3 sus mejores galas durante tres d\u00edas de competencia; donde Puerto Rico se llev\u00f3 la medalla de oro en ambas ramas, femenil y varonil.<\/p>\n<p>Por ello, el presidente municipal <strong>ERASMO GONZ\u00c1LEZ ROBLEDO<\/strong>, hizo un amplio reconocimiento a todas las parejas femenil y varonil de los 12 pa\u00edses participantes, as\u00ed como de los organizadores y autoridades.<\/p>\n<p><strong>GRACIAS\u2026<\/strong> Nos leemos hasta ma\u00f1ana<\/p>\n<p><strong>COMENTARIOS<\/strong>: <a href=\"mailto:letrasprohibidas2011@hotmail.com\">letrasprohibidas2011@hotmail.com<\/a><\/p>\n","protected":false},"excerpt":{"rendered":"<p>LETRAS PROHIBIDAS Clemente Zapata M. &nbsp; Dicen se fueron al ba\u00f1o, al manejar lana p\u00fablica; con conducta imp\u00fadica al estado hicieron da\u00f1o\u2026 \u00a0 Egidio y Cabeza de Vaca, se pasaron bien de lanza; del atraco hicieron danza, abusando de la \u201cpolaca\u201d\u2026 &nbsp; Este lunes, el gobernador de Tamaulipas, AM\u00c9RICO VILLARREAL ANAYA, durante la ceremonia c\u00edvica [&hellip;]<\/p>\n","protected":false},"author":1,"featured_media":207809,"comment_status":"closed","ping_status":"closed","sticky":false,"template":"","format":"standard","meta":{"footnotes":""},"categories":[16],"tags":[],"class_list":["post-207891","post","type-post","status-publish","format-standard","has-post-thumbnail","hentry","category-opinion"],"_links":{"self":[{"href":"https:\/\/www.elsinodaldetamaulipas.com.mx\/index.php?rest_route=\/wp\/v2\/posts\/207891","targetHints":{"allow":["GET"]}}],"collection":[{"href":"https:\/\/www.elsinodaldetamaulipas.com.mx\/index.php?rest_route=\/wp\/v2\/posts"}],"about":[{"href":"https:\/\/www.elsinodaldetamaulipas.com.mx\/index.php?rest_route=\/wp\/v2\/types\/post"}],"author":[{"embeddable":true,"href":"https:\/\/www.elsinodaldetamaulipas.com.mx\/index.php?rest_route=\/wp\/v2\/users\/1"}],"replies":[{"embeddable":true,"href":"https:\/\/www.elsinodaldetamaulipas.com.mx\/index.php?rest_route=%2Fwp%2Fv2%2Fcomments&post=207891"}],"version-history":[{"count":1,"href":"https:\/\/www.elsinodaldetamaulipas.com.mx\/index.php?rest_route=\/wp\/v2\/posts\/207891\/revisions"}],"predecessor-version":[{"id":207892,"href":"https:\/\/www.elsinodaldetamaulipas.com.mx\/index.php?rest_route=\/wp\/v2\/posts\/207891\/revisions\/207892"}],"wp:featuredmedia":[{"embeddable":true,"href":"https:\/\/www.elsinodaldetamaulipas.com.mx\/index.php?rest_route=\/wp\/v2\/media\/207809"}],"wp:attachment":[{"href":"https:\/\/www.elsinodaldetamaulipas.com.mx\/index.php?rest_route=%2Fwp%2Fv2%2Fmedia&parent=207891"}],"wp:term":[{"taxonomy":"category","embeddable":true,"href":"https:\/\/www.elsinodaldetamaulipas.com.mx\/index.php?rest_route=%2Fwp%2Fv2%2Fcategories&post=207891"},{"taxonomy":"post_tag","embeddable":true,"href":"https:\/\/www.elsinodaldetamaulipas.com.mx\/index.php?rest_route=%2Fwp%2Fv2%2Ftags&post=207891"}],"curies":[{"name":"wp","href":"https:\/\/api.w.org\/{rel}","templated":true}]}}