{"id":207896,"date":"2025-07-14T21:41:43","date_gmt":"2025-07-15T01:41:43","guid":{"rendered":"https:\/\/www.elsinodaldetamaulipas.com.mx\/?p=207896"},"modified":"2025-07-14T21:41:43","modified_gmt":"2025-07-15T01:41:43","slug":"comienza-el-desmantelamiento-del-tribunal-carnal","status":"publish","type":"post","link":"https:\/\/www.elsinodaldetamaulipas.com.mx\/?p=207896","title":{"rendered":"COMIENZA EL DESMANTELAMIENTO DEL TRIBUNAL \u00abCARNAL\u00bb"},"content":{"rendered":"<div class=\"post-content\">\n<p>Opini\u00f3n p\u00fablica<\/p>\n<p>Por Felipe Mart\u00ednez Ch\u00e1vez<br \/>\nCd. Victoria, Tamaulipas.- Novedades por el Congreso del Estado. La<br \/>\nComisi\u00f3n Permanente aprob\u00f3 la designaci\u00f3n de L\u00e1zaro Jos\u00e9 Lara Balderas<br \/>\ncomo magistrado del Tribunal de Justicias Administrativa, una propuesta del<br \/>\nGobernador Am\u00e9rico Villarreal. Ejercer\u00e1 por ocho a\u00f1os.<br \/>\nCon ello, comienza el desmantelamiento del Tribunal \u201ccarnal\u201d del<br \/>\ncabecismo. Lara ocupar\u00e1 la magistratura que deja Edgar Uriza Alan\u00eds,<br \/>\nnombrado en julio de 2017 por ocho a\u00f1os.<br \/>\nDel viejo establo azul quedan Jes\u00fas Gerardo Aldape Ballesteros y<br \/>\nAlejandro Guerra Mart\u00ednez, sustitutos de Andr\u00e9s Gonz\u00e1lez Galv\u00e1n y No\u00e9<br \/>\nS\u00e1enz Sol\u00eds, tambi\u00e9n gente del \u201cgringo\u201d ex Gobernador.<br \/>\nA casi tres a\u00f1os de su llegada al poder, la 4T comienza a tomar los<br \/>\n\u00faltimos bastiones en manos de los vacunos. Todo a su tiempo, sin<br \/>\npresiones ni amenazas como fue la divisa del sexenio anterior, que por las<br \/>\nbuenas o las malas sometieron a sus adversarios.<br \/>\nCon paciencia fueron quitando los candados transexenales panistas<br \/>\npara proteger su huida. El proceso se aceler\u00f3 cuando Morena y socios<br \/>\nganaron la mayor\u00eda calificada del Congreso. Pero no iniciaron vendettas ni<br \/>\nlincharon a sus contrarios.<br \/>\nEn octubre el americanismo llegar\u00e1 a la primera mitad de su sexenio.<br \/>\nCon todos los hilos del poder, ya con menos obst\u00e1culos, aterrizar\u00e1 su<br \/>\nproyecto de gobierno.<br \/>\nIgual, en diciembre se va el Fiscal General Irving Barrios Mojica. Los<br \/>\nfunerales comenzar\u00e1n pronto con la convocatoria para sustituirlo, que<br \/>\nexpedir\u00e1 el Congreso del Estado.<br \/>\nEl \u201ccarnal\u201d est\u00e1 por cumplir nueve a\u00f1itos al frente de la hoy Fiscal\u00eda. Su<br \/>\namigo Francisco Garc\u00eda lo propuso al Congreso en octubre del 2016. Al<br \/>\ncambiar de nombre la dependencia, fue ratificado el 15 de diciembre del<br \/>\n2018, por siete a\u00f1os que se cumplen en 2025.<br \/>\nMal andan aquellos que piensan que Barrios continuar\u00e1 al frente de la<br \/>\ninstituci\u00f3n. El gobierno de la transformaci\u00f3n no perder\u00e1 la oportunidad de<br \/>\ncolocar a su gente. El poder no se comparte. Si falla la procuraci\u00f3n de<br \/>\njusticia, el ciudadano com\u00fan le echa la culpa al Gobierno del Estado y no al<br \/>\nFiscal.<br \/>\nPoco a poco el m\u00e9dico ha tomado los hilos del poder que le<br \/>\nescamotearon los celestes. Es su sexenio, el m\u00e1s cercano con la<br \/>\nciudadan\u00eda en las \u00faltimas d\u00e9cadas. El Congreso morenista se encarg\u00f3 de<br \/>\neliminar los candados de blindaje. Lo que ha faltado es encarcelar a quienes<br \/>\nsaquearon el erario.<\/p>\n<p>Retomaron la Fiscal\u00eda Anticorrupci\u00f3n, Inteligencia Financiera y la<br \/>\nAuditor\u00eda Superior. Pronto tendr\u00e1n la Fiscal\u00eda General.<br \/>\nRenovaron Derechos Humanos y, desde el Congreso Federal, se dio<br \/>\nuna \u201cayudadita\u201d para desaparecer el ITAIT cabecista.<br \/>\nSin problemas, los diputados de la Permanente acordaron donar m\u00e1s de<br \/>\n12 mil metros cuadrados para construir el edificio de la Auditor\u00eda Superior<br \/>\ndel Estado. Quedar\u00e1 por el mismo sector de prolongaci\u00f3n Praxedis Balboa.<br \/>\nY lo m\u00e1s trascendente. Para hacer frente a compromisos de inversi\u00f3n en<br \/>\nobras de agua potable y saneamiento, los legisladores dieron su visto bueno<br \/>\nal Ejecutivo para que solicite pr\u00e9stamos hasta por mil millones de pesos, sin<br \/>\ncontar los intereses, a un plazo de 25 a\u00f1os.<br \/>\nAcorde con los tiempos, por primera vez se habla de emitir bonos del<br \/>\nmercado burs\u00e1til, es decir, colocar certificados de deuda en la bolsa.<br \/>\nEn 2009 trat\u00f3 de hacerlo el gobierno de Eugenio Hern\u00e1ndez Flores para<br \/>\nfinanciar el Parque Bicentenario, pero los due\u00f1os del dinero o ahorradores<br \/>\nno le entraron. Qued\u00f3 en puro pr\u00e9stamo.<br \/>\nHay prisa sobre los proyectos. Por acuerdo de la Permanente y el l\u00edder<br \/>\nHumberto Prieto Herrera, convocaron a pleno para el martes 15 por la tarde.<br \/>\nLos dict\u00e1menes ser\u00e1n aprobados.<br \/>\nTema aparte, poco a poquito, de grano en grano, aumentan las multas<br \/>\naplicadas por el Instituto Electoral a los medios de comunicaci\u00f3n Magenta<br \/>\nMultimedia y El Universal, incluyendo a dos de sus colaboradores.<br \/>\nSi insisten en su rebeld\u00eda de no pagar y no \u201cbajar\u201d de internet el material<br \/>\nmotivo de disputa, la cuenta ir\u00e1 en aumento.<br \/>\nHoy suman 350 mil pesillos para ambas empresas, m\u00e1s las personas<br \/>\nf\u00edsicas Armando Carbajal Montoya y H\u00e9ctor Roberto de Maule\u00f3n Rodr\u00edguez.<br \/>\nDe no pagar, el asunto pasar\u00e1 a manos de la secretar\u00eda de Hacienda para<br \/>\nque haga efectivo el billete.<br \/>\nDiez expedientes de los aludidos aparecen en la lista de Sujetos<br \/>\nSancionados en el presente a\u00f1o. Se derivan de la denuncia de la hoy<br \/>\nMagistrada Electa Contreras L\u00f3pez, por violencia pol\u00edtica de g\u00e9nero.<br \/>\nEn comparaci\u00f3n con a\u00f1os anteriores, es mucha lana. Por lo general se<br \/>\nhan aplicado coscorrones, apercibimientos con dos expedientes para C\u00e9sar<br \/>\nVer\u00e1stegui; cono cuatro Francisco Garc\u00eda Cabeza de vaca por el uso<br \/>\nindebido de recursos p\u00fablicos y transgresi\u00f3n a los principios de neutralidad,<br \/>\nimparcialidad y equidad en la contienda pol\u00edtica.<br \/>\nUtilizaron dinero del erario para apalancar la campa\u00f1a de Don Truco.<br \/>\nOtros en la lista son Arturo Soto Alem\u00e1n y Pilar G\u00f3mez Leal, ex<br \/>\ncandidatos cabecistas a diputado y presidenta de Victoria. Igual Carlos<br \/>\nPe\u00f1a Ortiz y Gerardo Pe\u00f1a Flores.<br \/>\nPendientes de en qu\u00e9 queda lo de los medios de comunicaci\u00f3n. Dif\u00edcil<br \/>\nque se las quiten en la Sala Superior del TRIFE. Como dicen, \u201cgolpe dado ni<br \/>\nDios lo quita\u201d.<\/p>\n<\/div>\n","protected":false},"excerpt":{"rendered":"<p>Opini\u00f3n p\u00fablica Por Felipe Mart\u00ednez Ch\u00e1vez Cd. Victoria, Tamaulipas.- Novedades por el Congreso del Estado. La Comisi\u00f3n Permanente aprob\u00f3 la designaci\u00f3n de L\u00e1zaro Jos\u00e9 Lara Balderas como magistrado del Tribunal de Justicias Administrativa, una propuesta del Gobernador Am\u00e9rico Villarreal. Ejercer\u00e1 por ocho a\u00f1os. Con ello, comienza el desmantelamiento del Tribunal \u201ccarnal\u201d del cabecismo. Lara ocupar\u00e1 [&hellip;]<\/p>\n","protected":false},"author":1,"featured_media":207897,"comment_status":"closed","ping_status":"closed","sticky":false,"template":"","format":"standard","meta":{"footnotes":""},"categories":[16],"tags":[],"class_list":["post-207896","post","type-post","status-publish","format-standard","has-post-thumbnail","hentry","category-opinion"],"_links":{"self":[{"href":"https:\/\/www.elsinodaldetamaulipas.com.mx\/index.php?rest_route=\/wp\/v2\/posts\/207896","targetHints":{"allow":["GET"]}}],"collection":[{"href":"https:\/\/www.elsinodaldetamaulipas.com.mx\/index.php?rest_route=\/wp\/v2\/posts"}],"about":[{"href":"https:\/\/www.elsinodaldetamaulipas.com.mx\/index.php?rest_route=\/wp\/v2\/types\/post"}],"author":[{"embeddable":true,"href":"https:\/\/www.elsinodaldetamaulipas.com.mx\/index.php?rest_route=\/wp\/v2\/users\/1"}],"replies":[{"embeddable":true,"href":"https:\/\/www.elsinodaldetamaulipas.com.mx\/index.php?rest_route=%2Fwp%2Fv2%2Fcomments&post=207896"}],"version-history":[{"count":1,"href":"https:\/\/www.elsinodaldetamaulipas.com.mx\/index.php?rest_route=\/wp\/v2\/posts\/207896\/revisions"}],"predecessor-version":[{"id":207898,"href":"https:\/\/www.elsinodaldetamaulipas.com.mx\/index.php?rest_route=\/wp\/v2\/posts\/207896\/revisions\/207898"}],"wp:featuredmedia":[{"embeddable":true,"href":"https:\/\/www.elsinodaldetamaulipas.com.mx\/index.php?rest_route=\/wp\/v2\/media\/207897"}],"wp:attachment":[{"href":"https:\/\/www.elsinodaldetamaulipas.com.mx\/index.php?rest_route=%2Fwp%2Fv2%2Fmedia&parent=207896"}],"wp:term":[{"taxonomy":"category","embeddable":true,"href":"https:\/\/www.elsinodaldetamaulipas.com.mx\/index.php?rest_route=%2Fwp%2Fv2%2Fcategories&post=207896"},{"taxonomy":"post_tag","embeddable":true,"href":"https:\/\/www.elsinodaldetamaulipas.com.mx\/index.php?rest_route=%2Fwp%2Fv2%2Ftags&post=207896"}],"curies":[{"name":"wp","href":"https:\/\/api.w.org\/{rel}","templated":true}]}}