{"id":207899,"date":"2025-07-14T21:45:36","date_gmt":"2025-07-15T01:45:36","guid":{"rendered":"https:\/\/www.elsinodaldetamaulipas.com.mx\/?p=207899"},"modified":"2025-07-14T21:45:36","modified_gmt":"2025-07-15T01:45:36","slug":"la-nacionalizacion-solo-fue-un-artificio-electorero","status":"publish","type":"post","link":"https:\/\/www.elsinodaldetamaulipas.com.mx\/?p=207899","title":{"rendered":"LA NACIONALIZACI\u00d3N SOLO FUE UN ARTIFICIO ELECTORERO"},"content":{"rendered":"<div class=\"post-content\">\n<p>CONFIDENCIAL<\/p>\n<p>Por ROGELIO RODR\u00cdGUEZ MENDOZA.<\/p>\n<p>El desastre se ve\u00eda venir\u2026 y lleg\u00f3 puntual, como si lo hubiera mandado la Secretar\u00eda de Comunicaciones con acuse de recibo.<\/p>\n<p>Hoy, Tamaulipas se ahoga \u2014literalmente\u2014 en su propio parque vehicular. La advertencia no viene de un activista ambiental ni de un acad\u00e9mico iluminado: la propia secretaria de Desarrollo Urbano y Medio Ambiente, Karina Sald\u00edvar Lartigue, lo dijo sin rodeos: las grandes ciudades del estado est\u00e1n asfixiadas por el exceso de autom\u00f3viles.<\/p>\n<p>Y es que, \u00bfc\u00f3mo no iban a estarlo, si en los \u00faltimos cuatro a\u00f1os el n\u00famero de veh\u00edculos creci\u00f3 casi 6 por ciento sin que las vialidades se movieran un solo cent\u00edmetro?<\/p>\n<p>Peor a\u00fan: ese crecimiento no ha sido natural ni ordenado. Ha sido ca\u00f3tico, incentivado desde el gobierno federal con tintes electorales.<\/p>\n<p>Porque, seamos claros: la \u201cnacionalizaci\u00f3n\u201d masiva de autos \u201cchocolates\u201d no es una pol\u00edtica p\u00fablica pensada para mejorar la seguridad ni para favorecer a las familias de escasos recursos. Fue y es una estrategia para rascar votos donde sea.<\/p>\n<p>Y funcion\u00f3\u2026 al menos para eso. Para las elecciones. Porque en t\u00e9rminos de movilidad urbana, fue una sentencia de muerte para las ciudades.<\/p>\n<p>Calles saturadas, tr\u00e1fico infernal, accidentes por doquier, y una infraestructura vial vieja, insuficiente y remendada con parches administrativos que no resuelven nada.<\/p>\n<p>Tampico, Reynosa, Matamoros, Victoria\u2026 todas padecen el mismo s\u00edndrome: m\u00e1s coches que calles, m\u00e1s prisa que movilidad, m\u00e1s caos que planeaci\u00f3n.<\/p>\n<p>Y como si eso no bastara, cada d\u00eda cruzan la frontera cientos de veh\u00edculos usados, sin control ni filtro, impulsados por la corrupci\u00f3n aduanera que ha hecho del contrabando automotriz un negocio redondo.<\/p>\n<p>Porque ese es el coraz\u00f3n podrido del problema: las aduanas. El descontrol vehicular no es s\u00f3lo un problema urbano, es tambi\u00e9n un reflejo de la impunidad institucionalizada.<\/p>\n<p>Mientras la puerta est\u00e9 abierta de par en par, ning\u00fan plan de movilidad, por brillante que parezca, servir\u00e1 para algo.<\/p>\n<p>Ni las avenidas ampliadas, ni los segundos pisos, ni los macroproyectos de vialidades elevadas. Todo ser\u00e1 in\u00fatil si no se frena el ingreso indiscriminado de autos extranjeros.<\/p>\n<p>Los n\u00fameros lo dicen todo: en 2020 hab\u00eda 943 mil veh\u00edculos registrados en el estado. Para 2024, la cifra ya superaba el mill\u00f3n 121 mil. Y eso s\u00f3lo contando los que est\u00e1n en regla.<\/p>\n<p>\u00bfAlguien ha medido cu\u00e1nto le cuesta eso al erario? \u00bfCu\u00e1ntas vidas humanas se han perdido en choques provocados por el hacinamiento automovil\u00edstico?<\/p>\n<p>La respuesta es inc\u00f3moda. Porque cada vida perdida en accidente automovil\u00edstico es una tragedia que pudo evitarse\u2026 si a alguien le hubiera importado realmente.<\/p>\n<p>Pero no. Aqu\u00ed se legisla para aplaudir ocurrencias, no para planear el futuro.<\/p>\n<p>La pregunta es: \u00bfcu\u00e1nto m\u00e1s podemos aguantar? Porque si algo ha quedado claro es que no hay calle que soporte tanto coche\u2026 ni sociedad que aguante tanto cinismo.<\/p>\n<p>EL RESTO.<\/p>\n<p>GATT\u00c1S DA CONTINUIDAD A OBRAS PRIORITARIAS.-<\/p>\n<p>El avance simult\u00e1neo de 11 obras en Ciudad Victoria refleja una administraci\u00f3n municipal activa y con prioridades claras. El gobierno de Eduardo Gatt\u00e1s B\u00e1ez ha apostado por mejorar infraestructura urbana, educativa y peatonal en sectores diversos de la ciudad.<\/p>\n<p>Sin aspavientos, el alcalde ha impulsado acciones concretas que responden a necesidades reales de la poblaci\u00f3n. Pavimentaciones, techumbres escolares y rehabilitaci\u00f3n de espacios p\u00fablicos hablan de una gesti\u00f3n enfocada en lo \u00fatil y lo tangible.<\/p>\n<p>En un contexto donde la confianza ciudadana suele escasear, la ejecuci\u00f3n ordenada de obra p\u00fablica en Victoria representa un mensaje de seriedad y compromiso con el bienestar colectivo.<\/p>\n<p>ASI ANDAN LAS COSAS.<\/p>\n<p><a href=\"mailto:roger_rogelio@hotmail.com\" target=\"_blank\" rel=\"noreferrer noopener\">roger_rogelio@hotmail.com<\/a><\/p>\n<\/div>\n","protected":false},"excerpt":{"rendered":"<p>CONFIDENCIAL Por ROGELIO RODR\u00cdGUEZ MENDOZA. El desastre se ve\u00eda venir\u2026 y lleg\u00f3 puntual, como si lo hubiera mandado la Secretar\u00eda de Comunicaciones con acuse de recibo. Hoy, Tamaulipas se ahoga \u2014literalmente\u2014 en su propio parque vehicular. La advertencia no viene de un activista ambiental ni de un acad\u00e9mico iluminado: la propia secretaria de Desarrollo Urbano [&hellip;]<\/p>\n","protected":false},"author":1,"featured_media":207900,"comment_status":"closed","ping_status":"closed","sticky":false,"template":"","format":"standard","meta":{"footnotes":""},"categories":[16],"tags":[],"class_list":["post-207899","post","type-post","status-publish","format-standard","has-post-thumbnail","hentry","category-opinion"],"_links":{"self":[{"href":"https:\/\/www.elsinodaldetamaulipas.com.mx\/index.php?rest_route=\/wp\/v2\/posts\/207899","targetHints":{"allow":["GET"]}}],"collection":[{"href":"https:\/\/www.elsinodaldetamaulipas.com.mx\/index.php?rest_route=\/wp\/v2\/posts"}],"about":[{"href":"https:\/\/www.elsinodaldetamaulipas.com.mx\/index.php?rest_route=\/wp\/v2\/types\/post"}],"author":[{"embeddable":true,"href":"https:\/\/www.elsinodaldetamaulipas.com.mx\/index.php?rest_route=\/wp\/v2\/users\/1"}],"replies":[{"embeddable":true,"href":"https:\/\/www.elsinodaldetamaulipas.com.mx\/index.php?rest_route=%2Fwp%2Fv2%2Fcomments&post=207899"}],"version-history":[{"count":1,"href":"https:\/\/www.elsinodaldetamaulipas.com.mx\/index.php?rest_route=\/wp\/v2\/posts\/207899\/revisions"}],"predecessor-version":[{"id":207901,"href":"https:\/\/www.elsinodaldetamaulipas.com.mx\/index.php?rest_route=\/wp\/v2\/posts\/207899\/revisions\/207901"}],"wp:featuredmedia":[{"embeddable":true,"href":"https:\/\/www.elsinodaldetamaulipas.com.mx\/index.php?rest_route=\/wp\/v2\/media\/207900"}],"wp:attachment":[{"href":"https:\/\/www.elsinodaldetamaulipas.com.mx\/index.php?rest_route=%2Fwp%2Fv2%2Fmedia&parent=207899"}],"wp:term":[{"taxonomy":"category","embeddable":true,"href":"https:\/\/www.elsinodaldetamaulipas.com.mx\/index.php?rest_route=%2Fwp%2Fv2%2Fcategories&post=207899"},{"taxonomy":"post_tag","embeddable":true,"href":"https:\/\/www.elsinodaldetamaulipas.com.mx\/index.php?rest_route=%2Fwp%2Fv2%2Ftags&post=207899"}],"curies":[{"name":"wp","href":"https:\/\/api.w.org\/{rel}","templated":true}]}}