{"id":207902,"date":"2025-07-14T21:48:04","date_gmt":"2025-07-15T01:48:04","guid":{"rendered":"https:\/\/www.elsinodaldetamaulipas.com.mx\/?p=207902"},"modified":"2025-07-14T21:48:04","modified_gmt":"2025-07-15T01:48:04","slug":"morena-y-los-infiltrados","status":"publish","type":"post","link":"https:\/\/www.elsinodaldetamaulipas.com.mx\/?p=207902","title":{"rendered":"MORENA Y LOS INFILTRADOS"},"content":{"rendered":"<div class=\"post-content\">\n<p>Tiempo y Espacio.<br \/>\nPor Jaime Luis Soto.<\/p>\n<p>En el 2024, cuando en Tamaulipas el partido Morena buscaba a sus<br \/>\ncandidatas y candidatos para las alcald\u00edas, se dice que hubo muchas<br \/>\ninfiltraciones.<br \/>\nPersonajes non gratos que de pronto se autoproclamaron<br \/>\nmorenistas, o en su defecto aspirantes externos, se metieron en la<br \/>\nfila, valga la expresi\u00f3n, para tratar de agandallar las candidaturas.<br \/>\nUn ejemplo claro lo fue en Altamira donde ARMANDO MART\u00cdNEZ<br \/>\nMANRIQUEZ, quien ha sido un verdadero fracaso como alcalde,<br \/>\nbuscaba la reelecci\u00f3n y en donde de pronto aparecieron pol\u00edticos<br \/>\nde todos los colores apunt\u00e1ndose, sin verg\u00fcenza alguna, en la lista<br \/>\nde aspirantes morenistas a la presidencia municipal de ese puerto.<br \/>\nEn algunos casos se trataba de los llamados \u201ccaballitos de troya\u201d<br \/>\nque se refiere a personajes que son enviados por enemigos -o<br \/>\nemisarios del pasado- para tratar de infiltrarse en procesos de<br \/>\npartidos pol\u00edticos.<br \/>\nObviamente con la perversa intenci\u00f3n de echar a perder la fiesta\u2026<br \/>\nIncluso, un exalcalde m\u00e1s azul que los pitufos, quiso agandallar la<br \/>\ncandidatura y grit\u00f3 a los cuatro vientos que era la mejor opci\u00f3n y<br \/>\ndeb\u00edan de postularlo.<br \/>\nPor supuesto que no le hicieron caso. Hubiera sido todo un<br \/>\nesc\u00e1ndalo su postulaci\u00f3n\u2026<br \/>\nEn Altamira fue tanto el desgarriate y se enrareci\u00f3 a m\u00e1s no poder<br \/>\nel ambiente pol\u00edtico que finalmente eso le favoreci\u00f3 a ARMANDO<\/p>\n<p>MART\u00cdNEZ MANR\u00cdQUEZ y el partido guinda decidi\u00f3 volver a<br \/>\npostularlo a pesar de que no estaba haciendo bien las cosas.<br \/>\nY es que todo apuntaba a que el hoy diputado local MARCELO<br \/>\nABUNDIS RAM\u00cdREZ ser\u00eda el candidato de Morena para la alcald\u00eda<br \/>\naltamirense, pero por culpa de los \u201ccaballitos de troya\u201d y otros<br \/>\nfactores, no logr\u00f3 su prop\u00f3sito.<br \/>\nPero lo que ocurri\u00f3 en Altamira en el 2024, al igual que en otros<br \/>\nmunicipios, donde hubo muchos infiltrados, ha estado ocurriendo a<br \/>\nlo largo y ancho de la geograf\u00eda mexicana en los procesos internos<br \/>\nde Morena para elegir a sus candidatas y candidatos.<br \/>\nNo dude usted de que en algunos municipios Morena no pudo<br \/>\ncontrolar sus procesos internos e infiltrados lograron apoderarse de<br \/>\nlas candidaturas.<br \/>\nTodo esto viene a colaci\u00f3n por lo que acaba de proponer la<br \/>\npresidenta nacional de Morena, LUISA MAR\u00cdA ALCALDE, de crear la<br \/>\nComisi\u00f3n Evaluadora de Incorporaciones.<br \/>\nDicha Comisi\u00f3n tendr\u00e1 como objetivo principal -y prioritario-<br \/>\nanalizar a los nuevos perfiles que quieran incorporarse al partido<br \/>\nguinda y dar el visto bueno antes de formalizar la afiliaci\u00f3n.<br \/>\nComo dir\u00eda don Teofilito: Primero lo primero y segundo lo<br \/>\nsegundo\u2026<br \/>\nEs decir, lo que propone LUISA MAR\u00cdA es algo que mucho puede<br \/>\nayudarle a Morena para detener las infiltraciones de personajes<br \/>\nnon gratos que no buscan fortalecer al partido guinda, todo lo<br \/>\ncontrario, sembrar ciza\u00f1a y debilitarlo.<\/p>\n<p>Nadie, en su sano juicio, dejar\u00eda entrar a su casa a un desconocido<br \/>\nsin saber de d\u00f3nde recontra demonios viene, qu\u00e9 hace y en que<br \/>\ntrabaja el muchacho.<br \/>\nHay que decirlo: Las infiltraciones de personajes perversos le han<br \/>\nhecho mucho da\u00f1o al partido guinda.<br \/>\nY es tiempo de ponerles un alto\u2026<br \/>\nPorque de no hacerlo a tiempo, Morena lo va a lamentar y mucho.<br \/>\nM\u00e1s vale prevenir, que lamentar\u2026<br \/>\nCambiando totalmente de tema, mire usted que Tamaulipas es el<br \/>\nestado m\u00e1s beneficiado en el arranque del programa Vivienda para<br \/>\nel Bienestar que impulsa la presidenta CLAUDIA SHEINBAUM.<br \/>\nYa que de las 7 mil 612 viviendas que se entregar\u00e1n antes del mes<br \/>\nde febrero de 2026, mil 611 ser\u00e1n para Tamaulipas.<br \/>\nEsto, como resultado del convenio de colaboraci\u00f3n que firm\u00f3 el<br \/>\ngobernador AM\u00c9RICO VILLARREAL ANAYA con el director general<br \/>\ndel INFONAVIT, OCTAVIO ROMERO OROPEZA.<br \/>\nDurante la conferencia Ma\u00f1anera del Pueblo, de este lunes, en<br \/>\nPalacio Nacional, la presidenta de M\u00e9xico, CLAUDIA SHEINBAUM,<br \/>\npresent\u00f3 el avance de este programa.<br \/>\n\u201cDe la construcci\u00f3n del 2025 a las viviendas que nos<br \/>\ncomprometimos que son 186 mil. Se tienen todos los predios, ya<br \/>\ninici\u00f3 la construcci\u00f3n. Y como ven, la mayor\u00eda est\u00e1 en limpieza de<br \/>\nterrenos, algunos ya iniciaron su construcci\u00f3n. O sea, que podemos<br \/>\ndecir que de la meta del 2025 de 186 mil viviendas por lo menos, ya<br \/>\nest\u00e1n todos los predios y ya inici\u00f3 la construcci\u00f3n\u201d, mencion\u00f3.<\/p>\n<p>Por su parte, el titular del INFONAVIT dio a conocer que en<br \/>\nTamaulipas se est\u00e1n desarrollando complejos de vivienda en los<br \/>\nmunicipios de Altamira, Victoria y Reynosa.<br \/>\nROMERO OROPEZA se refiri\u00f3 al caso de ciudad Victoria, para<br \/>\nejemplificar el programa prioritario de construcci\u00f3n de vivienda<br \/>\npara los mexicanos de menos ingresos.<br \/>\nEl cual a partir de agosto y durante el 2025 tendr\u00e1 disponible un<br \/>\nconjunto de viviendas ubicadas en zonas que tienen condiciones<br \/>\n\u00f3ptimas para el bienestar y desarrollo de las familias.<br \/>\nLas viviendas proyectadas estar\u00e1n destinadas a las trabajadoras y<br \/>\ntrabajadores que ganan dos salarios m\u00ednimos; \u00e9stas contar\u00e1n con<br \/>\n60 metros cuadrados de construcci\u00f3n, con todos los servicios y ya<br \/>\nse edifican en el fraccionamiento Todos por Tamaulipas.<br \/>\nMientras que en un destacado esfuerzo por fortalecer la proyecci\u00f3n<br \/>\ninternacional de la Universidad Aut\u00f3noma de Tamaulipas (UAT),<br \/>\ndos catedr\u00e1ticos de la Facultad de Derecho y Ciencias Sociales<br \/>\nVictoria (FDCSV) participaron como ponentes en el Programa de<br \/>\nClases Maestras de la Confederaci\u00f3n Panamericana de Escuelas de<br \/>\nHoteler\u00eda, Gastronom\u00eda y Turismo (CONPEHT).<br \/>\nLa CONPEHT es considerada la organizaci\u00f3n acad\u00e9mica de mayor<br \/>\ntrayectoria en Iberoam\u00e9rica en el \u00e1mbito tur\u00edstico.<br \/>\nLa coordinadora de la Licenciatura en Turismo de la FDCSV, ROC\u00cdO<br \/>\nDEL CARMEN AYALA GARZA, expres\u00f3 que esta participaci\u00f3n<br \/>\ninternacional permiti\u00f3 a la UAT compartir conocimientos con<br \/>\ninstituciones de pa\u00edses como Espa\u00f1a, Per\u00fa, Ecuador, Chile y Bolivia.<br \/>\nSe\u00f1al\u00f3 que, gracias al impulso del rector de la UAT, D\u00c1MASO<br \/>\nANAYA ALVARADO, y al respaldo del director de la Facultad, EDY<\/p>\n<p>IZAGUIRRE TREVI\u00d1O, contin\u00faan consolidando la calidad acad\u00e9mica,<br \/>\nla actualizaci\u00f3n de especialistas y la vinculaci\u00f3n internacional.<br \/>\nEn este marco, el doctor JUAN FRANCISCO MORALES PACHECO<br \/>\nimparti\u00f3 la clase magistral \u201cGeograf\u00eda del Espacio Tur\u00edstico\u00bb a<br \/>\nestudiantes de instituciones de Ecuador y Per\u00fa, con quienes<br \/>\nsostuvo un intercambio acad\u00e9mico sobre la dimensi\u00f3n territorial y<br \/>\nlos fen\u00f3menos que impactan los espacios tur\u00edsticos.<br \/>\nPor su parte, el doctor MIGUEL \u00c1NGEL D\u00c1VILA RUIZ present\u00f3 la<br \/>\nclase \u201cResiliencia del Espacio Tur\u00edstico\u00bb, dirigida a estudiantes de la<br \/>\nUniversidad Cat\u00f3lica de Chile y la Universidad Cat\u00f3lica de Bolivia.<br \/>\nSu ponencia se centr\u00f3 en los procesos de sostenibilidad y<br \/>\nrestauraci\u00f3n del entorno tur\u00edstico a trav\u00e9s de la adaptaci\u00f3n basada<br \/>\nen ecosistemas, una l\u00ednea de investigaci\u00f3n poco abordada en<br \/>\nAm\u00e9rica Latina.<br \/>\nEstas contribuciones reflejan el compromiso institucional de la UAT<br \/>\ny su comunidad acad\u00e9mica con la formaci\u00f3n de profesionales de<br \/>\nalto nivel, al tiempo que reafirman su presencia y participaci\u00f3n en<br \/>\nredes de colaboraci\u00f3n internacional orientadas al desarrollo<br \/>\nsostenible del turismo en Am\u00e9rica Latina.<br \/>\nEs todo por hoy. Muchas gracias por leer.<br \/>\nCorreo electr\u00f3nico: jaimeluissoto@hotmail.com<\/p>\n<\/div>\n","protected":false},"excerpt":{"rendered":"<p>Tiempo y Espacio. Por Jaime Luis Soto. En el 2024, cuando en Tamaulipas el partido Morena buscaba a sus candidatas y candidatos para las alcald\u00edas, se dice que hubo muchas infiltraciones. Personajes non gratos que de pronto se autoproclamaron morenistas, o en su defecto aspirantes externos, se metieron en la fila, valga la expresi\u00f3n, para [&hellip;]<\/p>\n","protected":false},"author":1,"featured_media":207903,"comment_status":"closed","ping_status":"closed","sticky":false,"template":"","format":"standard","meta":{"footnotes":""},"categories":[16],"tags":[],"class_list":["post-207902","post","type-post","status-publish","format-standard","has-post-thumbnail","hentry","category-opinion"],"_links":{"self":[{"href":"https:\/\/www.elsinodaldetamaulipas.com.mx\/index.php?rest_route=\/wp\/v2\/posts\/207902","targetHints":{"allow":["GET"]}}],"collection":[{"href":"https:\/\/www.elsinodaldetamaulipas.com.mx\/index.php?rest_route=\/wp\/v2\/posts"}],"about":[{"href":"https:\/\/www.elsinodaldetamaulipas.com.mx\/index.php?rest_route=\/wp\/v2\/types\/post"}],"author":[{"embeddable":true,"href":"https:\/\/www.elsinodaldetamaulipas.com.mx\/index.php?rest_route=\/wp\/v2\/users\/1"}],"replies":[{"embeddable":true,"href":"https:\/\/www.elsinodaldetamaulipas.com.mx\/index.php?rest_route=%2Fwp%2Fv2%2Fcomments&post=207902"}],"version-history":[{"count":1,"href":"https:\/\/www.elsinodaldetamaulipas.com.mx\/index.php?rest_route=\/wp\/v2\/posts\/207902\/revisions"}],"predecessor-version":[{"id":207904,"href":"https:\/\/www.elsinodaldetamaulipas.com.mx\/index.php?rest_route=\/wp\/v2\/posts\/207902\/revisions\/207904"}],"wp:featuredmedia":[{"embeddable":true,"href":"https:\/\/www.elsinodaldetamaulipas.com.mx\/index.php?rest_route=\/wp\/v2\/media\/207903"}],"wp:attachment":[{"href":"https:\/\/www.elsinodaldetamaulipas.com.mx\/index.php?rest_route=%2Fwp%2Fv2%2Fmedia&parent=207902"}],"wp:term":[{"taxonomy":"category","embeddable":true,"href":"https:\/\/www.elsinodaldetamaulipas.com.mx\/index.php?rest_route=%2Fwp%2Fv2%2Fcategories&post=207902"},{"taxonomy":"post_tag","embeddable":true,"href":"https:\/\/www.elsinodaldetamaulipas.com.mx\/index.php?rest_route=%2Fwp%2Fv2%2Ftags&post=207902"}],"curies":[{"name":"wp","href":"https:\/\/api.w.org\/{rel}","templated":true}]}}