{"id":207910,"date":"2025-07-15T11:23:17","date_gmt":"2025-07-15T15:23:17","guid":{"rendered":"https:\/\/www.elsinodaldetamaulipas.com.mx\/?p=207910"},"modified":"2025-07-15T11:23:17","modified_gmt":"2025-07-15T15:23:17","slug":"presuntos-secuestradores-vinculados-a-proceso-3","status":"publish","type":"post","link":"https:\/\/www.elsinodaldetamaulipas.com.mx\/?p=207910","title":{"rendered":"PRESUNTOS SECUESTRADORES, VINCULADOS A PROCESO"},"content":{"rendered":"<p><em><strong>EL SINODAL DE TAMAULIPAS<\/strong><\/em><\/p>\n<p>Ciudad Victoria, Tamaulipas.- La Fiscal\u00eda General de Justicia del Estado de Tamaulipas informa que, la Fiscal\u00eda Especializada en la Investigaci\u00f3n de los Delitos de Desaparici\u00f3n Forzada de Personas realiz\u00f3 las acciones jur\u00eddicas necesarias para que fueran vinculados a proceso Gerardo Daniel \u201cE\u201d y Alejandra \u201cB\u201d por el delito de Desaparici\u00f3n Cometida por Particulares.<\/p>\n<p>&nbsp;<\/p>\n<p>El Agente del Ministerio P\u00fablico presento elementos que implican a los acusados en el citado delito, registrado el pasado 1 de junio en el municipio de Padilla, por lo que la autoridad judicial decret\u00f3 la vinculaci\u00f3n a proceso.<\/p>\n<p>&nbsp;<\/p>\n<p>Gerardo Daniel \u201cE\u201d y Alejandra \u201cB\u201d permanecer\u00e1n en prisi\u00f3n preventiva, seg\u00fan lo estableci\u00f3 la autoridad judicial quien tambi\u00e9n decret\u00f3 un plazo de cuatro meses para el cierre de la investigaci\u00f3n complementaria.<\/p>\n<p>&nbsp;<\/p>\n<p>Con este tipo de acciones, la Fiscal\u00eda General de Justicia del Estado de Tamaulipas refrenda su compromiso de no permitir impunidad a quienes atentan contra la libertad personal y la seguridad individual de las y los tamaulipecos.<\/p>\n","protected":false},"excerpt":{"rendered":"<p>EL SINODAL DE TAMAULIPAS Ciudad Victoria, Tamaulipas.- La Fiscal\u00eda General de Justicia del Estado de Tamaulipas informa que, la Fiscal\u00eda Especializada en la Investigaci\u00f3n de los Delitos de Desaparici\u00f3n Forzada de Personas realiz\u00f3 las acciones jur\u00eddicas necesarias para que fueran vinculados a proceso Gerardo Daniel \u201cE\u201d y Alejandra \u201cB\u201d por el delito de Desaparici\u00f3n Cometida [&hellip;]<\/p>\n","protected":false},"author":1,"featured_media":207911,"comment_status":"closed","ping_status":"closed","sticky":false,"template":"","format":"standard","meta":{"footnotes":""},"categories":[25],"tags":[],"class_list":["post-207910","post","type-post","status-publish","format-standard","has-post-thumbnail","hentry","category-leyyorden"],"_links":{"self":[{"href":"https:\/\/www.elsinodaldetamaulipas.com.mx\/index.php?rest_route=\/wp\/v2\/posts\/207910","targetHints":{"allow":["GET"]}}],"collection":[{"href":"https:\/\/www.elsinodaldetamaulipas.com.mx\/index.php?rest_route=\/wp\/v2\/posts"}],"about":[{"href":"https:\/\/www.elsinodaldetamaulipas.com.mx\/index.php?rest_route=\/wp\/v2\/types\/post"}],"author":[{"embeddable":true,"href":"https:\/\/www.elsinodaldetamaulipas.com.mx\/index.php?rest_route=\/wp\/v2\/users\/1"}],"replies":[{"embeddable":true,"href":"https:\/\/www.elsinodaldetamaulipas.com.mx\/index.php?rest_route=%2Fwp%2Fv2%2Fcomments&post=207910"}],"version-history":[{"count":1,"href":"https:\/\/www.elsinodaldetamaulipas.com.mx\/index.php?rest_route=\/wp\/v2\/posts\/207910\/revisions"}],"predecessor-version":[{"id":207912,"href":"https:\/\/www.elsinodaldetamaulipas.com.mx\/index.php?rest_route=\/wp\/v2\/posts\/207910\/revisions\/207912"}],"wp:featuredmedia":[{"embeddable":true,"href":"https:\/\/www.elsinodaldetamaulipas.com.mx\/index.php?rest_route=\/wp\/v2\/media\/207911"}],"wp:attachment":[{"href":"https:\/\/www.elsinodaldetamaulipas.com.mx\/index.php?rest_route=%2Fwp%2Fv2%2Fmedia&parent=207910"}],"wp:term":[{"taxonomy":"category","embeddable":true,"href":"https:\/\/www.elsinodaldetamaulipas.com.mx\/index.php?rest_route=%2Fwp%2Fv2%2Fcategories&post=207910"},{"taxonomy":"post_tag","embeddable":true,"href":"https:\/\/www.elsinodaldetamaulipas.com.mx\/index.php?rest_route=%2Fwp%2Fv2%2Ftags&post=207910"}],"curies":[{"name":"wp","href":"https:\/\/api.w.org\/{rel}","templated":true}]}}