{"id":207913,"date":"2025-07-15T11:26:00","date_gmt":"2025-07-15T15:26:00","guid":{"rendered":"https:\/\/www.elsinodaldetamaulipas.com.mx\/?p=207913"},"modified":"2025-07-15T11:27:29","modified_gmt":"2025-07-15T15:27:29","slug":"207913","status":"publish","type":"post","link":"https:\/\/www.elsinodaldetamaulipas.com.mx\/?p=207913","title":{"rendered":"ABUS\u00d3 DE MENOR Y PAGAR\u00c1 LAS CONSECUENCIAS"},"content":{"rendered":"<p><em>EL SINODAL DE TAMAULIPAS<\/em><\/p>\n<p>Matamoros, Tamaulipas.\u2013 La Fiscal\u00eda General de Justicia del Estado de Tamaulipas informa que, el Agente del Ministerio P\u00fablico realiz\u00f3 las acciones jur\u00eddicas necesarias para que fuera dictada sentencia condenatoria de 20 a\u00f1os de prisi\u00f3n en contra de Ram\u00f3n \u201cC\u201d, por el delito de Violaci\u00f3n Agravada en perjuicio de una persona menor de edad.<\/p>\n<p>Un Tribunal de Juicio Oral emiti\u00f3 la condena despu\u00e9s de que el Representante Social presentara pruebas que acreditaron la responsabilidad del hoy sentenciado en los hechos ocurridos en el mes de abril de 2016, en un domicilio de la ciudad antes se\u00f1alada.<\/p>\n<p>La autoridad judicial tambi\u00e9n estableci\u00f3 que Ram\u00f3n \u201cC\u201d deber\u00e1 cubrir la reparaci\u00f3n del da\u00f1o en forma gen\u00e9rica, conforme a lo establecido en el marco legal vigente.<\/p>\n<p>La Fiscal\u00eda General de Justicia del Estado de Tamaulipas refrenda su compromiso con la procuraci\u00f3n de justicia para las v\u00edctimas de delitos que vulneran su integridad y dignidad, especialmente cuando se trata de ni\u00f1as, ni\u00f1os y adolescentes.<\/p>\n","protected":false},"excerpt":{"rendered":"<p>EL SINODAL DE TAMAULIPAS Matamoros, Tamaulipas.\u2013 La Fiscal\u00eda General de Justicia del Estado de Tamaulipas informa que, el Agente del Ministerio P\u00fablico realiz\u00f3 las acciones jur\u00eddicas necesarias para que fuera dictada sentencia condenatoria de 20 a\u00f1os de prisi\u00f3n en contra de Ram\u00f3n \u201cC\u201d, por el delito de Violaci\u00f3n Agravada en perjuicio de una persona menor [&hellip;]<\/p>\n","protected":false},"author":1,"featured_media":207914,"comment_status":"closed","ping_status":"closed","sticky":false,"template":"","format":"standard","meta":{"footnotes":""},"categories":[25],"tags":[],"class_list":["post-207913","post","type-post","status-publish","format-standard","has-post-thumbnail","hentry","category-leyyorden"],"_links":{"self":[{"href":"https:\/\/www.elsinodaldetamaulipas.com.mx\/index.php?rest_route=\/wp\/v2\/posts\/207913","targetHints":{"allow":["GET"]}}],"collection":[{"href":"https:\/\/www.elsinodaldetamaulipas.com.mx\/index.php?rest_route=\/wp\/v2\/posts"}],"about":[{"href":"https:\/\/www.elsinodaldetamaulipas.com.mx\/index.php?rest_route=\/wp\/v2\/types\/post"}],"author":[{"embeddable":true,"href":"https:\/\/www.elsinodaldetamaulipas.com.mx\/index.php?rest_route=\/wp\/v2\/users\/1"}],"replies":[{"embeddable":true,"href":"https:\/\/www.elsinodaldetamaulipas.com.mx\/index.php?rest_route=%2Fwp%2Fv2%2Fcomments&post=207913"}],"version-history":[{"count":3,"href":"https:\/\/www.elsinodaldetamaulipas.com.mx\/index.php?rest_route=\/wp\/v2\/posts\/207913\/revisions"}],"predecessor-version":[{"id":207917,"href":"https:\/\/www.elsinodaldetamaulipas.com.mx\/index.php?rest_route=\/wp\/v2\/posts\/207913\/revisions\/207917"}],"wp:featuredmedia":[{"embeddable":true,"href":"https:\/\/www.elsinodaldetamaulipas.com.mx\/index.php?rest_route=\/wp\/v2\/media\/207914"}],"wp:attachment":[{"href":"https:\/\/www.elsinodaldetamaulipas.com.mx\/index.php?rest_route=%2Fwp%2Fv2%2Fmedia&parent=207913"}],"wp:term":[{"taxonomy":"category","embeddable":true,"href":"https:\/\/www.elsinodaldetamaulipas.com.mx\/index.php?rest_route=%2Fwp%2Fv2%2Fcategories&post=207913"},{"taxonomy":"post_tag","embeddable":true,"href":"https:\/\/www.elsinodaldetamaulipas.com.mx\/index.php?rest_route=%2Fwp%2Fv2%2Ftags&post=207913"}],"curies":[{"name":"wp","href":"https:\/\/api.w.org\/{rel}","templated":true}]}}