{"id":207918,"date":"2025-07-15T11:29:00","date_gmt":"2025-07-15T15:29:00","guid":{"rendered":"https:\/\/www.elsinodaldetamaulipas.com.mx\/?p=207918"},"modified":"2025-07-15T11:29:00","modified_gmt":"2025-07-15T15:29:00","slug":"asaltante-de-comercios-va-a-la-sombra-6-anos","status":"publish","type":"post","link":"https:\/\/www.elsinodaldetamaulipas.com.mx\/?p=207918","title":{"rendered":"ASALTANTE DE COMERCIOS VA A LA SOMBRA 6 A\u00d1OS"},"content":{"rendered":"<p><em><strong>EL SINODAL DE TAMAULIPAS<\/strong><\/em><\/p>\n<p>Reynosa, Tamaulipas.- La Fiscal\u00eda General de Justicia del Estado de Tamaulipas informa que, el Agente del Ministerio P\u00fablico obtuvo sentencia condenatoria de 6 a\u00f1os y 4 meses de prisi\u00f3n en contra de Jes\u00fas Emilio \u00abA\u00bb, por el delito de Robo a Comercio con Violencia.<\/p>\n<p>La resoluci\u00f3n fue emitida por un Juez de Control, mediante Procedimiento Abreviado, luego de que el hoy sentenciado y su defensa aceptara su responsabilidad, ante los elementos de prueba aportados por el Representante Social sobre los hechos ocurridos el 4 de febrero de 2024, en una tienda de conveniencia, ubicada en la colonia Pedro J. M\u00e9ndez, de este municipio.<\/p>\n<p>Asimismo, el Juez impuso el pago de una multa por la cantidad de 5 mil 862.78 pesos y se conden\u00f3 al responsable a la reparaci\u00f3n del da\u00f1o, la cual fue cubierta previamente.<\/p>\n<p>La Fiscal\u00eda General de Justicia del Estado de Tamaulipas reafirma su compromiso de procurar justicia y combatir con firmeza los delitos que afectan la seguridad y el patrimonio de las y los tamaulipecos.<\/p>\n<p>&#8212;-<\/p>\n","protected":false},"excerpt":{"rendered":"<p>EL SINODAL DE TAMAULIPAS Reynosa, Tamaulipas.- La Fiscal\u00eda General de Justicia del Estado de Tamaulipas informa que, el Agente del Ministerio P\u00fablico obtuvo sentencia condenatoria de 6 a\u00f1os y 4 meses de prisi\u00f3n en contra de Jes\u00fas Emilio \u00abA\u00bb, por el delito de Robo a Comercio con Violencia. La resoluci\u00f3n fue emitida por un Juez [&hellip;]<\/p>\n","protected":false},"author":1,"featured_media":207919,"comment_status":"closed","ping_status":"closed","sticky":false,"template":"","format":"standard","meta":{"footnotes":""},"categories":[25],"tags":[],"class_list":["post-207918","post","type-post","status-publish","format-standard","has-post-thumbnail","hentry","category-leyyorden"],"_links":{"self":[{"href":"https:\/\/www.elsinodaldetamaulipas.com.mx\/index.php?rest_route=\/wp\/v2\/posts\/207918","targetHints":{"allow":["GET"]}}],"collection":[{"href":"https:\/\/www.elsinodaldetamaulipas.com.mx\/index.php?rest_route=\/wp\/v2\/posts"}],"about":[{"href":"https:\/\/www.elsinodaldetamaulipas.com.mx\/index.php?rest_route=\/wp\/v2\/types\/post"}],"author":[{"embeddable":true,"href":"https:\/\/www.elsinodaldetamaulipas.com.mx\/index.php?rest_route=\/wp\/v2\/users\/1"}],"replies":[{"embeddable":true,"href":"https:\/\/www.elsinodaldetamaulipas.com.mx\/index.php?rest_route=%2Fwp%2Fv2%2Fcomments&post=207918"}],"version-history":[{"count":1,"href":"https:\/\/www.elsinodaldetamaulipas.com.mx\/index.php?rest_route=\/wp\/v2\/posts\/207918\/revisions"}],"predecessor-version":[{"id":207920,"href":"https:\/\/www.elsinodaldetamaulipas.com.mx\/index.php?rest_route=\/wp\/v2\/posts\/207918\/revisions\/207920"}],"wp:featuredmedia":[{"embeddable":true,"href":"https:\/\/www.elsinodaldetamaulipas.com.mx\/index.php?rest_route=\/wp\/v2\/media\/207919"}],"wp:attachment":[{"href":"https:\/\/www.elsinodaldetamaulipas.com.mx\/index.php?rest_route=%2Fwp%2Fv2%2Fmedia&parent=207918"}],"wp:term":[{"taxonomy":"category","embeddable":true,"href":"https:\/\/www.elsinodaldetamaulipas.com.mx\/index.php?rest_route=%2Fwp%2Fv2%2Fcategories&post=207918"},{"taxonomy":"post_tag","embeddable":true,"href":"https:\/\/www.elsinodaldetamaulipas.com.mx\/index.php?rest_route=%2Fwp%2Fv2%2Ftags&post=207918"}],"curies":[{"name":"wp","href":"https:\/\/api.w.org\/{rel}","templated":true}]}}