{"id":207921,"date":"2025-07-15T11:37:02","date_gmt":"2025-07-15T15:37:02","guid":{"rendered":"https:\/\/www.elsinodaldetamaulipas.com.mx\/?p=207921"},"modified":"2025-07-15T11:37:02","modified_gmt":"2025-07-15T15:37:02","slug":"entre-rumores-de-infidelidades-panini-y-esposo-vacacionan","status":"publish","type":"post","link":"https:\/\/www.elsinodaldetamaulipas.com.mx\/?p=207921","title":{"rendered":"ENTRE RUMORES DE INFIDELIDADES, PANINI Y ESPOSO VACACIONAN"},"content":{"rendered":"<p><em>EL SINODAL DE TAMAULIPAS<\/em><\/p>\n<p>Paris, Francia.- La historia de Karla Panini y Am\u00e9rico Garza ha sido tan pol\u00e9mica desde sus inicios, que su relaci\u00f3n amorosa se volvi\u00f3 tema de conversaci\u00f3n en todo el mundo.<\/p>\n<p>&nbsp;<\/p>\n<p>Aunque llevan a\u00f1os juntos, las cr\u00edticas no cesan por la forma en que se conocieron y decidieron iniciar su vida como pareja. Ahora, surgen nuevas especulaciones que apuntan a supuestas infidelidades dentro del matrimonio.<\/p>\n<p>&nbsp;<\/p>\n<p>Karla Panini carg\u00f3 con el peso de ser vista como \u201cla villana de M\u00e9xico\u201d. Luego de ser se\u00f1alada como la tercera en discordia cuando Karla Luna, su amiga y entonces esposa de Am\u00e9rico, enfrentaba el c\u00e1ncer. A pesar del pasado, el matrimonio Panini-Garza sigue firme, incluso mientras circulan rumores que indican que esta vez habr\u00eda sido Panini quien sufri\u00f3 una traici\u00f3n.<\/p>\n<p>&nbsp;<\/p>\n<p>Seg\u00fan se comenta, Am\u00e9rico habr\u00eda tenido un romance con otra mujer. Sin embargo, lejos de hacer eco de los comentarios, la familia decidi\u00f3 irse de vacaciones por varios destinos en Europa. Karla Panini comparti\u00f3 en su cuenta oficial de Instagram algunas fotos de su viaje, donde se observa a todos disfrutando lugares como Turqu\u00eda y Par\u00eds.<\/p>\n<p>&nbsp;<\/p>\n<p>En esas im\u00e1genes tambi\u00e9n aparecen Estephany, Jos\u00e9 Rub\u00e9n, Nina Victoria y Sara Valentina, hijos que Am\u00e9rico tuvo con la fallecida Karla Luna. Durante este recorrido, incluso celebraron el cumplea\u00f1os 16 de Sara con un emotivo mensaje que publicaron en redes:<\/p>\n<p>&nbsp;<\/p>\n<p>\u201cHoy hace 16 a\u00f1os me ense\u00f1aste el amor m\u00e1s puro que se puede sentir, ese d\u00eda en tu peque\u00f1o o\u00eddo te susurr\u00e9 y te promet\u00ed que siempre te iba a cuidar y proteger con mi vida. Que complicado aceptar que ya creciste y te est\u00e1s convirtiendo en mujer aunque para m\u00ed eres mi beb\u00e9\u201d.<\/p>\n<p>&nbsp;<\/p>\n<p>Por otro lado, Fabiola Mart\u00ednez revel\u00f3 recientemente a la revista TV y Notas que tambi\u00e9n habr\u00eda tenido una relaci\u00f3n con Am\u00e9rico Garza en 2015, justo cuando atravesaba una crisis con su esposo Armando G\u00f3mez.<\/p>\n<p>&nbsp;<\/p>\n<p>\u201cFue a mediados de 2015, en un tiempo en el que mi matrimonio tuvo una fractura y mi entonces esposo y yo nos dimos un tiempo; en ese momento fue cuando se dio una relaci\u00f3n con Am\u00e9rico\u2026yo a \u00e9l no lo ve\u00eda como algo serio; nuestra aventura se dio durante esta gira y los dos acordamos que cuando regres\u00e1ramos a Monterrey, \u00edbamos a terminar\u201d.<\/p>\n<p>&nbsp;<\/p>\n<p>As\u00ed, en medio de vacaciones y recuerdos familiares, la pol\u00e9mica vuelve a rodear a Panini y Garza, quienes hasta ahora han optado por continuar con su vida sin dar explicaciones.<\/p>\n","protected":false},"excerpt":{"rendered":"<p>EL SINODAL DE TAMAULIPAS Paris, Francia.- La historia de Karla Panini y Am\u00e9rico Garza ha sido tan pol\u00e9mica desde sus inicios, que su relaci\u00f3n amorosa se volvi\u00f3 tema de conversaci\u00f3n en todo el mundo. &nbsp; Aunque llevan a\u00f1os juntos, las cr\u00edticas no cesan por la forma en que se conocieron y decidieron iniciar su vida [&hellip;]<\/p>\n","protected":false},"author":1,"featured_media":207922,"comment_status":"closed","ping_status":"closed","sticky":false,"template":"","format":"standard","meta":{"footnotes":""},"categories":[15,1],"tags":[],"class_list":["post-207921","post","type-post","status-publish","format-standard","has-post-thumbnail","hentry","category-espectaculos","category-portada"],"_links":{"self":[{"href":"https:\/\/www.elsinodaldetamaulipas.com.mx\/index.php?rest_route=\/wp\/v2\/posts\/207921","targetHints":{"allow":["GET"]}}],"collection":[{"href":"https:\/\/www.elsinodaldetamaulipas.com.mx\/index.php?rest_route=\/wp\/v2\/posts"}],"about":[{"href":"https:\/\/www.elsinodaldetamaulipas.com.mx\/index.php?rest_route=\/wp\/v2\/types\/post"}],"author":[{"embeddable":true,"href":"https:\/\/www.elsinodaldetamaulipas.com.mx\/index.php?rest_route=\/wp\/v2\/users\/1"}],"replies":[{"embeddable":true,"href":"https:\/\/www.elsinodaldetamaulipas.com.mx\/index.php?rest_route=%2Fwp%2Fv2%2Fcomments&post=207921"}],"version-history":[{"count":1,"href":"https:\/\/www.elsinodaldetamaulipas.com.mx\/index.php?rest_route=\/wp\/v2\/posts\/207921\/revisions"}],"predecessor-version":[{"id":207923,"href":"https:\/\/www.elsinodaldetamaulipas.com.mx\/index.php?rest_route=\/wp\/v2\/posts\/207921\/revisions\/207923"}],"wp:featuredmedia":[{"embeddable":true,"href":"https:\/\/www.elsinodaldetamaulipas.com.mx\/index.php?rest_route=\/wp\/v2\/media\/207922"}],"wp:attachment":[{"href":"https:\/\/www.elsinodaldetamaulipas.com.mx\/index.php?rest_route=%2Fwp%2Fv2%2Fmedia&parent=207921"}],"wp:term":[{"taxonomy":"category","embeddable":true,"href":"https:\/\/www.elsinodaldetamaulipas.com.mx\/index.php?rest_route=%2Fwp%2Fv2%2Fcategories&post=207921"},{"taxonomy":"post_tag","embeddable":true,"href":"https:\/\/www.elsinodaldetamaulipas.com.mx\/index.php?rest_route=%2Fwp%2Fv2%2Ftags&post=207921"}],"curies":[{"name":"wp","href":"https:\/\/api.w.org\/{rel}","templated":true}]}}