{"id":207924,"date":"2025-07-15T11:49:16","date_gmt":"2025-07-15T15:49:16","guid":{"rendered":"https:\/\/www.elsinodaldetamaulipas.com.mx\/?p=207924"},"modified":"2025-07-15T11:50:43","modified_gmt":"2025-07-15T15:50:43","slug":"surgen-mas-implicados-en-caso-del-grupo-fugitivo","status":"publish","type":"post","link":"https:\/\/www.elsinodaldetamaulipas.com.mx\/?p=207924","title":{"rendered":"SURGEN M\u00c1S IMPLICADOS EN CASO DEL GRUPO FUGITIVO"},"content":{"rendered":"<h3>Irving Barrios confirma que las pesquisas siguen activas<\/h3>\n<p>&nbsp;<\/p>\n<p>EL SINODAL DE TAMAULIPAS<\/p>\n<p>Cd. Victoria, Tamaulipas.- Las investigaciones del caso de los integrantes del grupo musical Fugitivo siguen en curso, y han arrojado datos que apuntan a m\u00e1s involucrados. El Fiscal General de Justicia del Estado, Irving Barrios Mojica, explic\u00f3 que adem\u00e1s de los tres detenidos actuales, hay pistas claras en el caso del Grupo Fugitivo que implican a otras dos personas.<\/p>\n<p>&nbsp;<\/p>\n<p>\u201cTenemos elementos que apuntan a que estas personas proporcionaron apoyo log\u00edstico. No participaron necesariamente en los hechos m\u00e1s graves, pero s\u00ed fueron parte del entramado\u201d.<\/p>\n<p>&nbsp;<\/p>\n<p>Asimismo, detall\u00f3 que los detenidos ya est\u00e1n bajo resguardo judicial y en proceso legal. Por su parte, aclar\u00f3 que trabajan de forma coordinada con la Fiscal\u00eda General de la Rep\u00fablica (FGR) para revisar pruebas t\u00e9cnicas y peritajes clave en el caso del Grupo Fugitivo.<\/p>\n<p>&nbsp;<\/p>\n<p>\u201cNosotros confiamos en nuestros peritos y t\u00e9cnicos, pero tambi\u00e9n, al solicitar el apoyo de la FGR, estamos mostrando apertura y compromiso con la verdad\u201d, precis\u00f3 un portavoz de la fiscal\u00eda estatal.<\/p>\n<p>&nbsp;<\/p>\n<p>Respecto al caso de Edder Alfonso Benavides Ru\u00edz, el fiscal fue tajante al rechazar que se haya cerrado el expediente. Asimismo, insisti\u00f3 en que se sigue avanzando en las pesquisas y que no dejar\u00e1n el caso inconcluso.<\/p>\n<p>&nbsp;<\/p>\n<p>\u201cSeguimos trabajando. Hay dos personas vinculadas a proceso y continuamos con nuevas l\u00edneas de investigaci\u00f3n. La familia puede estar segura de que no se ha dado carpetazo al caso\u201d.<\/p>\n","protected":false},"excerpt":{"rendered":"<p>Irving Barrios confirma que las pesquisas siguen activas &nbsp; EL SINODAL DE TAMAULIPAS Cd. Victoria, Tamaulipas.- Las investigaciones del caso de los integrantes del grupo musical Fugitivo siguen en curso, y han arrojado datos que apuntan a m\u00e1s involucrados. El Fiscal General de Justicia del Estado, Irving Barrios Mojica, explic\u00f3 que adem\u00e1s de los tres [&hellip;]<\/p>\n","protected":false},"author":1,"featured_media":207926,"comment_status":"closed","ping_status":"closed","sticky":false,"template":"","format":"standard","meta":{"footnotes":""},"categories":[25,1],"tags":[],"class_list":["post-207924","post","type-post","status-publish","format-standard","has-post-thumbnail","hentry","category-leyyorden","category-portada"],"_links":{"self":[{"href":"https:\/\/www.elsinodaldetamaulipas.com.mx\/index.php?rest_route=\/wp\/v2\/posts\/207924","targetHints":{"allow":["GET"]}}],"collection":[{"href":"https:\/\/www.elsinodaldetamaulipas.com.mx\/index.php?rest_route=\/wp\/v2\/posts"}],"about":[{"href":"https:\/\/www.elsinodaldetamaulipas.com.mx\/index.php?rest_route=\/wp\/v2\/types\/post"}],"author":[{"embeddable":true,"href":"https:\/\/www.elsinodaldetamaulipas.com.mx\/index.php?rest_route=\/wp\/v2\/users\/1"}],"replies":[{"embeddable":true,"href":"https:\/\/www.elsinodaldetamaulipas.com.mx\/index.php?rest_route=%2Fwp%2Fv2%2Fcomments&post=207924"}],"version-history":[{"count":1,"href":"https:\/\/www.elsinodaldetamaulipas.com.mx\/index.php?rest_route=\/wp\/v2\/posts\/207924\/revisions"}],"predecessor-version":[{"id":207925,"href":"https:\/\/www.elsinodaldetamaulipas.com.mx\/index.php?rest_route=\/wp\/v2\/posts\/207924\/revisions\/207925"}],"wp:featuredmedia":[{"embeddable":true,"href":"https:\/\/www.elsinodaldetamaulipas.com.mx\/index.php?rest_route=\/wp\/v2\/media\/207926"}],"wp:attachment":[{"href":"https:\/\/www.elsinodaldetamaulipas.com.mx\/index.php?rest_route=%2Fwp%2Fv2%2Fmedia&parent=207924"}],"wp:term":[{"taxonomy":"category","embeddable":true,"href":"https:\/\/www.elsinodaldetamaulipas.com.mx\/index.php?rest_route=%2Fwp%2Fv2%2Fcategories&post=207924"},{"taxonomy":"post_tag","embeddable":true,"href":"https:\/\/www.elsinodaldetamaulipas.com.mx\/index.php?rest_route=%2Fwp%2Fv2%2Ftags&post=207924"}],"curies":[{"name":"wp","href":"https:\/\/api.w.org\/{rel}","templated":true}]}}