{"id":207930,"date":"2025-07-15T18:29:41","date_gmt":"2025-07-15T22:29:41","guid":{"rendered":"https:\/\/www.elsinodaldetamaulipas.com.mx\/?p=207930"},"modified":"2025-07-15T18:29:41","modified_gmt":"2025-07-15T22:29:41","slug":"nostalgia","status":"publish","type":"post","link":"https:\/\/www.elsinodaldetamaulipas.com.mx\/?p=207930","title":{"rendered":"-NOSTALGIA-"},"content":{"rendered":"<div class=\"html-div xdj266r x14z9mp xat24cr x1lziwak xexx8yu xyri2b x18d9i69 x1c1uobl\" dir=\"auto\">\n<div class=\"html-div xdj266r x14z9mp xat24cr x1lziwak xexx8yu xyri2b x18d9i69 x1c1uobl\" dir=\"auto\">\n<div class=\"html-div xdj266r x14z9mp xat24cr x1lziwak xexx8yu xyri2b x18d9i69 x1c1uobl\" data-ad-rendering-role=\"story_message\">\n<div class=\"x1l90r2v x1iorvi4 x1g0dm76 xpdmqnj\" data-ad-comet-preview=\"message\" data-ad-preview=\"message\">\n<div class=\"x78zum5 xdt5ytf xz62fqu x16ldp7u\">\n<div class=\"xu06os2 x1ok221b\">\n<div class=\"html-div xdj266r x14z9mp xat24cr x1lziwak xexx8yu xyri2b x18d9i69 x1c1uobl\">\n<div class=\"xdj266r x14z9mp xat24cr x1lziwak x1vvkbs x126k92a\">\n<div dir=\"auto\">D\u00cdAS DE REYNOSA<\/div>\n<div dir=\"auto\">POR HUGO REYNA-<\/div>\n<div dir=\"auto\">-NOSTALGIA-<\/div>\n<div dir=\"auto\">LA FISCALIA GENERAL DE JUSTICIA DEL ESTADO anunci\u00f3 el pasado domingo, la decisi\u00f3n de un Juez de Control de vincular a proceso y prisi\u00f3n preventiva a tres presuntos responsables de la desaparici\u00f3n de los 5 m\u00fasicos integrantes del Grupo \u201cFugitivo\u201d en Reynosa.<\/div>\n<div dir=\"auto\">IRVIN BARRIOS MOJICA. Fiscal en Tamaulipas, ya hab\u00eda adelantado hace un par de semanas la identificaci\u00f3n forense e identidad de al menos tres de los cinco m\u00fasicos, privados de su libertad y privaci\u00f3n posterior de la vida en hechos registrados el 25 de mayo pasado.<\/div>\n<div dir=\"auto\">PARECE QUE EL FISCAL \u201canda en altas\u201d, pues hace unos dias, el Congreso del Estado elogi\u00f3 su labor a trav\u00e9s del presidente de la Junta de Gobierno. HUMBERTO PRIETO HERRERA, recibiendo incluso la invitaci\u00f3n de \u201cabrir las puertas\u201d a una eventual reelecci\u00f3n suya en la Fiscal\u00eda.<\/div>\n<div dir=\"auto\">TODO APUNTA A QUE SE ha decidido su permanencia que concluye oficialmente en diciembre pr\u00f3ximo. Ayer el presidente de la Comision Permanente del Congreso de Tamaulipas. ADRIAN CRUZ MARTINEZ repiti\u00f3 lo dicho por PRIETO HERRERA.<\/div>\n<div dir=\"auto\">BARRIOS MOJICA SE HA ALINEADO a los intereses y prioridades de MORENA y eso le est\u00e1 dando el empuje y respaldo necesario para seguir al frente de la FGJE, al menos unos 5 a\u00f1os m\u00e1s.<\/div>\n<div dir=\"auto\">EL CASO DE LA DETENCION DEL ex alcalde ENRIQUE RIVAS CUELLAR de Nuevo Laredo, ha sido sin duda alguna su boleto ganador en este objetivo. Toda vez que el actual gobierno estatal pretende llevar ante la justicia los excesos y abusos cometidos en el pasado. Y el procesado era uno de los objetivos \u201cprioritarios\u201d entre otros m\u00e1s.<\/div>\n<div dir=\"auto\">HACE DIAS ESCRIBIMOS lo que hoy a nivel nacional andan analizando sesudos analistas. LA PRESIDENTA CLAUDIA SHEINBAUM urge de aut\u00e9nticos y capaces asesores y estrategas que la retiren de las discusiones p\u00fablicas y debates con personajes a los cuales al \u201csubirse al ring\u201d, solo los beneficia al darles un cr\u00e9dito y enfoque inmerecido.<\/div>\n<div dir=\"auto\">CRITICAMOS LA POSTURA AMBIGUA del Embajador de Mexico en Estados Unidos. ESTEBAN MOCTEZUMA BARRAGAN, quien no es del agrado de SHEINBAUM y por falta de candidatos, fue ratificado en Washington.<\/div>\n<div dir=\"auto\">JUAN RAMON DE LA FUENTE. Canciller y MARCELO EBRARD CASAUBON. Secretario de Econom\u00eda, todos ellos han tolerado que la Presidenta de Mexico sea expuesta y vulnerable ante un incipiente debato con abogados \u201cgringos\u201d, cuando debieran ser ellos los que respondan a sus dichos.<\/div>\n<div dir=\"auto\">ASI SE SUSTENTA el \u00e1nimo traicionero de MORENA y sus jerarcas que est\u00e1n resentidos contra el gobierno federal por los devastadores golpes al huachicoleo, actividades criminales, fraudes y saqueos del erario p\u00fablico denunciados, lo que ha \u201cda\u00f1ado\u201d su ideario de falsedad y simulaci\u00f3n que practican en el Movimiento.<\/div>\n<div dir=\"auto\">LA PRESIDENTA DE MEXICO ha desmantelado con OMAR GARCIA HARFUCH el \u201cMexico de Fantas\u00eda\u201d de abrazos y no balazos, impunidades y complicidades, en donde no pasaba nada. ESO LOS MORENISTAS no le perdonan, pues coloca a su \u201camado l\u00edder\u201d como un mentiroso y que supo enga\u00f1ar por 6 a\u00f1os a los mexicanos.<\/div>\n<div dir=\"auto\">AYER REVIVIENDO RECUERDOS en un recorrido por la extinta \u201cZona Rosa\u201d de Reynosa, que compartimos en nuestro Programa de Radio por \u201cLa Raza 1060\u201d, fueron muchas las opiniones, comentarios y recuerdos que amigos y lectores recordaron y compartieron de esta area emblem\u00e1tica de la ciudad, a partir de la d\u00e9cada de los 60\u2019s en el siglo pasado.<\/div>\n<div dir=\"auto\">DISCOTECAS Y BARES que marcaron una \u00e9poca y la diversi\u00f3n de los a\u00f1os de un periodo \u201cdorado\u201d, hoy a\u00f1orado con nostalgia por muchos. Sitios de tradici\u00f3n, en donde los fines de semana era com\u00fan ver a turistas \u201cgringos\u201d venir a bailar y tomar una copa en una ciudad segura y confiable para turistear.<\/div>\n<div dir=\"auto\">NO PRECISAMENTE YA NO EXISTE el turismo, pero si URGEN proyectos urban\u00edsticos y de atracci\u00f3n, que revivan esta parte del Reynosa del ayer y que se esfuerza por resistir al paso del tiempo.<\/div>\n<div dir=\"auto\">POR ALLI NOS ENTERAMOS de un ambicioso y proyecto de gran calado comercial y tur\u00edstico para la Zona Rosa de Reynosa, que, en caso de concretarse y conducirlo ante los sectores y organismos adecuados, sin duda permitir\u00e1 que aquellos DIAS DE REYNOSA. Regresen Pronto.<\/div>\n<\/div>\n<\/div>\n<\/div>\n<\/div>\n<\/div>\n<\/div>\n<\/div>\n<\/div>\n","protected":false},"excerpt":{"rendered":"<p>D\u00cdAS DE REYNOSA POR HUGO REYNA- -NOSTALGIA- LA FISCALIA GENERAL DE JUSTICIA DEL ESTADO anunci\u00f3 el pasado domingo, la decisi\u00f3n de un Juez de Control de vincular a proceso y prisi\u00f3n preventiva a tres presuntos responsables de la desaparici\u00f3n de los 5 m\u00fasicos integrantes del Grupo \u201cFugitivo\u201d en Reynosa. IRVIN BARRIOS MOJICA. Fiscal en Tamaulipas, [&hellip;]<\/p>\n","protected":false},"author":1,"featured_media":207931,"comment_status":"closed","ping_status":"closed","sticky":false,"template":"","format":"standard","meta":{"footnotes":""},"categories":[16],"tags":[],"class_list":["post-207930","post","type-post","status-publish","format-standard","has-post-thumbnail","hentry","category-opinion"],"_links":{"self":[{"href":"https:\/\/www.elsinodaldetamaulipas.com.mx\/index.php?rest_route=\/wp\/v2\/posts\/207930","targetHints":{"allow":["GET"]}}],"collection":[{"href":"https:\/\/www.elsinodaldetamaulipas.com.mx\/index.php?rest_route=\/wp\/v2\/posts"}],"about":[{"href":"https:\/\/www.elsinodaldetamaulipas.com.mx\/index.php?rest_route=\/wp\/v2\/types\/post"}],"author":[{"embeddable":true,"href":"https:\/\/www.elsinodaldetamaulipas.com.mx\/index.php?rest_route=\/wp\/v2\/users\/1"}],"replies":[{"embeddable":true,"href":"https:\/\/www.elsinodaldetamaulipas.com.mx\/index.php?rest_route=%2Fwp%2Fv2%2Fcomments&post=207930"}],"version-history":[{"count":1,"href":"https:\/\/www.elsinodaldetamaulipas.com.mx\/index.php?rest_route=\/wp\/v2\/posts\/207930\/revisions"}],"predecessor-version":[{"id":207932,"href":"https:\/\/www.elsinodaldetamaulipas.com.mx\/index.php?rest_route=\/wp\/v2\/posts\/207930\/revisions\/207932"}],"wp:featuredmedia":[{"embeddable":true,"href":"https:\/\/www.elsinodaldetamaulipas.com.mx\/index.php?rest_route=\/wp\/v2\/media\/207931"}],"wp:attachment":[{"href":"https:\/\/www.elsinodaldetamaulipas.com.mx\/index.php?rest_route=%2Fwp%2Fv2%2Fmedia&parent=207930"}],"wp:term":[{"taxonomy":"category","embeddable":true,"href":"https:\/\/www.elsinodaldetamaulipas.com.mx\/index.php?rest_route=%2Fwp%2Fv2%2Fcategories&post=207930"},{"taxonomy":"post_tag","embeddable":true,"href":"https:\/\/www.elsinodaldetamaulipas.com.mx\/index.php?rest_route=%2Fwp%2Fv2%2Ftags&post=207930"}],"curies":[{"name":"wp","href":"https:\/\/api.w.org\/{rel}","templated":true}]}}