{"id":207939,"date":"2025-07-15T21:27:36","date_gmt":"2025-07-16T01:27:36","guid":{"rendered":"https:\/\/www.elsinodaldetamaulipas.com.mx\/?p=207939"},"modified":"2025-07-15T21:27:36","modified_gmt":"2025-07-16T01:27:36","slug":"jr-politicamente-esta-frito","status":"publish","type":"post","link":"https:\/\/www.elsinodaldetamaulipas.com.mx\/?p=207939","title":{"rendered":"JR POL\u00cdTICAMENTE \u00abEST\u00c1 FRITO\u00bb"},"content":{"rendered":"<div class=\"post-content\">\n<p>CUADRANTE\u00a0 POLITICO\u2014\u2014\u2013POR\u00a0 FERNANDO\u00a0 ACU\u00d1A\u00a0 PI\u00d1EIRO\u2014\u2014-<\/p>\n<p>\u2014\u2014\u2014<\/p>\n<p>Si ya de antemano, el JR \u00a0\u00a0mov\u00eda solo \u00a0una patita, en un escenario sucesorio estatal, marcadamente perfilado \u00a0por la v\u00eda de g\u00e9nero, hoy con los v\u00ednculos mafiosos de\u00a0 su jefe Ad\u00e1n Augusto cuando gobern\u00f3 la tierra del\u00a0 Ed\u00e9n,\u00a0 Jos\u00e9 Ram\u00f3n G\u00f3mez Leal, est\u00e1 pol\u00edticamente frito.<\/p>\n<p>Por \u00a0estos d\u00edas,\u00a0 el \u00a0tabasque\u00f1o, Ad\u00e1n Augusto L\u00f3pez Hern\u00e1ndez, mismo que ha protegido a un grupo\u00a0 de personajes tamaulipecos emparentados con el cabecismo,\u00a0 est\u00e1 viviendo los momentos m\u00e1s cr\u00edticos de su carrera pol\u00edtica.<\/p>\n<p>Resulta que ahora sabemos\u00a0 que el brazo derecho en materia de seguridad de AALH, Hern\u00e1n Berm\u00fadez Requena, en los tiempos en que fue\u00a0 gobernador de \u00a0Tabasco, hoy se encuentra \u00a0pr\u00f3fugo de la justicia mexicana, formalmente se\u00f1alado como el l\u00edder del grupo criminal conocido en el sureste, como la \u201cBarredora\u201d.<\/p>\n<p>Para efectos de la guerra por el poder \u00a0que \u00a0cada vez se hace m\u00e1s visible, hacia el interior de la 4T federal, lo que acaba de ocurrir, es que \u00a0el Secretario de Seguridad P\u00fablica Omar \u00a0Garc\u00eda Harfuch, le acaba de asestar un golpe devastador a una de las dos facciones del obradorismo que actualmente se disputan pol\u00edticamente Tabasco.<\/p>\n<p>Se entiende, en consecuencia que, AMLO\u00a0 ha dejado solo a Ad\u00e1n Augusto, y que Claudia Sheinbaum\u00a0 ya no tarda mucho en deshacerse de \u00a0\u00e9l pol\u00edticamente hablando.<\/p>\n<p>El \u00a0zar anti violencia y crimen organizado de la Presidenta Sheinbaum destap\u00f3 la cloaca pestilente, nada m\u00e1s y nada menos que en el ed\u00e9n \u00a0de La Chingada, el \u201cCastelgandolfo\u201d mexicano, \u00a0la finca de retiro de AMLO, o \u00a0\u00a0sea lo equivalente al c\u00e9lebre castillo papal, enclavado en una paradisiaca regi\u00f3n de Italia.<\/p>\n<p>El caso es que \u00a0el augusto Ad\u00e1n apesta. Y nadie quiere saber de \u00e9l, aunque el esc\u00e1ndalo podr\u00eda alcanzar tambi\u00e9n\u00a0 a quien fue su jefe pol\u00edtico, desde Palacio Nacional. Jugada maestra \u00a0la que acaba de hacer \u00a0Garc\u00eda Harfuch.<\/p>\n<p>El pasado trece de febrero, en el marco de la aprobaci\u00f3n de la ley de INFONAVIT,\u00a0 Jos\u00e9\u00a0 Ram\u00f3n aprovech\u00f3\u00a0 la ocasi\u00f3n, para tomarse la foto en el senado, junto a su gur\u00fa y \u00a0protector , el l\u00edder\u00a0\u00a0 senatorial Ad\u00e1n Augusto L\u00f3pez.<\/p>\n<p>No es la primera vez que presume\u00a0 \u00a0de esta relaci\u00f3n, y eso lo saben sus m\u00e1s cercanos, a quienes \u00a0ha confiado que su padrino tabasque\u00f1o, lo convertir\u00e1 en el pr\u00f3ximo gobernador. Aunque , a como est\u00e1n las cosas, JR puede irse despidiendo de sus sue\u00f1os gua\u2026jiros o gua\u2026chicol eros, pues Ad\u00e1n Augusto, acaba de ser exhibido como el capo sexenal de La Barredora.<\/p>\n<p>El sistema pol\u00edtico morenista, lo ha soltado de su mano. Y es muy probable que sus antiguos ahijados como es el caso del JR, ahora ya no quieran saber nada del exsecretario de gobernaci\u00f3n.<\/p>\n<p>Solo es cuesti\u00f3n de tiempo, la captura de su \u00a0ex secretario de Seguridad Hern\u00e1n Bermudez, para que empiece a cantar y confesar \u00a0que su jefe Ad\u00e1n Augusto siempre tuvo enterado de sus operaciones \u00a0como jefe mafioso.<\/p>\n<p>Derrotado\u00a0en su sue\u00f1o pol\u00edtico personal, \u00bfa quien se enganchar\u00e1 ahora Jos\u00e9 Ram\u00f3n? \u00a0Apoyar\u00e1 alguna candidatura a gobernadora, por el Verde o el Movimiento Ciudadano? \u00bfSeguir\u00e1 en MORENA\u00a0 o se ir\u00e1 por la libre, d\u00e1ndole las contras a la 4T tamaulipeca y de orden nacional?\u00a0 Podr\u00eda volver al PAN y reconciliarse p\u00fablicamente con su cu\u00f1ado Cabeza de Vaca, aunque ya en petit comit\u00e9,\u00a0 se sabe que hacen equipo.<\/p>\n<p>\u2014\u2014\u2013 LLEGA LA FERIA INTERNACIONAL DE TURISMO\u2013<\/p>\n<p>En 2026,\u00a0 Tamaulipas ser\u00e1 la sede de la Feria Internacional de Turismo.<\/p>\n<p>Esto se dio a conocer, durante la reciente vista de la Secretaria \u00a0del gabinete federal, Josefina Rodr\u00edguez \u00a0\u00a0Zamora. Esperemos que de este evento nuestro estado salga fortalecido \u00a0con mayores obras de infraestructura\u00a0 carretera \u00a0en regiones como la bi\u00f3sfera del Cielo, o\u00a0 paseos \u00a0como la Pesca y El Tordo , en Soto La Marina y Aldama. Obviamente, la joya de la corona tur\u00edstica, es la playa de Miramar en ciudad Madero.<\/p>\n<\/div>\n","protected":false},"excerpt":{"rendered":"<p>CUADRANTE\u00a0 POLITICO\u2014\u2014\u2013POR\u00a0 FERNANDO\u00a0 ACU\u00d1A\u00a0 PI\u00d1EIRO\u2014\u2014- \u2014\u2014\u2014 Si ya de antemano, el JR \u00a0\u00a0mov\u00eda solo \u00a0una patita, en un escenario sucesorio estatal, marcadamente perfilado \u00a0por la v\u00eda de g\u00e9nero, hoy con los v\u00ednculos mafiosos de\u00a0 su jefe Ad\u00e1n Augusto cuando gobern\u00f3 la tierra del\u00a0 Ed\u00e9n,\u00a0 Jos\u00e9 Ram\u00f3n G\u00f3mez Leal, est\u00e1 pol\u00edticamente frito. Por \u00a0estos d\u00edas,\u00a0 el [&hellip;]<\/p>\n","protected":false},"author":1,"featured_media":207846,"comment_status":"closed","ping_status":"closed","sticky":false,"template":"","format":"standard","meta":{"footnotes":""},"categories":[16],"tags":[],"class_list":["post-207939","post","type-post","status-publish","format-standard","has-post-thumbnail","hentry","category-opinion"],"_links":{"self":[{"href":"https:\/\/www.elsinodaldetamaulipas.com.mx\/index.php?rest_route=\/wp\/v2\/posts\/207939","targetHints":{"allow":["GET"]}}],"collection":[{"href":"https:\/\/www.elsinodaldetamaulipas.com.mx\/index.php?rest_route=\/wp\/v2\/posts"}],"about":[{"href":"https:\/\/www.elsinodaldetamaulipas.com.mx\/index.php?rest_route=\/wp\/v2\/types\/post"}],"author":[{"embeddable":true,"href":"https:\/\/www.elsinodaldetamaulipas.com.mx\/index.php?rest_route=\/wp\/v2\/users\/1"}],"replies":[{"embeddable":true,"href":"https:\/\/www.elsinodaldetamaulipas.com.mx\/index.php?rest_route=%2Fwp%2Fv2%2Fcomments&post=207939"}],"version-history":[{"count":1,"href":"https:\/\/www.elsinodaldetamaulipas.com.mx\/index.php?rest_route=\/wp\/v2\/posts\/207939\/revisions"}],"predecessor-version":[{"id":207940,"href":"https:\/\/www.elsinodaldetamaulipas.com.mx\/index.php?rest_route=\/wp\/v2\/posts\/207939\/revisions\/207940"}],"wp:featuredmedia":[{"embeddable":true,"href":"https:\/\/www.elsinodaldetamaulipas.com.mx\/index.php?rest_route=\/wp\/v2\/media\/207846"}],"wp:attachment":[{"href":"https:\/\/www.elsinodaldetamaulipas.com.mx\/index.php?rest_route=%2Fwp%2Fv2%2Fmedia&parent=207939"}],"wp:term":[{"taxonomy":"category","embeddable":true,"href":"https:\/\/www.elsinodaldetamaulipas.com.mx\/index.php?rest_route=%2Fwp%2Fv2%2Fcategories&post=207939"},{"taxonomy":"post_tag","embeddable":true,"href":"https:\/\/www.elsinodaldetamaulipas.com.mx\/index.php?rest_route=%2Fwp%2Fv2%2Ftags&post=207939"}],"curies":[{"name":"wp","href":"https:\/\/api.w.org\/{rel}","templated":true}]}}