{"id":208136,"date":"2025-07-20T18:15:34","date_gmt":"2025-07-20T22:15:34","guid":{"rendered":"https:\/\/www.elsinodaldetamaulipas.com.mx\/?p=208136"},"modified":"2025-07-20T18:15:34","modified_gmt":"2025-07-20T22:15:34","slug":"acerca-de-la-uat-alma-mater","status":"publish","type":"post","link":"https:\/\/www.elsinodaldetamaulipas.com.mx\/?p=208136","title":{"rendered":"ACERCA DE LA UAT. ALMA MATER"},"content":{"rendered":"<div class=\"post-gallery\">El 17 de mayo de 1997, en una pl\u00e1tica de caf\u00e9 con el inmenso periodista \u2013 por los cuatro sentidos \u2013 Don JORGE RODRIGUEZ TREVI\u00d1O, a quien conoc\u00eda desde 1984,y con el que hab\u00eda cultivado una amistad sin que ning\u00fan compromiso, sin que ning\u00fan inter\u00e9s nos uniera m\u00e1s que disfrutar de su pl\u00e1tica, rodeada de an\u00e9cdotas del reportero en los misterios de la vida que siempre vivi\u00f3, la menor de las veces con una taza de humeante caf\u00e9, y otras, la mayor\u00eda, \u2013 como dec\u00eda \u00e9l \u2013 rodeado de caldos escoceses y de cebada en donde SOLO LAS AGUILAS SE ATREVEN, en el 1 Aldama, donde ten\u00edamos una mesa reservada de planta, todos los d\u00edas de 1-3 en el uno.<\/div>\n<div class=\"post-content\">\n<p>En esa mesa fui testigo por, por lo menos de 15 a\u00f1os, de la visita a Cd. Victoria de los pol\u00edticos de todo el estado, que ve\u00edan en esa mesa una vitrina de difusi\u00f3n de sus aspiraciones, hasta agenda ten\u00edan los periodistas que habitualmente asist\u00edan de la 1 a las 3.<\/p>\n<p>Me considero afortunado, porque en ese tiempo nada ten\u00eda que ver con el periodismo. Eran clientes de mi despacho la mayor\u00eda de ellos.<\/p>\n<p>Era, como los centros comerciales que tienen una tienda ancla, ellos fueron el Director y Subdirector del Gr\u00e1fico GAUDALUPE DIAZ MARTINEZ y JORGE RODRIGUEZ TREVI\u00d1O que por d\u00e9cadas atra\u00edan a clientes que consideraban necesario mantener una buena relaci\u00f3n con \u00edconos del periodismo pol\u00edtico.<\/p>\n<p>Hago tanto rodeo y no lleg\u00f3 al punto. \u2013Me gana la emoci\u00f3n del recuerdo-. Fue un d\u00eda 17 de mayo, hace ya, 28 a\u00f1os, cuando me dijo: \u201ceres muy buen consultor de econom\u00eda, finanzas y contador, -mira, nos dec\u00edamos compadres-, el tiempo de los actores pol\u00edticos est\u00e1 cambiando, ahora se debe tener conocimientos de la econom\u00eda aparte de saber manejarse dentro de la pol\u00edtica.<\/p>\n<p>Y me la solt\u00f3, \u201ctienes una p\u00e1gina completa para que escribas lo que quieras, como quieras, sin censura, te pido que escribas tu narrativa en un hibrido de lectura que combine la pol\u00edtica con la econom\u00eda\u201d.<\/p>\n<p>Y de all\u00ed pa\u00b4l real. Se convirti\u00f3 en una adicci\u00f3n, comentar despu\u00e9s de enterarse de los HECHOS. Nada se suponer, nada de yo creo, nada de especular, porque tu estas estudiado, los chismes d\u00e9jalo para nosotros, me dijo mi maestro JORGE RODRIGUEZ, Que en Paz Descanse.<\/p>\n<p>Escribo este pr\u00f3logo porque en 28 a\u00f1os he cultivado lectores en todo el estado, algunos tengo interlocuci\u00f3n.<\/p>\n<p>Algunos me sugieren temas espec\u00edficos, de polic\u00edas y ladrones, de muertes.<\/p>\n<p>Para ellos va dirigido la respuesta. No es mi tema, no estoy como opinador de los fen\u00f3menos de la vida con conocimiento amplio para comentarlo.<\/p>\n<p>Mi tema como me lo sugiri\u00f3 el periodista non, es de econom\u00eda y pol\u00edtica, me gusta opinar sobre el desarrollo del estado, las instituciones y los municipios en ese entorno.<\/p>\n<p>No leo m\u00e1s que eso, finanzas p\u00fablicas y personales, algo de econom\u00eda y de pr\u00e1cticas evolutivas de las leyes en materia de IMSS, INFONAVIT, FISCAL, LABORAL MERCANTIL.<\/p>\n<p>Es m\u00e1s, les voy a dar una primicia. Como me gusta leer y escribir, cultivo de mi profesi\u00f3n como Contador P\u00fablico, del que mucho tiempo fui asesor de empresas, por muchos a\u00f1os y todav\u00eda sigo dando asesor\u00edas a empresas, sobre todo en temas fiscales, financieros y crisis, como reordenarse frente a los tiempos de fiscalizaci\u00f3n.<\/p>\n<p>Lo que voy a hacer en los a\u00f1os por venir, es aprovechar mis conocimientos ahora que est\u00e1 cambiando el sistema fiscal, laboral, de administraci\u00f3n de empresas tendiente a analizar la rentabilidad, los procesos administrativos que son los mismos, pero que necesitan readecuarse en tiempos de la Inteligencia Artificial, en \u00e9poca de que primero se entera el fisco que tu familia, por las facturas, por el uso de las tarjetas de d\u00e9bito y de cr\u00e9dito provocado por el uso del pl\u00e1stico en lugar de dinero.<\/p>\n<p>A la honra de LUPE DIAS y JORGE RODRIGUEZ.Sigo con la sugerencia de hace 28 a\u00f1os, lo mismo, pero actualizado.<\/p>\n<p>Es mi tema referirme constantemente al desarrollo de mi ALMA MATER, la UAT.<\/p>\n<p>Y por eso comento:<\/p>\n<p>La Facultad de Medicina Veterinaria y Zootecnia de la Universidad Aut\u00f3noma de Tamaulipas (UAT) obtuvo la acreditaci\u00f3n del Consejo Nacional de Educaci\u00f3n de la Medicina Veterinaria y Zootecnia, A. C., por cumplir con los m\u00e1s altos est\u00e1ndares de la educaci\u00f3n superior en el pa\u00eds.<\/p>\n<p>Gracias a este reconocimiento, la Facultad de Veterinaria de la UAT se posiciona dentro del grupo de las 15 instituciones de educaci\u00f3n veterinaria del pa\u00eds que cuentan con esta acreditaci\u00f3n nacional, lo que la consolida como referente en la educaci\u00f3n superior en este campo del conocimiento.<\/p>\n<p>La Universidad Aut\u00f3noma de Tamaulipas (UAT) contin\u00faa consolid\u00e1ndose como una de las instituciones de educaci\u00f3n superior m\u00e1s destacadas del pa\u00eds, al mejorar su posicionamiento en rankings nacionales e internacionales que eval\u00faan la calidad acad\u00e9mica, la investigaci\u00f3n y el impacto social de las universidades.<\/p>\n<p>De acuerdo con los resultados correspondientes al periodo 2023-2025, la UAT ha logrado avances significativos en diversos indicadores, lo que es consecuencia del esfuerzo sostenido de la comunidad universitaria por fortalecer los procesos de docencia, investigaci\u00f3n, innovaci\u00f3n y vinculaci\u00f3n.<\/p>\n<p>En el ranking nacional de UniRank , la UAT escal\u00f3 tres posiciones respecto al 2023, al pasar del lugar 44 al 41 entre 540 instituciones de educaci\u00f3n superior en M\u00e9xico. Este resultado destaca principalmente el fortalecimiento de las \u00e1reas de medicina, enfermer\u00eda y nutrici\u00f3n, que han sido punta de lanza en el desarrollo acad\u00e9mico y cient\u00edfico de la Universidad.<\/p>\n<p>En lo que corresponde al \u00e1mbito nacional, dentro del mismo SCImago, la UAT se ubic\u00f3 en el lugar 34 de las 50 universidades evaluadas en M\u00e9xico, logrando mejorar 10 posiciones en relaci\u00f3n con el a\u00f1o 2023.<\/p>\n<p>Estos avances tambi\u00e9n se ven reflejados en otros rankings relevantes. En Mextudia, la UAT mejor\u00f3 su posici\u00f3n al pasar del lugar 48 al 38 de un total de 200 universidades mexicanas evaluadas, lo que refuerza su presencia entre las mejores instituciones del pa\u00eds. Por su parte, en el ranking de sostenibilidad GreenMetric M\u00e9xico, pas\u00f3 de la posici\u00f3n 17 de 27 al lugar 20 de 32, reafirmando su compromiso con las buenas pr\u00e1cticas ambientales y el desarrollo sostenible.<\/p>\n<p>Adem\u00e1s, en el ranking internacional QS World University Rankings Am\u00e9rica Latina y el Caribe, la UAT mantiene su posici\u00f3n dentro del rango 351-400 durante este periodo, mientras que en este ranking en Centroam\u00e9rica la UAT ha pasado del lugar 67 de 91, a la posici\u00f3n 66 de 93,<\/p>\n<p>lo que da continuidad a su presencia en esta medici\u00f3n de prestigio que valora a las instituciones con base en su calidad acad\u00e9mica, producci\u00f3n cient\u00edfica y reputaci\u00f3n regional.<\/p>\n<p>Estos logros son reflejo del compromiso institucional por fortalecer la calidad educativa y de investigaci\u00f3n, as\u00ed como de la visi\u00f3n estrat\u00e9gica que impulsa el rector D\u00e1maso Anaya Alvarado, quien en todo momento ha reconocido el trabajo colaborativo de todas las dependencias umiversitarias, lo que ha permitido alcanzar estos resultados, destacando que estas mejoras contribuyen a consolidar la presencia y competitividad de la UAT en el contexto nacional e internacional.<\/p>\n<p>Agenda Fronteriza, es distribuida por la agencia Informaci\u00f3n y An\u00e1lisis Estad\u00edstico.<\/p>\n<p>Mi correo: humbertografico@yahoo.com,.mx<\/p>\n<p>PD.- DE ULTIMA HORA:<\/p>\n<p>En la edici\u00f3n vespertina del Diario Oficial de la Federaci\u00f3n (DOF) fue publicado el decreto que hace obligatoria la Clave \u00danica de Registro de Poblaci\u00f3n (CURP) Biom\u00e9trica.<\/p>\n<p>El d\u00eda de ma\u00f1ana domingo le comentar\u00e9 el tema, considero de importancia.<\/p>\n<\/div>\n","protected":false},"excerpt":{"rendered":"<p>El 17 de mayo de 1997, en una pl\u00e1tica de caf\u00e9 con el inmenso periodista \u2013 por los cuatro sentidos \u2013 Don JORGE RODRIGUEZ TREVI\u00d1O, a quien conoc\u00eda desde 1984,y con el que hab\u00eda cultivado una amistad sin que ning\u00fan compromiso, sin que ning\u00fan inter\u00e9s nos uniera m\u00e1s que disfrutar de su pl\u00e1tica, rodeada de [&hellip;]<\/p>\n","protected":false},"author":1,"featured_media":207777,"comment_status":"closed","ping_status":"closed","sticky":false,"template":"","format":"standard","meta":{"footnotes":""},"categories":[16],"tags":[],"class_list":["post-208136","post","type-post","status-publish","format-standard","has-post-thumbnail","hentry","category-opinion"],"_links":{"self":[{"href":"https:\/\/www.elsinodaldetamaulipas.com.mx\/index.php?rest_route=\/wp\/v2\/posts\/208136","targetHints":{"allow":["GET"]}}],"collection":[{"href":"https:\/\/www.elsinodaldetamaulipas.com.mx\/index.php?rest_route=\/wp\/v2\/posts"}],"about":[{"href":"https:\/\/www.elsinodaldetamaulipas.com.mx\/index.php?rest_route=\/wp\/v2\/types\/post"}],"author":[{"embeddable":true,"href":"https:\/\/www.elsinodaldetamaulipas.com.mx\/index.php?rest_route=\/wp\/v2\/users\/1"}],"replies":[{"embeddable":true,"href":"https:\/\/www.elsinodaldetamaulipas.com.mx\/index.php?rest_route=%2Fwp%2Fv2%2Fcomments&post=208136"}],"version-history":[{"count":1,"href":"https:\/\/www.elsinodaldetamaulipas.com.mx\/index.php?rest_route=\/wp\/v2\/posts\/208136\/revisions"}],"predecessor-version":[{"id":208137,"href":"https:\/\/www.elsinodaldetamaulipas.com.mx\/index.php?rest_route=\/wp\/v2\/posts\/208136\/revisions\/208137"}],"wp:featuredmedia":[{"embeddable":true,"href":"https:\/\/www.elsinodaldetamaulipas.com.mx\/index.php?rest_route=\/wp\/v2\/media\/207777"}],"wp:attachment":[{"href":"https:\/\/www.elsinodaldetamaulipas.com.mx\/index.php?rest_route=%2Fwp%2Fv2%2Fmedia&parent=208136"}],"wp:term":[{"taxonomy":"category","embeddable":true,"href":"https:\/\/www.elsinodaldetamaulipas.com.mx\/index.php?rest_route=%2Fwp%2Fv2%2Fcategories&post=208136"},{"taxonomy":"post_tag","embeddable":true,"href":"https:\/\/www.elsinodaldetamaulipas.com.mx\/index.php?rest_route=%2Fwp%2Fv2%2Ftags&post=208136"}],"curies":[{"name":"wp","href":"https:\/\/api.w.org\/{rel}","templated":true}]}}