{"id":208139,"date":"2025-07-20T18:39:48","date_gmt":"2025-07-20T22:39:48","guid":{"rendered":"https:\/\/www.elsinodaldetamaulipas.com.mx\/?p=208139"},"modified":"2025-07-20T18:55:31","modified_gmt":"2025-07-20T22:55:31","slug":"el-clan-detras-de-la-presa-%c2%a8el-aguila%c2%a8-parte-2","status":"publish","type":"post","link":"https:\/\/www.elsinodaldetamaulipas.com.mx\/?p=208139","title":{"rendered":"EL CLAN DETR\u00c1S DE LA PRESA \u00a8EL AGUILA\u00a8 (PARTE 2)"},"content":{"rendered":"<h2>Investigaci\u00f3n Especial<\/h2>\n<h2>Contratos, parentescos y poder.<\/h2>\n<h2>Por Brenda Ramos<\/h2>\n<h2>La presa \u00a8El \u00c1guila\u00a8 tuvo un costo superior a los 200 millones de pesos y fue adjudicada a tres empresas con v\u00ednculos entre s\u00ed: Grupo R\u00edo San Juan, S.A. de C.V., Edificadora Industrial del R\u00edo, S.A. de C.V. y R\u00edo Grande Construcciones, S.A. de C.V. De acuerdo con los registros consultados, existen coincidencias en representantes legales, apoderados notariales y domicilios fiscales que apuntan a un posible grupo de inter\u00e9s com\u00fan operando a trav\u00e9s de razones sociales distintas. Estas coincidencias podr\u00edan configurar un esquema de simulaci\u00f3n de competencia.<\/h2>\n<h2><img loading=\"lazy\" decoding=\"async\" class=\"aligncenter wp-image-208142 size-full\" src=\"https:\/\/www.elsinodaldetamaulipas.com.mx\/wp-content\/uploads\/2025\/07\/IMAGEN-1.webp\" alt=\"\" width=\"768\" height=\"432\" srcset=\"https:\/\/www.elsinodaldetamaulipas.com.mx\/wp-content\/uploads\/2025\/07\/IMAGEN-1.webp 768w, https:\/\/www.elsinodaldetamaulipas.com.mx\/wp-content\/uploads\/2025\/07\/IMAGEN-1-300x169.webp 300w\" sizes=\"auto, (max-width: 768px) 100vw, 768px\" \/><\/h2>\n<h2 style=\"text-align: center;\"><strong>Tres contratos, un mismo c\u00edrculo<\/strong><\/h2>\n<h2>Durante tres ejercicios fiscales consecutivos, el Ayuntamiento de Reynosa adjudic\u00f3 por separado la construcci\u00f3n del vaso regulador \u201cEl \u00c1guila\u201d a tres empresas distintas: Grupo R\u00edo San Juan, S.A. de C.V. en 2023; Edificadora Industrial del R\u00edo, S.A. de C.V. en 2024; y R\u00edo Grande Construcciones, S.A. de C.V. en 2025. En apariencia, se trat\u00f3 de un proceso competitivo y abierto. Sin embargo, los documentos oficiales revelan otra historia.<\/h2>\n<h2><img loading=\"lazy\" decoding=\"async\" class=\"aligncenter wp-image-208143 size-full\" src=\"https:\/\/www.elsinodaldetamaulipas.com.mx\/wp-content\/uploads\/2025\/07\/IMAGEN-3.webp\" alt=\"\" width=\"768\" height=\"432\" srcset=\"https:\/\/www.elsinodaldetamaulipas.com.mx\/wp-content\/uploads\/2025\/07\/IMAGEN-3.webp 768w, https:\/\/www.elsinodaldetamaulipas.com.mx\/wp-content\/uploads\/2025\/07\/IMAGEN-3-300x169.webp 300w\" sizes=\"auto, (max-width: 768px) 100vw, 768px\" \/><\/h2>\n<h2>La primera licitaci\u00f3n fue asignada a Grupo R\u00edo San Juan y se ejecut\u00f3 del 11 de abril al 6 de diciembre de 2023, con un monto de $129,974,786.50. La segunda correspondi\u00f3 a Edificadora Industrial del R\u00edo, del 1 de abril al 30 de septiembre de 2024, por $49,053,118.10. Finalmente, del 2 de junio al 18 de diciembre de 2025, se prepar\u00f3 una tercera licitaci\u00f3n por $21,657,124.06, adjudicada a R\u00edo Grande Construcciones. Las tres licitaciones fueron financiadas con recursos municipales, como consta en la respuesta oficial a la solicitud de Transparencia con folio 280526525000115, gestionada por este medio de comunicaci\u00f3n.<\/h2>\n<h2 style=\"text-align: center;\">V\u00ednculos notariales, familiares y fiscales<\/h2>\n<h2><\/h2>\n<h2>Grupo R\u00edo San Juan y Edificadora Industrial del R\u00edo comparten m\u00e1s que el giro comercial: presentan conexiones directas en su estructura operativa, representaci\u00f3n legal y origen jur\u00eddico.<\/h2>\n<h2><img loading=\"lazy\" decoding=\"async\" class=\"aligncenter wp-image-208144 size-full\" src=\"https:\/\/www.elsinodaldetamaulipas.com.mx\/wp-content\/uploads\/2025\/07\/IMAGEN-4.webp\" alt=\"\" width=\"768\" height=\"432\" srcset=\"https:\/\/www.elsinodaldetamaulipas.com.mx\/wp-content\/uploads\/2025\/07\/IMAGEN-4.webp 768w, https:\/\/www.elsinodaldetamaulipas.com.mx\/wp-content\/uploads\/2025\/07\/IMAGEN-4-300x169.webp 300w\" sizes=\"auto, (max-width: 768px) 100vw, 768px\" \/><\/h2>\n<h2>Ambas empresas fueron constituidas ante la Notar\u00eda P\u00fablica No. 68 de Reynosa, Tamaulipas, aunque en distintos momentos del relevo generacional notarial. En el caso de Grupo R\u00edo San Juan, S.A. de C.V., como consta en el N\u00famero \u00danico de Documento 20250018063500U0 del Registro P\u00fablico de Comercio, la protocolizaci\u00f3n inicial estuvo a cargo del Lic. Jos\u00e9 Abel Sober\u00f3n P\u00e9rez, y en actos posteriores intervino su hijo y sucesor, el Lic. Gabriel Sober\u00f3n Palacios, consolidando as\u00ed una l\u00ednea de continuidad jur\u00eddica familiar.<\/h2>\n<h2><\/h2>\n<h2>Mientras que Edificadora Industrial del R\u00edo, S.A. de C.V. fue constituida directamente por Gabriel, ya como titular como consta en el N\u00famero \u00danico de Documento 2025001806360043 del Registro P\u00fablico de Comercio. Esta continuidad familiar al frente de la misma notar\u00eda refuerza la hip\u00f3tesis de un circuito legal cerrado, operado con confianza entre las partes, y utilizado en al menos dos empresas con v\u00ednculos funcionales y representativos.<\/h2>\n<h2><img loading=\"lazy\" decoding=\"async\" class=\"aligncenter wp-image-208145 size-full\" src=\"https:\/\/www.elsinodaldetamaulipas.com.mx\/wp-content\/uploads\/2025\/07\/IMAGEN-5.webp\" alt=\"\" width=\"768\" height=\"432\" srcset=\"https:\/\/www.elsinodaldetamaulipas.com.mx\/wp-content\/uploads\/2025\/07\/IMAGEN-5.webp 768w, https:\/\/www.elsinodaldetamaulipas.com.mx\/wp-content\/uploads\/2025\/07\/IMAGEN-5-300x169.webp 300w\" sizes=\"auto, (max-width: 768px) 100vw, 768px\" \/><\/h2>\n<h2><\/h2>\n<h2>Ambas sociedades comparten objetos sociales casi id\u00e9nticos: ejecuci\u00f3n de obras p\u00fablicas, construcci\u00f3n, servicios industriales y similares, lo que sugiere un esquema empresarial paralelo, respaldado por el mismo aparato notarial, dise\u00f1ado para operar en c\u00edrculos de obra p\u00fablica o proveedur\u00eda oficial sin que se altere la fachada legal aparente.<\/h2>\n<h2><\/h2>\n<h2>Ahora bien, el v\u00ednculo entre ambas estructuras se refuerza a trav\u00e9s de Mart\u00edn Alberto Anzald\u00faa Garza, quien es socio en Edificadora y figura como apoderado general y delegado en asambleas dentro de Grupo R\u00edo San Juan, aunque no es socio en esta \u00faltima.<\/h2>\n<h2><img loading=\"lazy\" decoding=\"async\" class=\"aligncenter wp-image-208146 size-full\" src=\"https:\/\/www.elsinodaldetamaulipas.com.mx\/wp-content\/uploads\/2025\/07\/IMAGEN-6.webp\" alt=\"\" width=\"768\" height=\"432\" srcset=\"https:\/\/www.elsinodaldetamaulipas.com.mx\/wp-content\/uploads\/2025\/07\/IMAGEN-6.webp 768w, https:\/\/www.elsinodaldetamaulipas.com.mx\/wp-content\/uploads\/2025\/07\/IMAGEN-6-300x169.webp 300w\" sizes=\"auto, (max-width: 768px) 100vw, 768px\" \/><\/h2>\n<h2>Asimismo, Ra\u00fal Guerrero Zamora act\u00faa como comisario en Edificadora y como apoderado general en Grupo R\u00edo San Juan, bas\u00e1ndonos una vez m\u00e1s en las actas constitutivas emitidas por el Registro P\u00fablico de Comercio.<\/h2>\n<h2><\/h2>\n<h2>En cuanto a la conexi\u00f3n entre Grupo R\u00edo San Juan, Edificadora Industrial del R\u00edo y una tercera compa\u00f1\u00eda involucrada en la construcci\u00f3n de la presa \u2014R\u00edo Grande Construcciones, S.A. de C.V.\u2014, este medio verific\u00f3 que Grupo R\u00edo San Juan y R\u00edo Grande Construcciones comparten el mismo domicilio fiscal en Reynosa, ubicado en calle segunda n\u00famero 120, Colonia las Fuentes, seg\u00fan consta en la Plataforma Nacional de Transparencia.<\/h2>\n<h2><img loading=\"lazy\" decoding=\"async\" class=\"aligncenter wp-image-208147 size-full\" src=\"https:\/\/www.elsinodaldetamaulipas.com.mx\/wp-content\/uploads\/2025\/07\/IMAGEN-9.webp\" alt=\"\" width=\"768\" height=\"432\" srcset=\"https:\/\/www.elsinodaldetamaulipas.com.mx\/wp-content\/uploads\/2025\/07\/IMAGEN-9.webp 768w, https:\/\/www.elsinodaldetamaulipas.com.mx\/wp-content\/uploads\/2025\/07\/IMAGEN-9-300x169.webp 300w\" sizes=\"auto, (max-width: 768px) 100vw, 768px\" \/><\/h2>\n<h2><\/h2>\n<h2>Aunque el acta constitutiva de R\u00edo Grande Construcciones no fue localizada en el Registro P\u00fablico de Comercio \u2014lo que podr\u00eda sugerir una omisi\u00f3n deliberada o una estrategia de ocultamiento societario\u2014, se confirm\u00f3 en el padr\u00f3n de proveedores del municipio de Reynosa, tambi\u00e9n disponible en la Plataforma Nacional de Transparencia, que Jos\u00e9 Ramiro Garza Cant\u00fa figura como beneficiario final vinculado a dicha raz\u00f3n social.<\/h2>\n<h2><\/h2>\n<h2>Adem\u00e1s, Garza Cant\u00fa es socio de Grupo R\u00edo San Juan y fungi\u00f3 como su administrador \u00fanico durante un periodo prolongado, reforzando la hip\u00f3tesis de un entramado empresarial articulado bajo distintas fachadas jur\u00eddicas, pero con intereses comunes y direcci\u00f3n operativa compartida.<\/h2>\n<h2><\/h2>\n<h2>Las autoridades competentes deber\u00edan investigar si esta configuraci\u00f3n encubre una simulaci\u00f3n de competencia o favorece intereses particulares en la adjudicaci\u00f3n de recursos p\u00fablicos, ya que estos patrones \u2014representantes vinculados, domicilios compartidos y adjudicaciones secuenciales\u2014 apuntan a una posible simulaci\u00f3n de competencia. Conforme a la Ley de Obras P\u00fablicas del Estado de Tamaulipas, esta pr\u00e1ctica est\u00e1 prohibida por su potencial para restringir la libre concurrencia y favorecer intereses particulares.<\/h2>\n<h2 style=\"text-align: center;\"><\/h2>\n<h2 style=\"text-align: center;\">Dudas sobre transparencia y registros oficiales<\/h2>\n<h2><\/h2>\n<h2>Para finalizar, recapitulando, a lo largo de tres meses de investigaci\u00f3n, se solicit\u00f3 v\u00eda transparencia la versi\u00f3n p\u00fablica de los contratos, los padrones de proveedores, los fallos de adjudicaci\u00f3n, las actas de apertura de propuestas y las actas de fallo. En esos documentos se identificaron los siguientes puntos clave:<\/h2>\n<h2><\/h2>\n<h2>\u00a0\u00a0\u00a0 Las tres empresas comparten representantes, domicilios o apoderados.<\/h2>\n<h2>\u00a0\u00a0\u00a0 No se acredit\u00f3 la existencia de competencia efectiva entre ellas.<\/h2>\n<h2>\u00a0\u00a0\u00a0 No hay constancia del cumplimiento t\u00e9cnico de las obras.<\/h2>\n<h2><\/h2>\n<h2>Adem\u00e1s, la documentaci\u00f3n oficial muestra otra omisi\u00f3n cr\u00edtica ya se\u00f1alada en la primera parte de esta investigaci\u00f3n: no existe constancia p\u00fablica de que el predio donde se construy\u00f3 la presa sea propiedad del Ayuntamiento. No aparece escritura, contrato de cesi\u00f3n, comodato ni arrendamiento en los registros revisados por este medio.<\/h2>\n<h2><\/h2>\n<h2>Tampoco se identific\u00f3 ninguna figura jur\u00eddica que respalde la supuesta participaci\u00f3n del sector privado, como lo afirm\u00f3 el alcalde Carlos Pe\u00f1a Ortiz en una entrevista realizada en marzo de 2025. En los contratos disponibles, todos los recursos provienen del municipio, ya sea a trav\u00e9s de Fortamun o recursos propios.<\/h2>\n<h2><\/h2>\n<h2>En conjunto, estos elementos configuran un escenario que debe ser revisado a profundidad por \u00f3rganos de control y fiscalizaci\u00f3n.<\/h2>\n<h2><\/h2>\n<h2>Pero no hemos terminado, este reportaje forma parte de la serie especial \u00abSecretos de la presa \u2018El \u00c1guila\u2019\u00bb. La tercera parte abordar\u00e1 las consecuencias del desastre de marzo de 2025, las omisiones en el dise\u00f1o t\u00e9cnico<img loading=\"lazy\" decoding=\"async\" class=\"aligncenter wp-image-208148 size-full\" src=\"https:\/\/www.elsinodaldetamaulipas.com.mx\/wp-content\/uploads\/2025\/07\/IMJEGEN-2.webp\" alt=\"\" width=\"768\" height=\"432\" srcset=\"https:\/\/www.elsinodaldetamaulipas.com.mx\/wp-content\/uploads\/2025\/07\/IMJEGEN-2.webp 768w, https:\/\/www.elsinodaldetamaulipas.com.mx\/wp-content\/uploads\/2025\/07\/IMJEGEN-2-300x169.webp 300w\" sizes=\"auto, (max-width: 768px) 100vw, 768px\" \/> y las preguntas que a\u00fan siguen sin respuesta. Tambi\u00e9n se examinar\u00e1n a fondo posibles transgresiones legales, esto despu\u00e9s de analizar la Ley de Obras P\u00fablicas, la Ley de Responsabilidades Administrativas del Estado y a la Ley General de Contabilidad Gubernamental, as\u00ed como sus eventuales consecuencias jur\u00eddicas.<\/h2>\n<h2><\/h2>\n<p>&nbsp;<\/p>\n","protected":false},"excerpt":{"rendered":"<p>Investigaci\u00f3n Especial Contratos, parentescos y poder. Por Brenda Ramos La presa \u00a8El \u00c1guila\u00a8 tuvo un costo superior a los 200 millones de pesos y fue adjudicada a tres empresas con v\u00ednculos entre s\u00ed: Grupo R\u00edo San Juan, S.A. de C.V., Edificadora Industrial del R\u00edo, S.A. de C.V. y R\u00edo Grande Construcciones, S.A. de C.V. De [&hellip;]<\/p>\n","protected":false},"author":1,"featured_media":208141,"comment_status":"closed","ping_status":"closed","sticky":false,"template":"","format":"standard","meta":{"footnotes":""},"categories":[16],"tags":[],"class_list":["post-208139","post","type-post","status-publish","format-standard","has-post-thumbnail","hentry","category-opinion"],"_links":{"self":[{"href":"https:\/\/www.elsinodaldetamaulipas.com.mx\/index.php?rest_route=\/wp\/v2\/posts\/208139","targetHints":{"allow":["GET"]}}],"collection":[{"href":"https:\/\/www.elsinodaldetamaulipas.com.mx\/index.php?rest_route=\/wp\/v2\/posts"}],"about":[{"href":"https:\/\/www.elsinodaldetamaulipas.com.mx\/index.php?rest_route=\/wp\/v2\/types\/post"}],"author":[{"embeddable":true,"href":"https:\/\/www.elsinodaldetamaulipas.com.mx\/index.php?rest_route=\/wp\/v2\/users\/1"}],"replies":[{"embeddable":true,"href":"https:\/\/www.elsinodaldetamaulipas.com.mx\/index.php?rest_route=%2Fwp%2Fv2%2Fcomments&post=208139"}],"version-history":[{"count":2,"href":"https:\/\/www.elsinodaldetamaulipas.com.mx\/index.php?rest_route=\/wp\/v2\/posts\/208139\/revisions"}],"predecessor-version":[{"id":208154,"href":"https:\/\/www.elsinodaldetamaulipas.com.mx\/index.php?rest_route=\/wp\/v2\/posts\/208139\/revisions\/208154"}],"wp:featuredmedia":[{"embeddable":true,"href":"https:\/\/www.elsinodaldetamaulipas.com.mx\/index.php?rest_route=\/wp\/v2\/media\/208141"}],"wp:attachment":[{"href":"https:\/\/www.elsinodaldetamaulipas.com.mx\/index.php?rest_route=%2Fwp%2Fv2%2Fmedia&parent=208139"}],"wp:term":[{"taxonomy":"category","embeddable":true,"href":"https:\/\/www.elsinodaldetamaulipas.com.mx\/index.php?rest_route=%2Fwp%2Fv2%2Fcategories&post=208139"},{"taxonomy":"post_tag","embeddable":true,"href":"https:\/\/www.elsinodaldetamaulipas.com.mx\/index.php?rest_route=%2Fwp%2Fv2%2Ftags&post=208139"}],"curies":[{"name":"wp","href":"https:\/\/api.w.org\/{rel}","templated":true}]}}