{"id":208152,"date":"2025-07-20T18:50:37","date_gmt":"2025-07-20T22:50:37","guid":{"rendered":"https:\/\/www.elsinodaldetamaulipas.com.mx\/?p=208152"},"modified":"2025-07-20T18:50:37","modified_gmt":"2025-07-20T22:50:37","slug":"de-%c2%a8delicada-piel%c2%a8","status":"publish","type":"post","link":"https:\/\/www.elsinodaldetamaulipas.com.mx\/?p=208152","title":{"rendered":"DE \u00a8DELICADA PIEL\u00a8"},"content":{"rendered":"<div class=\"post-content\">\n<p>PASADO MERIDIANO<\/p>\n<p>GRICELDA GUERRA ROMERO<\/p>\n<p>&nbsp;<\/p>\n<p>No cabe duda que la actual clase pol\u00edtica ya no la hacen como antes, la que aguantaba todo tipo de cr\u00edtica, que incluso hasta se re\u00eda de los se\u00f1alamientos de que eran objeto, tanto de sus mismos compa\u00f1eros de partido como de la ciudadan\u00eda, que si les gritaban ratas se les resbalaba o hac\u00edan odios sordos, y es que ya estaban bien curtidos y como no si con los grandes beneficios que generaba la pol\u00edtica bien val\u00eda la pena eso y m\u00e1s.<\/p>\n<p>Incluso algunos de los que terminaron brincando a Morena cuando vieron que el barco priista se hund\u00eda y del cual fueron dirigentes, cuando se les critico duramente de haber jurado traer tatuado las siglas del PRI en la piel y a los pocos dias como las v\u00edboras ya hab\u00edan cambiado de piel, entend\u00edan que no era nada personal y sobrellevaban las cr\u00edticas.<\/p>\n<p>Sin embargo, ahora con los nuevos pol\u00edticos, bueno algunos no tanto por aquello de la edad, han resultado con una piel extremadamente sensible, aprovechan su posici\u00f3n de poder para callar a ciudadanos que se han atrevido a criticarlos, pero no conforme con ello oblig\u00e1ndolos a pedir disculpas p\u00fablicas, pese a la desaprobaci\u00f3n popular.<\/p>\n<p>Como tambi\u00e9n se ha aplicado a periodistas y medios de comunicaci\u00f3n, como paso en Campeche, donde una jueza de control interna prohibi\u00f3 al periodista Jorge Gonz\u00e1lez Valdez publicar u opinar en contra de la gobernadora Layda Sansores, por lo que cada publicaci\u00f3n que haga su medio Tribuna realice deber\u00e1 ser revisado y aprobado por un interventor judicial, en lo que fue considerado como medida de censura.<\/p>\n<p>Anteriormente al comunicador se le hab\u00edan impuesto sanciones m\u00e1s estrictas, como la prohibici\u00f3n de ejercer el periodismo durante dos a\u00f1os y la orden de dar de baja su plataforma digital, pero finalmente las sanciones fueron anuladas y reemplazadas por las actuales.<\/p>\n<p>O como sucedi\u00f3 con el abogado Carlos Vel\u00e1zquez de Le\u00f3n, que en su momento increpo al pol\u00e9mico Gerardo Fern\u00e1ndez Noro\u00f1a, cuando este se encontraba en la sala de espera de la terminal 2 del aeropuerto capitalino, y que terminara con una disculpa p\u00fablica, exigida y obligada por el petista que genero una ola de indignaci\u00f3n ciudadana, en lo que consideraron un abuso de poder por parte del legislador.<\/p>\n<p>Ahora los reflectores se enfocan en otro caso, donde la mujer es obligada por el Tribunal Electoral a disculparse p\u00fablicamente por 30 dias consecutivos con una legisladora, adem\u00e1s de ser inscritas en un padr\u00f3n de personas violentadoras, todo por haber emitido un comentario en las redes sociales de desaprobaci\u00f3n, pero con la diferencia que en esta ocasi\u00f3n la presidenta Claudia Sheinbaum emitido su opini\u00f3n, considerando que fue desproporcionada la sanci\u00f3n y la asimetr\u00eda entre ciudadanos y pol\u00edticos.<\/p>\n<p>Y es que considerando que el poder est\u00e1 y estar\u00e1 siempre del lado de aquellos que ocupan un cargo pol\u00edtico, pues la ciudadan\u00eda estar\u00e1 desprotegida, por lo que aquello de la libertad de expresi\u00f3n pues ah\u00ed no aplica o correr\u00e1n el peligro de que los aludidos se sientan ofendidos y busquen aplicarles una ley mordaza.<\/p>\n<p>Total, quieren ocupar cargos p\u00fablicos pagados por el pueblo, pero el pueblo no les puede criticar ni exigir cuentas, aun cuando la presidenta Claudia Sheinbaum no se cansa de recordarles que se debe ejercer el poder con humildad, pero no todos est\u00e1n dispuestos a hacerlo.<\/p>\n<p>En otros temas en Matamoros adem\u00e1s de las obras de pavimentaci\u00f3n que se est\u00e1n poniendo en marcha semana con semana, por parte del alcalde Alberto Granados, tambi\u00e9n se est\u00e1n realizando labores de fumigaci\u00f3n con el fin de que evitar la propagaci\u00f3n de casos de dengue.<\/p>\n<p>Son dos las obras que por semana se est\u00e1n dando el banderazo por parte del edil, como sucedi\u00f3 en las colonias La Joya y Las Am\u00e9ricas, donde la semana que concluye se dio el arranque de obra, pero adem\u00e1s se realizaron labores de fumigaci\u00f3n y la entrega de lentes a personas que asi lo necesitaban.<\/p>\n<p>Debido a que son 30 los casos de dengue que se han registrado en el municipio, es que en coordinaci\u00f3n con el Sector Salud que se han desplegado los veh\u00edculos con los equipos para fumigar las colonias, buscando erradicar el mosquito transmisor del dengue.<\/p>\n<p>\u2026<\/p>\n<\/div>\n","protected":false},"excerpt":{"rendered":"<p>PASADO MERIDIANO GRICELDA GUERRA ROMERO &nbsp; No cabe duda que la actual clase pol\u00edtica ya no la hacen como antes, la que aguantaba todo tipo de cr\u00edtica, que incluso hasta se re\u00eda de los se\u00f1alamientos de que eran objeto, tanto de sus mismos compa\u00f1eros de partido como de la ciudadan\u00eda, que si les gritaban ratas [&hellip;]<\/p>\n","protected":false},"author":1,"featured_media":207601,"comment_status":"closed","ping_status":"closed","sticky":false,"template":"","format":"standard","meta":{"footnotes":""},"categories":[16],"tags":[],"class_list":["post-208152","post","type-post","status-publish","format-standard","has-post-thumbnail","hentry","category-opinion"],"_links":{"self":[{"href":"https:\/\/www.elsinodaldetamaulipas.com.mx\/index.php?rest_route=\/wp\/v2\/posts\/208152","targetHints":{"allow":["GET"]}}],"collection":[{"href":"https:\/\/www.elsinodaldetamaulipas.com.mx\/index.php?rest_route=\/wp\/v2\/posts"}],"about":[{"href":"https:\/\/www.elsinodaldetamaulipas.com.mx\/index.php?rest_route=\/wp\/v2\/types\/post"}],"author":[{"embeddable":true,"href":"https:\/\/www.elsinodaldetamaulipas.com.mx\/index.php?rest_route=\/wp\/v2\/users\/1"}],"replies":[{"embeddable":true,"href":"https:\/\/www.elsinodaldetamaulipas.com.mx\/index.php?rest_route=%2Fwp%2Fv2%2Fcomments&post=208152"}],"version-history":[{"count":1,"href":"https:\/\/www.elsinodaldetamaulipas.com.mx\/index.php?rest_route=\/wp\/v2\/posts\/208152\/revisions"}],"predecessor-version":[{"id":208153,"href":"https:\/\/www.elsinodaldetamaulipas.com.mx\/index.php?rest_route=\/wp\/v2\/posts\/208152\/revisions\/208153"}],"wp:featuredmedia":[{"embeddable":true,"href":"https:\/\/www.elsinodaldetamaulipas.com.mx\/index.php?rest_route=\/wp\/v2\/media\/207601"}],"wp:attachment":[{"href":"https:\/\/www.elsinodaldetamaulipas.com.mx\/index.php?rest_route=%2Fwp%2Fv2%2Fmedia&parent=208152"}],"wp:term":[{"taxonomy":"category","embeddable":true,"href":"https:\/\/www.elsinodaldetamaulipas.com.mx\/index.php?rest_route=%2Fwp%2Fv2%2Fcategories&post=208152"},{"taxonomy":"post_tag","embeddable":true,"href":"https:\/\/www.elsinodaldetamaulipas.com.mx\/index.php?rest_route=%2Fwp%2Fv2%2Ftags&post=208152"}],"curies":[{"name":"wp","href":"https:\/\/api.w.org\/{rel}","templated":true}]}}