{"id":208159,"date":"2025-07-20T19:48:46","date_gmt":"2025-07-20T23:48:46","guid":{"rendered":"https:\/\/www.elsinodaldetamaulipas.com.mx\/?p=208159"},"modified":"2025-07-20T19:49:32","modified_gmt":"2025-07-20T23:49:32","slug":"jc-chavez-vio-perder-a-manvy-pac-man-paquiao","status":"publish","type":"post","link":"https:\/\/www.elsinodaldetamaulipas.com.mx\/?p=208159","title":{"rendered":"JC CH\u00c1VEZ, VIO PERDER A MANNY \u201cPAC MAN\u201d PAQUIAO"},"content":{"rendered":"<p>&nbsp;<\/p>\n<h3>El exboxeador mexicano argument\u00f3 que el regreso del filipino al cuadrilatero no refleja su calidad de a\u00f1os atr\u00e1s<\/h3>\n<h3>EL SINODAL DE TAMAULIPAS<\/h3>\n<p>Ciudad de M\u00e9xico. &#8211; Manny Pacquiao sali\u00f3 del retiro para enfrentarse a Mario Barrios en la disputa por el t\u00edtulo w\u00e9lter del Consejo Mundial de Boxeo (CMB), tras una ardua contienda que se extendi\u00f3 hasta el round 12, los jueces dieron a conocer sus tarjetas y declararon un empate con calificaciones 114 &#8211; 114.<\/p>\n<p>&nbsp;<\/p>\n<p>El resultado no solo fue cuestionado por la afici\u00f3n, sino que tambi\u00e9n expertos pusieron en duda la decisi\u00f3n los jueces, tal fue el caso de Julio C\u00e9sar Ch\u00e1vez. El gran campe\u00f3n mexicano consider\u00f3 que el Pac-Man perdi\u00f3 ante Barrios, pese a su buen nivel f\u00edsico a sus 46 a\u00f1os, Ch\u00e1vez lo vio perder.<\/p>\n<p>&nbsp;<\/p>\n<p>&nbsp;<\/p>\n<p>Durante la transmisi\u00f3n de Box Azteca, el C\u00e9sar del Boxeo comparti\u00f3 su an\u00e1lisis de lo que vio arriba del ring en Las Vegas, Nevada, por ello se\u00f1al\u00f3 que Pacquiao perdi\u00f3 y no debi\u00f3 ser un empate.<\/p>\n<p>&nbsp;<\/p>\n<p>Esto dijo Julio C\u00e9sar Ch\u00e1vez del empate Manny Pacquiao con Mario Barrios<\/p>\n<p>Julio C\u00e9sar Ch\u00e1vez se mostr\u00f3 insatisfecho con el regreso de Pacquiao al boxeo profesional, pues pese a su gran trayectoria, consider\u00f3 que su reaparici\u00f3n en el cuadril\u00e1tero no fue el mejor. Cuando son\u00f3 la campanada que termin\u00f3 el doceavo asalto, el exboxeador coment\u00f3 lo siguiente:<\/p>\n<p>\u201cVoy a decir una cosa, yo, con todo respeto, vi perder a Manny Pacquiao\u201d, sentenci\u00f3.<\/p>\n<p>Antes de que los jueces dieran su veredicto, Ch\u00e1vez Gonz\u00e1lez pens\u00f3 que ser\u00eda una derrota, aunque no descart\u00f3 un resultado a favor del filipino \u201cPero si gana, que a toda madr*, la neta\u201d.<\/p>\n<p>&nbsp;<\/p>\n<p>Desde la perspectiva de Julio C\u00e9sar Ch\u00e1vez, Manny Pacquiao ya no ser\u00e1 el mismo, pues consider\u00f3 que la edad ser\u00e1 un factor importante. \u201cEstamos esperando ver al Pacquiao de otros a\u00f1os, pero no vamos a ver ese Pacquiao, con todo respeto, pero vamos a ver destellos\u201d, a\u00f1adi\u00f3 durante la transmisi\u00f3n de TV Azteca.<\/p>\n<p>&nbsp;<\/p>\n<p>Por \u00faltimo \u2014antes de que los jueces dieran el resultado\u2014 Ch\u00e1vez Gonz\u00e1lez consider\u00f3 \u201cl\u00f3gico\u201d que el Pac-Man tenga una pegada m\u00e1s d\u00e9bil por su edad, y que su principal problema ser\u00e1 el factor f\u00edsico.<\/p>\n<p>&nbsp;<\/p>\n<p>\u201cEs l\u00f3gico y queremos ver al Pacquiao de antes, pero es no lo vamos a ver. Vamos a ver destellos, pero siento que no quiero adelantarme. Pacquiao va a tener que quemar sus naves. Ahora vamos a ver si le da el f\u00edsico para lo que le estamos acostumbrados a veer de Pacquiao. La pegada nunca se pierde, pero a cierta edad da mucho coraje y mucha frustraci\u00f3n, yo creo que es eso, va a empezar a sentir Pacquiao\u201d, coment\u00f3.<\/p>\n","protected":false},"excerpt":{"rendered":"<p>&nbsp; El exboxeador mexicano argument\u00f3 que el regreso del filipino al cuadrilatero no refleja su calidad de a\u00f1os atr\u00e1s EL SINODAL DE TAMAULIPAS Ciudad de M\u00e9xico. &#8211; Manny Pacquiao sali\u00f3 del retiro para enfrentarse a Mario Barrios en la disputa por el t\u00edtulo w\u00e9lter del Consejo Mundial de Boxeo (CMB), tras una ardua contienda que [&hellip;]<\/p>\n","protected":false},"author":1,"featured_media":208160,"comment_status":"closed","ping_status":"closed","sticky":false,"template":"","format":"standard","meta":{"footnotes":""},"categories":[5,1],"tags":[],"class_list":["post-208159","post","type-post","status-publish","format-standard","has-post-thumbnail","hentry","category-deportes","category-portada"],"_links":{"self":[{"href":"https:\/\/www.elsinodaldetamaulipas.com.mx\/index.php?rest_route=\/wp\/v2\/posts\/208159","targetHints":{"allow":["GET"]}}],"collection":[{"href":"https:\/\/www.elsinodaldetamaulipas.com.mx\/index.php?rest_route=\/wp\/v2\/posts"}],"about":[{"href":"https:\/\/www.elsinodaldetamaulipas.com.mx\/index.php?rest_route=\/wp\/v2\/types\/post"}],"author":[{"embeddable":true,"href":"https:\/\/www.elsinodaldetamaulipas.com.mx\/index.php?rest_route=\/wp\/v2\/users\/1"}],"replies":[{"embeddable":true,"href":"https:\/\/www.elsinodaldetamaulipas.com.mx\/index.php?rest_route=%2Fwp%2Fv2%2Fcomments&post=208159"}],"version-history":[{"count":2,"href":"https:\/\/www.elsinodaldetamaulipas.com.mx\/index.php?rest_route=\/wp\/v2\/posts\/208159\/revisions"}],"predecessor-version":[{"id":208162,"href":"https:\/\/www.elsinodaldetamaulipas.com.mx\/index.php?rest_route=\/wp\/v2\/posts\/208159\/revisions\/208162"}],"wp:featuredmedia":[{"embeddable":true,"href":"https:\/\/www.elsinodaldetamaulipas.com.mx\/index.php?rest_route=\/wp\/v2\/media\/208160"}],"wp:attachment":[{"href":"https:\/\/www.elsinodaldetamaulipas.com.mx\/index.php?rest_route=%2Fwp%2Fv2%2Fmedia&parent=208159"}],"wp:term":[{"taxonomy":"category","embeddable":true,"href":"https:\/\/www.elsinodaldetamaulipas.com.mx\/index.php?rest_route=%2Fwp%2Fv2%2Fcategories&post=208159"},{"taxonomy":"post_tag","embeddable":true,"href":"https:\/\/www.elsinodaldetamaulipas.com.mx\/index.php?rest_route=%2Fwp%2Fv2%2Ftags&post=208159"}],"curies":[{"name":"wp","href":"https:\/\/api.w.org\/{rel}","templated":true}]}}