{"id":208163,"date":"2025-07-20T19:56:12","date_gmt":"2025-07-20T23:56:12","guid":{"rendered":"https:\/\/www.elsinodaldetamaulipas.com.mx\/?p=208163"},"modified":"2025-07-20T19:56:12","modified_gmt":"2025-07-20T23:56:12","slug":"alista-monreal-su-salida-de-morena","status":"publish","type":"post","link":"https:\/\/www.elsinodaldetamaulipas.com.mx\/?p=208163","title":{"rendered":"ALISTA MONREAL SU SALIDA DE MORENA"},"content":{"rendered":"<p>CUADRANTE\u00a0\u00a0 POLITICO\u2014\u2014\u2014POR\u00a0 FERNANDO\u00a0\u00a0 ACU\u00d1A PI\u00d1EIRO\u2014\u2014<\/p>\n<p>\u2014\u2014\u2014\u2014\u2014-<\/p>\n<p>*.\u2014AVA SIGUE DE FRENTE, TRABAJANDO EN VACACIONES.<\/p>\n<p>En febrero de 1998, \u00a0el hasta entonces priista \u00a0Ricardo Monreal\u00a0 \u00c1vila, anunci\u00f3 su salida del \u00a0tricolor para buscar la gubernatura por una coalici\u00f3n de izquierda.<\/p>\n<p>Personaje astuto y\u00a0 con un excelente olfato pol\u00edtico, RMA, hoy ya est\u00e1 enviando mensajes cifrados de que se embarcar\u00e1 en \u00a0una nueva aventura\u00a0 de poder. Todo indica que se va a salir de MORENA para construir su candidatura presidencial, a trav\u00e9s de un movimiento amplio, \u00a0como justamente lo hizo hace 27 a\u00f1os, por la gubernatura de Zacatecas, cuando el PRI zedillista le neg\u00f3 la candidatura. \u00bfO acaso est\u00e1 amagando para conseguir mayores prerrogativas?<\/p>\n<p>Peras o manzanas, hay se\u00f1ales:<\/p>\n<p>El senador rebelde del obradorismo \u00a0se convirti\u00f3 en uno de los grandes \u00a0ausentes del consejo nacional morenista celebrado este domingo en la CDMX. El Pretexto de su inasistencia fue que atender\u00eda asuntos de familia. \u00bfDesde cuando el poderoso patriarca del clan de parentescos \u00a0m\u00e1s extenso de la marca guinda en el pa\u00eds, hace a un lado al Movimiento de Renovaci\u00f3n\u00a0 Nacional por un evento \u00a0de car\u00e1cter filial?<\/p>\n<p>Los Monreal est\u00e1n preparando su segundo salto de poder, porque avizoran que las reformas implementadas por la Presidenta Sheinbaum contra el nepotismo, y que ya podr\u00e1n ser puestas en marcha desde el 2027, los afectar\u00e1 gravemente.<\/p>\n<p>Especialmente en la gubernatura de Zacatecas, donde el hermano Saul ha dicho que pese a las prohibiciones de la c\u00fapula nacional morenista, no desistir\u00e1 de su proyecto sexenal, para relevar a su hermano David.<\/p>\n<p>Y es que mencionar a Ricardo Monreal, no es hablar solo de \u00e9l, \u00a0\u00a0es referirnos a \u00a0toda una familia que incluye a \u00a0catorce hermanos, de los cuales diez se\u00a0 dedican\u00a0 de lleno a la actividad pol\u00edtica.<\/p>\n<p>De acuerdo a una nota publicada a mediados de 2024, esta era la radiograf\u00eda del enorme nepotismo monrealista:<\/p>\n<p>Ricardo Monreal es el \u00a0exgobernador de Zacatecas, influyente l\u00edder senatorial, ex precandidato a la presidencia de la rep\u00fablica; David Monreal, actual gobernador de Zacatecas; Saul Monreal firme aspirante a ser el pr\u00f3ximo gobernador de \u00a0ese mismo estado, en una especie de \u00a0cultura din\u00e1stica, alejada de toda democracia.<\/p>\n<p>Pero no solo ellos: Rodolfo Monreal es alto funcionario en el gobierno de Sinaloa. Eulogio Monreal tiene o ten\u00eda un puesto federal en Aguascalientes. Susana Monreal, en \u00a0el 2021, figuraba como parte del consulado mexicano en Texas.<\/p>\n<p>Luis Enrique Monreal, Director de una asociaci\u00f3n civil\u00a0 y \u00a0esposo de la Delegada Federal de bienestar en Zacatecas. Mar\u00eda del Refugio Monreal , vocal secretaria en la junta del INE CDMX.<\/p>\n<p>Ana Mar\u00eda Monreal Directora \u00a0de Salud P\u00fablica, en la Secretar\u00eda de Salud zacatecana. Leticia Monreal jefa de prestaciones del IMSS en Zacatecas.<\/p>\n<p>El pasado 14 de julio\u2014hace apenas una semana\u2014Ricando Monreal declar\u00f3 que ya no va a disputar ning\u00fan cargo p\u00fablico o de car\u00e1cter pol\u00edtico. Mencionando \u00a0la letra de la canci\u00f3n que\u00a0 hizo famosa el gran \u00a0Frank Sinatra,\u00a0 Monreal declar\u00f3 que, \u201cel final se acerca ya\u201d, adelantando que el ep\u00edlogo de su carrera pol\u00edtica ya se acerca. Pero eso no es verdad. Solo lo hace para enga\u00f1ar al adversario interno del morenismo.<\/p>\n<p>En realidad Monreal se jugar\u00e1 su \u00faltima carta por el poder Presidencial. En el 2030 tendr\u00e1 setenta a\u00f1os, y\u00a0 ese ser\u00e1 su \u00faltimo pero gran intento por ser el primer inquilino de Palacio Nacional.<\/p>\n<p>Este domingo en la CDMX, mientras que Monreal fue el gran ausente, el tabasque\u00f1o Ad\u00e1n Augusto se dej\u00f3 ver como\u00a0 la oveja m\u00e1s oscura del morenismo.\u00a0 Cosas raras, movimientos extra\u00f1os est\u00e1n ocurriendo hacia el interior del poderoso partido en el poder.<\/p>\n<p>\u00bfHablamos de una sucesi\u00f3n adelantada? Dada la gran fortaleza de la Presidenta Sheinbaum, nos negamos a aceptar que estemos ante la v\u00edspera de un nuevo callismo en M\u00e9xico.<\/p>\n<p>\u2014\u2014\u2013AVA SIGUE DE FRENTE TRABAJANDO, SIN VACACIONES\u2014\u2013<\/p>\n<p>El gobernador Am\u00e9rico Villarreal Anaya acaba de reunirse con el gabinete estatal, \u00a0y \u00a0entre otros planteamientos, les dej\u00f3 una encomienda: elevar los indicadores de eficacia y rendimiento en el trabajo p\u00fablico, a favor de la poblaci\u00f3n. El mandatario tamaulipeco est\u00e1 poniendo el ejemplo a sus colaboradores,\u00a0 sin interrupci\u00f3n en su agenda de actividades, trabajando sin descanso, \u00a0pese a las vacaciones de la burocracia, a la cual desde luego, tienen leg\u00edtimo derecho.<\/p>\n<p>Por otra parte, un nuevo galard\u00f3n nacional obtuvo el sexenio de la voluntad y el trabajo, luego de que se diese a conocer \u00a0la obtenci\u00f3n de un primer lugar en la gesti\u00f3n de vivienda para el bienestar. De las 7 mil 612 viviendas que se entregar\u00e1n en el pa\u00eds, mil 611 ser\u00e1n para Tamaulipas.<\/p>\n<p>Naci\u00f3 esta semana la Secretar\u00eda Anticorrupci\u00f3n y buen gobierno, con lo cual se \u00a0fortalecen os mecanismos de transparencia. La mega dependencia \u00a0seguir\u00e1 a cargo de la poderos\u00edsima Norma Ang\u00e9lica Pedraza Melo.<\/p>\n<p>Y bueno, pues este mi\u00e9rcoles el Secretario estatal \u00a0de Obras P\u00fablicas Pedro Cepeda Anaya le dio a los periodistas tamaulipecos un tour por el t\u00fanel de mil 800 metros de longitud, \u00a0de la carretera Mante-Tula Ocampo, explicando los detalles t\u00e9cnicos de \u00a0esta mega infraestructura, considerada ya entre las m\u00e1s relevantes del sexenio de AVA.<\/p>\n<p>Villarreal Anaya abander\u00f3 al equipo de beisbol infantil Liga de Aguayo, mismo que participar\u00e1 en el campeonato mundial de California USA, representando a M\u00e9xico. \u00a0Y finalmente AVA cerr\u00f3 la semana con un juego de ajedrez, ante la campeona nacional de este deporte Daniela Ordo\u00f1ez Alarc\u00f3n.<\/p>\n<p>En estas vacaciones, el gobernador AVA sigue trabajando. Desde la primera esquina de palacio, el mensaje es claro: la transformaci\u00f3n no se detiene.<\/p>\n","protected":false},"excerpt":{"rendered":"<p>CUADRANTE\u00a0\u00a0 POLITICO\u2014\u2014\u2014POR\u00a0 FERNANDO\u00a0\u00a0 ACU\u00d1A PI\u00d1EIRO\u2014\u2014 \u2014\u2014\u2014\u2014\u2014- *.\u2014AVA SIGUE DE FRENTE, TRABAJANDO EN VACACIONES. En febrero de 1998, \u00a0el hasta entonces priista \u00a0Ricardo Monreal\u00a0 \u00c1vila, anunci\u00f3 su salida del \u00a0tricolor para buscar la gubernatura por una coalici\u00f3n de izquierda. Personaje astuto y\u00a0 con un excelente olfato pol\u00edtico, RMA, hoy ya est\u00e1 enviando mensajes cifrados de que [&hellip;]<\/p>\n","protected":false},"author":1,"featured_media":208164,"comment_status":"closed","ping_status":"closed","sticky":false,"template":"","format":"standard","meta":{"footnotes":""},"categories":[16],"tags":[],"class_list":["post-208163","post","type-post","status-publish","format-standard","has-post-thumbnail","hentry","category-opinion"],"_links":{"self":[{"href":"https:\/\/www.elsinodaldetamaulipas.com.mx\/index.php?rest_route=\/wp\/v2\/posts\/208163","targetHints":{"allow":["GET"]}}],"collection":[{"href":"https:\/\/www.elsinodaldetamaulipas.com.mx\/index.php?rest_route=\/wp\/v2\/posts"}],"about":[{"href":"https:\/\/www.elsinodaldetamaulipas.com.mx\/index.php?rest_route=\/wp\/v2\/types\/post"}],"author":[{"embeddable":true,"href":"https:\/\/www.elsinodaldetamaulipas.com.mx\/index.php?rest_route=\/wp\/v2\/users\/1"}],"replies":[{"embeddable":true,"href":"https:\/\/www.elsinodaldetamaulipas.com.mx\/index.php?rest_route=%2Fwp%2Fv2%2Fcomments&post=208163"}],"version-history":[{"count":1,"href":"https:\/\/www.elsinodaldetamaulipas.com.mx\/index.php?rest_route=\/wp\/v2\/posts\/208163\/revisions"}],"predecessor-version":[{"id":208165,"href":"https:\/\/www.elsinodaldetamaulipas.com.mx\/index.php?rest_route=\/wp\/v2\/posts\/208163\/revisions\/208165"}],"wp:featuredmedia":[{"embeddable":true,"href":"https:\/\/www.elsinodaldetamaulipas.com.mx\/index.php?rest_route=\/wp\/v2\/media\/208164"}],"wp:attachment":[{"href":"https:\/\/www.elsinodaldetamaulipas.com.mx\/index.php?rest_route=%2Fwp%2Fv2%2Fmedia&parent=208163"}],"wp:term":[{"taxonomy":"category","embeddable":true,"href":"https:\/\/www.elsinodaldetamaulipas.com.mx\/index.php?rest_route=%2Fwp%2Fv2%2Fcategories&post=208163"},{"taxonomy":"post_tag","embeddable":true,"href":"https:\/\/www.elsinodaldetamaulipas.com.mx\/index.php?rest_route=%2Fwp%2Fv2%2Ftags&post=208163"}],"curies":[{"name":"wp","href":"https:\/\/api.w.org\/{rel}","templated":true}]}}