{"id":208209,"date":"2025-07-21T20:52:42","date_gmt":"2025-07-22T00:52:42","guid":{"rendered":"https:\/\/www.elsinodaldetamaulipas.com.mx\/?p=208209"},"modified":"2025-07-21T20:52:42","modified_gmt":"2025-07-22T00:52:42","slug":"entre-parentesis-perpendiculares","status":"publish","type":"post","link":"https:\/\/www.elsinodaldetamaulipas.com.mx\/?p=208209","title":{"rendered":"ENTRE PAR\u00c9NTESIS PERPENDICULARES"},"content":{"rendered":"<div class=\"post-content\">\n<p>A partir del pr\u00f3ximo 1 de octubre del presente a\u00f1o, quedaran grabados los<br \/>\nnombres de los nuevos magistrados y magistradas en el Supremo Tribunal de<br \/>\nJusticia en el Estado de Tamaulipas, que fueron electos el pasado 1 de junio a<br \/>\ntrav\u00e9s del voto libre, directo y secreto por las y los tamaulipecos; toda vez que<br \/>\nseguramente se har\u00e1 la develaci\u00f3n del muro de los nombres en \u201cletras de oro\u201d de<br \/>\nlos nuevos titulares que compondr\u00e1n el nuevo Poder Judicial de Tamaulipas.<br \/>\nLa anfitriona y Presidenta del nuevo Poder Judicial de Tamaulipas, ser\u00e1 sin<br \/>\nduda la Lic. Tania Gisela Contreras L\u00f3pez, quien alcanz\u00f3 el m\u00e1s alto porcentaje<br \/>\nde votaci\u00f3n de todos los que contendieron y seguramente se tendr\u00e1 como invitado<br \/>\nde honor al gobernador del estado, Am\u00e9rico Villarreal Anaya, por lo que esto cobra<br \/>\nespecial relevancia ya que en Tamaulipas concluy\u00f3 el proceso hist\u00f3rico para<br \/>\nrenovar por primera vez mediante el voto popular al \u00f3rgano estatal de impartici\u00f3n<br \/>\nde justicia.<br \/>\nY estos ser\u00e1n los nombres de hombres y mujeres del nuevo PJT, que ser\u00e1n<br \/>\ndiez los asientos en el Pleno y en la Reforma Judicial se busc\u00f3 una integraci\u00f3n<br \/>\nparitaria:<br \/>\nTania Gisela Contreras L\u00f3pez, Griselda Marisol V\u00e1zquez Garc\u00eda,<br \/>\nGuillermina Reynoso Ochoa, Teresa Olivia Blanco Alvizo y Minerva C\u00e1ceres<br \/>\nV\u00e1zquez, en cuanto a mujeres.<br \/>\nY de hombres va: Oscar Alberto Lara Sosa, Ra\u00fal Robles Caballero, Adri\u00e1n<br \/>\nAlberto S\u00e1nchez Salazar, Esteban Etienne Ruiz e Ignacio Garc\u00eda Z\u00fa\u00f1iga.<\/p>\n<p>NOTAS CORTAS<\/p>\n<p>1.- No me lo crea, pero se afirma por los pasillos de la Secretaria de<br \/>\nEducaci\u00f3n de Tamaulipas que regresando de vacaciones all\u00e1 por el 4 de agosto,<br \/>\nvendr\u00e1n m\u00e1s cambios hacia el interior de la dependencia, sobre todo en el \u00e1rea de<br \/>\neducaci\u00f3n b\u00e1sica. Y uno de ellos es en Elemental, Preescolar, Especial e Inicial,<br \/>\ndonde se dice que habr\u00e1 sorpresas. Se me ocurren algunos nombres, pero por<br \/>\nregla no los mencionaremos aun hasta que se concreten, pero los que est\u00e1n bien<br \/>\nenterados del tema, juran y perjuran que llegar\u00e1 gente del Profe Arnulfo.<br \/>\n2.- Todas las dependencias de los tres niveles de gobierno, sus<br \/>\ntrabajadores, ya est\u00e1n gozando del periodo vacacional de verano y algunas de<br \/>\nestas operaran con guardias, pero la mayor\u00eda del personal regresa hasta el 4 de<br \/>\nagosto.<br \/>\nPor lo tanto, la l\u00edder del SUTSPET, Banca Valles Rodr\u00edguez les dijo a sus<br \/>\nrepresentados: \u201cQue estos d\u00edas de merecido descanso les permitan relajarse,<\/p>\n<p>desconectar de sus responsabilidades laborales y disfrutar al m\u00e1ximo con sus<br \/>\nseres queridos, para regresar renovados y con energ\u00edas, para seguir dando lo<br \/>\nmejor de cada uno en nuestras actividades laborales\u201d.<br \/>\n\u201cAgradezco su dedicaci\u00f3n y esfuerzo diario para servir a nuestra<br \/>\ncomunidad. Les deseo un merecido descanso y un regreso exitoso\u00bb.<br \/>\n3.- Por cierto, quien no para de chambear duro y directo con la gente, es el<br \/>\ndelegado de Bienestar en Coahuila, el orgullosamente tamaulipeco Am\u00e9rico<br \/>\nVillarreal Santiago, pues as\u00ed hace visitas domiciliarias del programa Salud Casa<br \/>\npor Casa, por lo que Villarreal Santiago se ha sumado en repetidas ocasiones a<br \/>\nlas brigadas para constatar la calidad y calidez de los servicios. Y lo hace sin<br \/>\nintermediarios, en equipo y los coahuilenses agradecen ese gesto de la presidenta<br \/>\nClaudia Sheinbaum.<br \/>\n4.- Este martes 22 de julio de 2025 se celebra el 408\u00b0 aniversario de la<br \/>\nfundaci\u00f3n del municipio de Tula y al d\u00eda siguiente, o sea, mi\u00e9rcoles 23, le toca a<br \/>\nJaumave celebrarlo, quienes ambos municipios se distinguen por ser de esa<br \/>\nregi\u00f3n semi\u00e1rida,\u00a0 tierra de gente trabajadora y echada pa\u2019 delante. \u00a1Muchas<br \/>\nfelicidades, enhorabuena!\u00a0#TodoParaBien #OrgulloTamaulipeco<br \/>\nPor cierto, \u00bfSab\u00edas cu\u00e1l es el municipio m\u00e1s antiguo de Tamaulipas?<br \/>\nEl municipio m\u00e1s antiguo de Tamaulipas es\u00a0Tula.\u00a0Fue fundado el 22 de julio<br \/>\nde 1617 por el fraile Juan Bautista de Mollinedo.\u00a0Se encuentra en la zona altiplano<br \/>\ndel estado y es conocido por su arquitectura colonial, su rica historia y la<br \/>\nelaboraci\u00f3n de la cuera tamaulipeca, una prenda tradicional del estado. As\u00ed que si<br \/>\nquieren ir a disfrutar de esas fiestas, est\u00e1n invitados todos. Son dos d\u00edas de fiesta,<br \/>\npues habr\u00e1 cabalgata y muchas sorpresas m\u00e1s.<br \/>\nPor hoy es todo, en la pr\u00f3xima seguiremos dialogando del acontecer<br \/>\npol\u00edtico tamaulipeco.<\/p>\n<\/div>\n","protected":false},"excerpt":{"rendered":"<p>A partir del pr\u00f3ximo 1 de octubre del presente a\u00f1o, quedaran grabados los nombres de los nuevos magistrados y magistradas en el Supremo Tribunal de Justicia en el Estado de Tamaulipas, que fueron electos el pasado 1 de junio a trav\u00e9s del voto libre, directo y secreto por las y los tamaulipecos; toda vez que [&hellip;]<\/p>\n","protected":false},"author":1,"featured_media":207514,"comment_status":"closed","ping_status":"closed","sticky":false,"template":"","format":"standard","meta":{"footnotes":""},"categories":[16],"tags":[],"class_list":["post-208209","post","type-post","status-publish","format-standard","has-post-thumbnail","hentry","category-opinion"],"_links":{"self":[{"href":"https:\/\/www.elsinodaldetamaulipas.com.mx\/index.php?rest_route=\/wp\/v2\/posts\/208209","targetHints":{"allow":["GET"]}}],"collection":[{"href":"https:\/\/www.elsinodaldetamaulipas.com.mx\/index.php?rest_route=\/wp\/v2\/posts"}],"about":[{"href":"https:\/\/www.elsinodaldetamaulipas.com.mx\/index.php?rest_route=\/wp\/v2\/types\/post"}],"author":[{"embeddable":true,"href":"https:\/\/www.elsinodaldetamaulipas.com.mx\/index.php?rest_route=\/wp\/v2\/users\/1"}],"replies":[{"embeddable":true,"href":"https:\/\/www.elsinodaldetamaulipas.com.mx\/index.php?rest_route=%2Fwp%2Fv2%2Fcomments&post=208209"}],"version-history":[{"count":1,"href":"https:\/\/www.elsinodaldetamaulipas.com.mx\/index.php?rest_route=\/wp\/v2\/posts\/208209\/revisions"}],"predecessor-version":[{"id":208210,"href":"https:\/\/www.elsinodaldetamaulipas.com.mx\/index.php?rest_route=\/wp\/v2\/posts\/208209\/revisions\/208210"}],"wp:featuredmedia":[{"embeddable":true,"href":"https:\/\/www.elsinodaldetamaulipas.com.mx\/index.php?rest_route=\/wp\/v2\/media\/207514"}],"wp:attachment":[{"href":"https:\/\/www.elsinodaldetamaulipas.com.mx\/index.php?rest_route=%2Fwp%2Fv2%2Fmedia&parent=208209"}],"wp:term":[{"taxonomy":"category","embeddable":true,"href":"https:\/\/www.elsinodaldetamaulipas.com.mx\/index.php?rest_route=%2Fwp%2Fv2%2Fcategories&post=208209"},{"taxonomy":"post_tag","embeddable":true,"href":"https:\/\/www.elsinodaldetamaulipas.com.mx\/index.php?rest_route=%2Fwp%2Fv2%2Ftags&post=208209"}],"curies":[{"name":"wp","href":"https:\/\/api.w.org\/{rel}","templated":true}]}}