{"id":208472,"date":"2025-07-28T11:08:34","date_gmt":"2025-07-28T15:08:34","guid":{"rendered":"https:\/\/www.elsinodaldetamaulipas.com.mx\/?p=208472"},"modified":"2025-07-28T11:08:34","modified_gmt":"2025-07-28T15:08:34","slug":"por-su-bien-es-inminente-cambio-de-piel-en-morena","status":"publish","type":"post","link":"https:\/\/www.elsinodaldetamaulipas.com.mx\/?p=208472","title":{"rendered":"POR SU BIEN, ES INMINENTE CAMBIO DE PIEL EN MORENA"},"content":{"rendered":"<h2 class=\"wp-block-heading\">ORBE<\/h2>\n<h4 class=\"wp-block-heading\"><strong>Ma. Teresa Medina Marroqu\u00edn.-<\/strong><\/h4>\n<p><strong>SE DICE QUE LAS BASES SE PRONUNCIAN POR UNA URGENTE TRANSFORMACI\u00d3N<\/strong><\/p>\n<p><strong>SE SUMA LA UAT A ESFUERZOS PARA EL CONTROL Y PREVENCI\u00d3N DEL BARRENADOR<\/strong><\/p>\n<p><strong>CUMPLE GOBIERNO DE VICTORIA CON LA PROYECCI\u00d3N DE OBRA MUNICIPAL 2025<\/strong><\/p>\n<p>Tal como a partir de la fundaci\u00f3n en 1929 del Partido Nacional Revolucionario (PNR) por Plutarco El\u00edas Calles, renov\u00e1ndose diez a\u00f1os despu\u00e9s en el gobierno de L\u00e1zaro C\u00e1rdenas como Partido de la Revoluci\u00f3n Mexicana (PRM), para refundarse definitivamente como Partido Revolucionario Institucional (PRI) en 1946, siendo presidente de la rep\u00fablica el general Manuel \u00c1vila Camacho, lo mismo comenzar\u00eda a sucederle al Movimiento de Regeneraci\u00f3n Social (Morena) que, creado por Andr\u00e9s Manuel L\u00f3pez Obrador a finales de 2011, parece destinado a cambiar de piel, y cuya nueva denominaci\u00f3n podr\u00eda darle una amplia perspectiva de vida.<\/p>\n<p>Esto es, una perspectiva de largo plazo, con un aliento que impida no s\u00f3lo su desaparici\u00f3n con la que algunos consideran se encuentra amenazado, sino que esta garantice su participaci\u00f3n en las esferas del poder pol\u00edtico.<\/p>\n<p>Se dice que nadie puede negar que las bases de Morena est\u00e9n pidiendo con urgencia una transformaci\u00f3n para que, a su vez, el proyecto de la 4T contin\u00fae vigente con el proyecto que AMLO le dio, y que de pronto, por sus naturales equilibrios internos, tal cual le ocurri\u00f3 al PRI, tenga que reconstituirse superando confusiones que se han apoderado de su trayectoria.<\/p>\n<p>Y cuyo escenario tambi\u00e9n se est\u00e1 enfrentando a las presiones de Estados Unidos en un fen\u00f3meno que no es nuevo, que se viene padeciendo desde hace d\u00e9cadas con el mismo PRI, al igual con el PAN cuando en 2006 Felipe Calder\u00f3n asumi\u00f3 la presidencia, y cuya violencia y efectos, en la forma de narcotr\u00e1fico, tienen que ser resueltas, ya lo ha dicho repetidamente la presidenta Claudia Sheinbaum, por una estrategia dise\u00f1ada e implementada por ambas naciones.<\/p>\n<p>Mientras tanto, incluyendo el desatino de querer cargarle a M\u00e9xico todas las culpas de la violencia y tr\u00e1fico de narc\u00f3ticos, la purga en Morena se vislumbra como un acontecimiento que no pasar\u00e1 de este sexenio federal, donde las reflexiones desde Palacio Nacional est\u00e1n a la vista.<\/p>\n<p><strong>ARRASTRAR\u00c1N EN SU CA\u00cdDA A MUCHOS QUE EXTRAVIARON LA VISI\u00d3N DE UN PA\u00cdS DISTINTO<\/strong><\/p>\n<p>Por lo pronto, la Dra. Sheinbaum act\u00faa m\u00e1s de lo que habla en ese sentido, ajust\u00e1ndose la estructura de poder que inicia (sin el tamiz medi\u00e1tico) con la ruptura definitiva e imprescindible (ya lo hab\u00edamos advertido aqu\u00ed hace varios meses) con los poderes que gobernaron entre 2018 y 2024.<\/p>\n<p>El expediente nebuloso del senador Ad\u00e1n Augusto L\u00f3pez Hern\u00e1ndez, ex gobernador de Tabasco y ex secretario de Gobernaci\u00f3n, marcar\u00e1 el inicio de una profunda renovaci\u00f3n que Morena requiere, y que generar\u00e1 un efecto domin\u00f3 en los poderes concentrados en la Ciudad de M\u00e9xico, extendi\u00e9ndose a todo el pa\u00eds sus cambios dr\u00e1sticos y espectaculares que sin la menor duda vendr\u00edan a fortalecer la confianza en una Cuarta Transformaci\u00f3n, cuyos ejes han sido todo un desaf\u00edo al statu quo y a una serie enorme de privilegios que diversas mafias est\u00e1n defendiendo en t\u00e9rminos frontales.<\/p>\n<p>\u00bfQui\u00e9nes son los personajes que con estos cambios radicales tendr\u00e1n que ser separados de las grandes e inminentes transformaciones se\u00f1aladas?<\/p>\n<p>Quiz\u00e1 no sean tantas las cabezas de los poderosos que dejar\u00e1n de serlo, pero personajes como Ricardo Monreal y el propio Ad\u00e1n Augusto L\u00f3pez, arrastrar\u00e1n en su ca\u00edda a muchos que extraviaron las visiones de un pa\u00eds distinto al que gobernaron el PRI y el PAN.<\/p>\n<p>De hecho ya se habla que la Presidenta est\u00e1 pensando seriamente en ordenar una nueva versi\u00f3n de las islas Fiyi, enviando de embajador a esas ant\u00edpodas, como lo hizo Jos\u00e9 L\u00f3pez Portillo con Luis Echeverr\u00eda, a un personaje que deber\u00eda apoyar la causa, pero que ha decidido apoyar proyectos ajenos al inter\u00e9s de la naci\u00f3n.<\/p>\n<p><strong>SE SUMA LA UAT A ESFUERZOS PARA EL CONTROL Y PREVENCI\u00d3N DEL GUSANO BARRENADOR<\/strong><\/p>\n<p>En alianza estrat\u00e9gica con el Gobierno de Tamaulipas y la Secretar\u00eda de Desarrollo Rural, Pesca y Acuacultura, la Universidad Aut\u00f3noma de Tamaulipas (UAT) se suma al trabajo interinstitucional de enfrentar la amenaza del gusano barrenador del ganado.<\/p>\n<p>Durante la inauguraci\u00f3n del Foro Regional para el Control y Prevenci\u00f3n del Gusano Barrenador del Ganado, que presidi\u00f3 el gobernador Am\u00e9rico Villarreal Anaya en la Facultad de Medicina Veterinaria y Zootecnia, el rector D\u00e1maso Anaya Alvarado reafirm\u00f3 el compromiso de la Universidad para contribuir en las acciones en beneficio de la sociedad y sus sectores.<\/p>\n<p>Sostuvo que la Universidad no puede ser espectadora ante esta contingencia, resaltando que la UAT cuenta con una s\u00f3lida experiencia cient\u00edfica en el estudio del gusano barrenador, y que sus investigadores est\u00e1n preparados para colaborar con el campo tamaulipeco y las regiones vecinas.<\/p>\n<p><strong>CUMPLE GOBIERNO DE VICTORIA CON LA PROYECCI\u00d3N DE OBRA 2025<\/strong><\/p>\n<p>El programa de obra municipal 2025 y rehabilitaci\u00f3n de pavimentos del Gobierno de Victoria avanza de acuerdo a la proyecci\u00f3n establecida, confirm\u00f3 el alcalde Eduardo Gatt\u00e1s B\u00e1ez al reunirse con el titular la Secretar\u00eda de Obras P\u00fablicas del Ayuntamiento.<\/p>\n<p>En la evaluaci\u00f3n, el titular de la dependencia, Eusebio Alfaro Reyna, inform\u00f3 que las diez obras en proceso de pavimentaci\u00f3n con carpeta asf\u00e1ltica, concreto hidr\u00e1ulico y de infraestructura educativa en colonias presentan entre un 30 y 75 por ciento de avance de construcci\u00f3n.<\/p>\n<p>Destac\u00f3 la conclusi\u00f3n de obras de pavimentaci\u00f3n asf\u00e1ltica en las colonias H\u00e9roe de Nacozari y Norberto Trevi\u00f1o Zapata; y a trav\u00e9s del Departamento de Proyectos el inicio de levantamiento de informaci\u00f3n para el proyecto de obra en calles de las colonias Cuauht\u00e9moc, San Francisco y fraccionamiento Valle de Aguayo.<\/p>\n<p>El Departamento de Rehabilitaci\u00f3n de Pavimentos report\u00f3 esta semana la reparaci\u00f3n de 6,813 metros cuadrados en atenci\u00f3n a 37 reportes ciudadanos por baches en las colonias El Mirador, Residencial Selectas, Mariano Matamoros, calle ITACE y fraccionamientos Montes Altos y Vergel.<\/p>\n<p><strong>\u00a1Dese\u00e1ndoles un d\u00eda maravilloso!\u00a0\u00a0\u00a0\u00a0\u00a0\u00a0\u00a0\u00a0\u00a0\u00a0\u00a0\u00a0<\/strong><\/p>\n<p><a href=\"mailto:tessieprimera@hotmail.com\"><strong>tessieprimera@hotmail.com<\/strong><\/a><strong>, @columnaorbe, columnaorbe.wordpress.com<\/strong><\/p>\n","protected":false},"excerpt":{"rendered":"<p>ORBE Ma. Teresa Medina Marroqu\u00edn.- SE DICE QUE LAS BASES SE PRONUNCIAN POR UNA URGENTE TRANSFORMACI\u00d3N SE SUMA LA UAT A ESFUERZOS PARA EL CONTROL Y PREVENCI\u00d3N DEL BARRENADOR CUMPLE GOBIERNO DE VICTORIA CON LA PROYECCI\u00d3N DE OBRA MUNICIPAL 2025 Tal como a partir de la fundaci\u00f3n en 1929 del Partido Nacional Revolucionario (PNR) por [&hellip;]<\/p>\n","protected":false},"author":1,"featured_media":207504,"comment_status":"closed","ping_status":"closed","sticky":false,"template":"","format":"standard","meta":{"footnotes":""},"categories":[16],"tags":[],"class_list":["post-208472","post","type-post","status-publish","format-standard","has-post-thumbnail","hentry","category-opinion"],"_links":{"self":[{"href":"https:\/\/www.elsinodaldetamaulipas.com.mx\/index.php?rest_route=\/wp\/v2\/posts\/208472","targetHints":{"allow":["GET"]}}],"collection":[{"href":"https:\/\/www.elsinodaldetamaulipas.com.mx\/index.php?rest_route=\/wp\/v2\/posts"}],"about":[{"href":"https:\/\/www.elsinodaldetamaulipas.com.mx\/index.php?rest_route=\/wp\/v2\/types\/post"}],"author":[{"embeddable":true,"href":"https:\/\/www.elsinodaldetamaulipas.com.mx\/index.php?rest_route=\/wp\/v2\/users\/1"}],"replies":[{"embeddable":true,"href":"https:\/\/www.elsinodaldetamaulipas.com.mx\/index.php?rest_route=%2Fwp%2Fv2%2Fcomments&post=208472"}],"version-history":[{"count":1,"href":"https:\/\/www.elsinodaldetamaulipas.com.mx\/index.php?rest_route=\/wp\/v2\/posts\/208472\/revisions"}],"predecessor-version":[{"id":208473,"href":"https:\/\/www.elsinodaldetamaulipas.com.mx\/index.php?rest_route=\/wp\/v2\/posts\/208472\/revisions\/208473"}],"wp:featuredmedia":[{"embeddable":true,"href":"https:\/\/www.elsinodaldetamaulipas.com.mx\/index.php?rest_route=\/wp\/v2\/media\/207504"}],"wp:attachment":[{"href":"https:\/\/www.elsinodaldetamaulipas.com.mx\/index.php?rest_route=%2Fwp%2Fv2%2Fmedia&parent=208472"}],"wp:term":[{"taxonomy":"category","embeddable":true,"href":"https:\/\/www.elsinodaldetamaulipas.com.mx\/index.php?rest_route=%2Fwp%2Fv2%2Fcategories&post=208472"},{"taxonomy":"post_tag","embeddable":true,"href":"https:\/\/www.elsinodaldetamaulipas.com.mx\/index.php?rest_route=%2Fwp%2Fv2%2Ftags&post=208472"}],"curies":[{"name":"wp","href":"https:\/\/api.w.org\/{rel}","templated":true}]}}