{"id":208477,"date":"2025-07-28T12:51:13","date_gmt":"2025-07-28T16:51:13","guid":{"rendered":"https:\/\/www.elsinodaldetamaulipas.com.mx\/?p=208477"},"modified":"2025-07-28T12:51:13","modified_gmt":"2025-07-28T16:51:13","slug":"reynosa-y-tampico-encabezan-ciudades-inseguras","status":"publish","type":"post","link":"https:\/\/www.elsinodaldetamaulipas.com.mx\/?p=208477","title":{"rendered":"REYNOSA Y TAMPICO ENCABEZAN CIUDADES INSEGURAS"},"content":{"rendered":"<h3 style=\"text-align: left;\">Los Pe\u00f1a Ortiz y Ortiz Dom\u00ednguez<\/h3>\n<h3 style=\"text-align: left;\">(que vienen siendo los mismos);en<\/h3>\n<h3 style=\"text-align: left;\">el liderato de promesas incumplidas<\/h3>\n<h4 style=\"text-align: left;\"><\/h4>\n<p><strong><em>Por Julio Manuel Loya Guzm\u00e1n\/EL SINODAL DE TAMAULIPAS<\/em><\/strong><\/p>\n<p>Reynosa, Tamaulipas.\u2013 La percepci\u00f3n de inseguridad en Tamaulipas muestra un repunte en dos de sus principales ciudades: Reynosa y Tampico, seg\u00fan revela la m\u00e1s reciente Encuesta Nacional de Seguridad P\u00fablica Urbana (ENSU), publicada por el Instituto Nacional de Estad\u00edstica y Geograf\u00eda (INEGI) el pasado 24 de julio.<\/p>\n<p>&nbsp;<\/p>\n<p>El estudio, correspondiente al segundo trimestre de 2025, se\u00f1ala que Reynosa alcanz\u00f3 un 81.1 por ciento en percepci\u00f3n de inseguridad entre sus habitantes, mientras que Tampico registr\u00f3 un aumento al 31.5 por ciento. En ambos casos, los datos muestran un incremento respecto al trimestre anterior, cuando Reynosa se ubicaba en 74.1 por ciento y Tampico en 29.7 por ciento.<\/p>\n<p>&nbsp;<\/p>\n<p>En contraste, otras ciudades tamaulipecas como Nuevo Laredo y Ciudad Victoria reportaron una disminuci\u00f3n en este indicador, lo cual refleja que las condiciones de seguridad son desiguales en la entidad.<\/p>\n<p>&nbsp;<\/p>\n<p>A nivel nacional, el informe del INEGI detalla que el 63.2 por ciento de la poblaci\u00f3n de 18 a\u00f1os y m\u00e1s considera inseguro vivir en su ciudad, un aumento respecto a marzo de 2025 (61.9%) y junio de 2024 (59.4%). El estudio tambi\u00e9n revela una mayor percepci\u00f3n de inseguridad entre mujeres (68.5%) que entre hombres (56.7%).<\/p>\n<h3 style=\"text-align: left;\"><img loading=\"lazy\" decoding=\"async\" class=\"aligncenter wp-image-208479 size-full\" src=\"https:\/\/www.elsinodaldetamaulipas.com.mx\/wp-content\/uploads\/2025\/07\/INSEGURIDAD-1.jpeg\" alt=\"\" width=\"720\" height=\"1021\" srcset=\"https:\/\/www.elsinodaldetamaulipas.com.mx\/wp-content\/uploads\/2025\/07\/INSEGURIDAD-1.jpeg 720w, https:\/\/www.elsinodaldetamaulipas.com.mx\/wp-content\/uploads\/2025\/07\/INSEGURIDAD-1-212x300.jpeg 212w\" sizes=\"auto, (max-width: 720px) 100vw, 720px\" \/><\/h3>\n<p>&nbsp;<\/p>\n<p style=\"text-align: center;\"><strong>Desilusi\u00f3n en Reynosa.<\/strong><\/p>\n<p>En Reynosa, donde desde hace nueve a\u00f1os gobierna la familia Pe\u00f1a Ortiz, los habitantes aseguran no haber visto resultados tangibles en materia de seguridad.<\/p>\n<p>&nbsp;<\/p>\n<p>Ni la exalcaldesa Maki Ortiz ni su hijo, el actual edil Carlos Pe\u00f1a Ortiz, han logrado cumplir sus reiteradas promesas de campa\u00f1a en las que aseguraban devolver\u00edan la tranquilidad a las familias.<\/p>\n<p>&nbsp;<\/p>\n<p>Durante su primera contienda electoral, Maki Ortiz \u2014entonces abanderada por el PAN\u2014 incluso utiliz\u00f3 como estrategia medi\u00e1tica grabaciones y mensajes cercanos a zonas de balaceras, en un intento por capitalizar el sentimiento de inseguridad. Hoy, los resultados del INEGI exhiben el fracaso de esa narrativa pol\u00edtica.<\/p>\n<p>&nbsp;<\/p>\n<p>La ciudadan\u00eda, cada vez m\u00e1s esc\u00e9ptica, exige resultados reales y estrategias eficaces que vayan m\u00e1s all\u00e1 del discurso, especialmente en una ciudad fronteriza marcada por la violencia y el abandono institucional.<\/p>\n","protected":false},"excerpt":{"rendered":"<p>Los Pe\u00f1a Ortiz y Ortiz Dom\u00ednguez (que vienen siendo los mismos);en el liderato de promesas incumplidas Por Julio Manuel Loya Guzm\u00e1n\/EL SINODAL DE TAMAULIPAS Reynosa, Tamaulipas.\u2013 La percepci\u00f3n de inseguridad en Tamaulipas muestra un repunte en dos de sus principales ciudades: Reynosa y Tampico, seg\u00fan revela la m\u00e1s reciente Encuesta Nacional de Seguridad P\u00fablica Urbana [&hellip;]<\/p>\n","protected":false},"author":1,"featured_media":208480,"comment_status":"closed","ping_status":"closed","sticky":false,"template":"","format":"standard","meta":{"footnotes":""},"categories":[1,2],"tags":[],"class_list":["post-208477","post","type-post","status-publish","format-standard","has-post-thumbnail","hentry","category-portada","category-reynosa"],"_links":{"self":[{"href":"https:\/\/www.elsinodaldetamaulipas.com.mx\/index.php?rest_route=\/wp\/v2\/posts\/208477","targetHints":{"allow":["GET"]}}],"collection":[{"href":"https:\/\/www.elsinodaldetamaulipas.com.mx\/index.php?rest_route=\/wp\/v2\/posts"}],"about":[{"href":"https:\/\/www.elsinodaldetamaulipas.com.mx\/index.php?rest_route=\/wp\/v2\/types\/post"}],"author":[{"embeddable":true,"href":"https:\/\/www.elsinodaldetamaulipas.com.mx\/index.php?rest_route=\/wp\/v2\/users\/1"}],"replies":[{"embeddable":true,"href":"https:\/\/www.elsinodaldetamaulipas.com.mx\/index.php?rest_route=%2Fwp%2Fv2%2Fcomments&post=208477"}],"version-history":[{"count":1,"href":"https:\/\/www.elsinodaldetamaulipas.com.mx\/index.php?rest_route=\/wp\/v2\/posts\/208477\/revisions"}],"predecessor-version":[{"id":208481,"href":"https:\/\/www.elsinodaldetamaulipas.com.mx\/index.php?rest_route=\/wp\/v2\/posts\/208477\/revisions\/208481"}],"wp:featuredmedia":[{"embeddable":true,"href":"https:\/\/www.elsinodaldetamaulipas.com.mx\/index.php?rest_route=\/wp\/v2\/media\/208480"}],"wp:attachment":[{"href":"https:\/\/www.elsinodaldetamaulipas.com.mx\/index.php?rest_route=%2Fwp%2Fv2%2Fmedia&parent=208477"}],"wp:term":[{"taxonomy":"category","embeddable":true,"href":"https:\/\/www.elsinodaldetamaulipas.com.mx\/index.php?rest_route=%2Fwp%2Fv2%2Fcategories&post=208477"},{"taxonomy":"post_tag","embeddable":true,"href":"https:\/\/www.elsinodaldetamaulipas.com.mx\/index.php?rest_route=%2Fwp%2Fv2%2Ftags&post=208477"}],"curies":[{"name":"wp","href":"https:\/\/api.w.org\/{rel}","templated":true}]}}