{"id":209044,"date":"2025-08-07T09:44:32","date_gmt":"2025-08-07T13:44:32","guid":{"rendered":"https:\/\/www.elsinodaldetamaulipas.com.mx\/?p=209044"},"modified":"2025-08-07T09:44:32","modified_gmt":"2025-08-07T13:44:32","slug":"preso-sujeto-que-apunalo-y-mato-a-una-mujer","status":"publish","type":"post","link":"https:\/\/www.elsinodaldetamaulipas.com.mx\/?p=209044","title":{"rendered":"PRESO SUJETO QUE APU\u00d1AL\u00d3 Y MAT\u00d3 A UNA MUJER"},"content":{"rendered":"<p>EL SINODAL DE TAMAULIPAS<\/p>\n<p>Reynosa, Tamaulipas. \u2013 La Fiscal\u00eda General de Justicia del Estado de Tamaulipas, a trav\u00e9s de la Fiscal\u00eda Especializada en la Investigaci\u00f3n de Delitos de Feminicidio y Homicidio Doloso de Mujeres (FEIDFHDM) informa que fue detenido en flagrancia Jos\u00e9 Luis \u201cT\u201d, por el delito de Feminicidio.<\/p>\n<p>El detenido fue presentado ante la autoridad judicial por los hechos ocurridos en un Fraccionamiento al poniente de esta ciudad, el pasado 29 de julio de 2025, donde el detenido agredi\u00f3 a la v\u00edctima con un objeto punzocortante, ocasionando su fallecimiento.<\/p>\n<p>La Fiscal\u00eda General de Justicia del Estado de Tamaulipas refrenda su compromiso con la procuraci\u00f3n de justicia para las mujeres v\u00edctimas de violencia feminicida y su firme labor en la investigaci\u00f3n y sanci\u00f3n de los delitos que atentan contra su vida y dignidad.<\/p>\n","protected":false},"excerpt":{"rendered":"<p>EL SINODAL DE TAMAULIPAS Reynosa, Tamaulipas. \u2013 La Fiscal\u00eda General de Justicia del Estado de Tamaulipas, a trav\u00e9s de la Fiscal\u00eda Especializada en la Investigaci\u00f3n de Delitos de Feminicidio y Homicidio Doloso de Mujeres (FEIDFHDM) informa que fue detenido en flagrancia Jos\u00e9 Luis \u201cT\u201d, por el delito de Feminicidio. El detenido fue presentado ante la [&hellip;]<\/p>\n","protected":false},"author":1,"featured_media":209045,"comment_status":"closed","ping_status":"closed","sticky":false,"template":"","format":"standard","meta":{"footnotes":""},"categories":[25],"tags":[],"class_list":["post-209044","post","type-post","status-publish","format-standard","has-post-thumbnail","hentry","category-leyyorden"],"_links":{"self":[{"href":"https:\/\/www.elsinodaldetamaulipas.com.mx\/index.php?rest_route=\/wp\/v2\/posts\/209044","targetHints":{"allow":["GET"]}}],"collection":[{"href":"https:\/\/www.elsinodaldetamaulipas.com.mx\/index.php?rest_route=\/wp\/v2\/posts"}],"about":[{"href":"https:\/\/www.elsinodaldetamaulipas.com.mx\/index.php?rest_route=\/wp\/v2\/types\/post"}],"author":[{"embeddable":true,"href":"https:\/\/www.elsinodaldetamaulipas.com.mx\/index.php?rest_route=\/wp\/v2\/users\/1"}],"replies":[{"embeddable":true,"href":"https:\/\/www.elsinodaldetamaulipas.com.mx\/index.php?rest_route=%2Fwp%2Fv2%2Fcomments&post=209044"}],"version-history":[{"count":1,"href":"https:\/\/www.elsinodaldetamaulipas.com.mx\/index.php?rest_route=\/wp\/v2\/posts\/209044\/revisions"}],"predecessor-version":[{"id":209046,"href":"https:\/\/www.elsinodaldetamaulipas.com.mx\/index.php?rest_route=\/wp\/v2\/posts\/209044\/revisions\/209046"}],"wp:featuredmedia":[{"embeddable":true,"href":"https:\/\/www.elsinodaldetamaulipas.com.mx\/index.php?rest_route=\/wp\/v2\/media\/209045"}],"wp:attachment":[{"href":"https:\/\/www.elsinodaldetamaulipas.com.mx\/index.php?rest_route=%2Fwp%2Fv2%2Fmedia&parent=209044"}],"wp:term":[{"taxonomy":"category","embeddable":true,"href":"https:\/\/www.elsinodaldetamaulipas.com.mx\/index.php?rest_route=%2Fwp%2Fv2%2Fcategories&post=209044"},{"taxonomy":"post_tag","embeddable":true,"href":"https:\/\/www.elsinodaldetamaulipas.com.mx\/index.php?rest_route=%2Fwp%2Fv2%2Ftags&post=209044"}],"curies":[{"name":"wp","href":"https:\/\/api.w.org\/{rel}","templated":true}]}}