{"id":209047,"date":"2025-08-07T10:13:48","date_gmt":"2025-08-07T14:13:48","guid":{"rendered":"https:\/\/www.elsinodaldetamaulipas.com.mx\/?p=209047"},"modified":"2025-08-07T10:15:31","modified_gmt":"2025-08-07T14:15:31","slug":"avanza-investigacion-de-crimen-de-erneso-vazquez","status":"publish","type":"post","link":"https:\/\/www.elsinodaldetamaulipas.com.mx\/?p=209047","title":{"rendered":"AVANZA INVESTIGACI\u00d3N DE CRIMEN DE ERNESTO V\u00c1ZQUEZ"},"content":{"rendered":"<p><em><strong>Por Julio Manuel Loya Guzm\u00e1n\/EL SINODAL DE TAMAULIPAS<\/strong><\/em><\/p>\n<p>Reynosa, Tamaulipas. \u2013 Bajo un fuerte dispositivo de seguridad, se realiz\u00f3 el velorio del delegado de la Fiscal\u00eda General de la Rep\u00fablica (FGR) en Tamaulipas, Ernesto Cuitl\u00e1huac V\u00e1zquez Reyna, asesinado el pasado lunes en un ataque armado.<\/p>\n<p>&nbsp;<\/p>\n<p>El cortejo f\u00fanebre inici\u00f3 al mediod\u00eda, con un recorrido por la calle Israel de la colonia Jarachina Norte y una parada simb\u00f3lica frente a las instalaciones de la delegaci\u00f3n estatal de la FGR. La presencia de fuerzas federales y estatales marc\u00f3 cada momento de la ceremonia.<\/p>\n<p>&nbsp;<\/p>\n<p>Inicialmente, patrullas de distintas corporaciones custodiaron la funeraria; sin embargo, m\u00e1s tarde s\u00f3lo permanecieron elementos de la Agencia de Investigaci\u00f3n Criminal (AIC) y de la Fiscal\u00eda General de Justicia del Estado.<\/p>\n<p>&nbsp;<\/p>\n<p>Por la tarde, se sumaron veh\u00edculos del Ej\u00e9rcito Mexicano y de la Guardia Nacional, los cuales se apostaron en el exterior del recinto para reforzar la seguridad.<\/p>\n<p>&nbsp;<\/p>\n<p>Adem\u00e1s, en el acceso principal al velorio se colocaron varias camionetas Suburban blancas, resguardadas por agentes de la Unidad Nacional de Operaciones (UNO).<\/p>\n<p>&nbsp;<\/p>\n<p>Los agentes especiales son parte de un nutrido contingente que lleg\u00f3 el mi\u00e9rcoles a Reynosa, en respuesta federal a los recientes hechos de violencia. Este grupo de \u00e9lite tiene la misi\u00f3n de combatir frontalmente al crimen organizado y brindar respaldo a las investigaciones federales en curso.<\/p>\n<p>&nbsp;<\/p>\n<p>En la Sala de la funeraria, donde era velado el cuerpo, tambi\u00e9n la vigilancia estuvo a cargo de elementos de la FGR, mientras que en el exterior agentes encubiertos de la AIC permanecieron atentos.<\/p>\n<p>&nbsp;<\/p>\n<p>Entre los asistentes al velorio figuraron familiares, abogados, litigantes y funcionarios de los tres niveles de gobierno, en su mayor\u00eda vinculados con el \u00e1mbito de la procuraci\u00f3n y administraci\u00f3n de justicia.<\/p>\n<p><img loading=\"lazy\" decoding=\"async\" class=\"aligncenter wp-image-209049 size-full\" src=\"https:\/\/www.elsinodaldetamaulipas.com.mx\/wp-content\/uploads\/2025\/08\/DELEGADO-2.jpg\" alt=\"\" width=\"894\" height=\"487\" srcset=\"https:\/\/www.elsinodaldetamaulipas.com.mx\/wp-content\/uploads\/2025\/08\/DELEGADO-2.jpg 894w, https:\/\/www.elsinodaldetamaulipas.com.mx\/wp-content\/uploads\/2025\/08\/DELEGADO-2-300x163.jpg 300w, https:\/\/www.elsinodaldetamaulipas.com.mx\/wp-content\/uploads\/2025\/08\/DELEGADO-2-768x418.jpg 768w\" sizes=\"auto, (max-width: 894px) 100vw, 894px\" \/><\/p>\n<p style=\"text-align: center;\"><strong>FGR AVANZA EN LAS INVESTIGACIONES<\/strong><\/p>\n<p>Cabe destacar que las investigaciones sobre el asesinato del Fiscal Federal se mantienen bajo un estricto hermetismo; sin embargo, fuentes internas revelaron que ya hay avances en el caso.<\/p>\n<p>&nbsp;<\/p>\n<p>Revelaron que las investigaciones se centran en el decomiso de 1.8 millones de litros de huachicol en una bodega de la colonia La Escondida de esta ciudad fronteriza. Las autoridades ya tendr\u00edan identificados a los propietarios del predio.<\/p>\n<p>&nbsp;<\/p>\n<p>Mientras que en calles de la ciudad fronteriza la vigilancia y despliegue de operativos federales se mantiene de manera muy discreta, ya que el ir y venir de unidades federales y estatales es de manera habitual.<\/p>\n<p>&nbsp;<\/p>\n<p>Para concluir, personal de funerales Gayosso, confirmaron que el sepelio de Ernesto Cuitl\u00e1huac V\u00e1zquez Reyna, est\u00e1 programado para las 10:00 horas de este jueves en el Pante\u00f3n Espa\u00f1ol. La familia solicit\u00f3 a los medios respetar su espacio durante la ceremonia.<\/p>\n","protected":false},"excerpt":{"rendered":"<p>Por Julio Manuel Loya Guzm\u00e1n\/EL SINODAL DE TAMAULIPAS Reynosa, Tamaulipas. \u2013 Bajo un fuerte dispositivo de seguridad, se realiz\u00f3 el velorio del delegado de la Fiscal\u00eda General de la Rep\u00fablica (FGR) en Tamaulipas, Ernesto Cuitl\u00e1huac V\u00e1zquez Reyna, asesinado el pasado lunes en un ataque armado. &nbsp; El cortejo f\u00fanebre inici\u00f3 al mediod\u00eda, con un recorrido [&hellip;]<\/p>\n","protected":false},"author":1,"featured_media":209048,"comment_status":"closed","ping_status":"closed","sticky":false,"template":"","format":"standard","meta":{"footnotes":""},"categories":[1,2],"tags":[],"class_list":["post-209047","post","type-post","status-publish","format-standard","has-post-thumbnail","hentry","category-portada","category-reynosa"],"_links":{"self":[{"href":"https:\/\/www.elsinodaldetamaulipas.com.mx\/index.php?rest_route=\/wp\/v2\/posts\/209047","targetHints":{"allow":["GET"]}}],"collection":[{"href":"https:\/\/www.elsinodaldetamaulipas.com.mx\/index.php?rest_route=\/wp\/v2\/posts"}],"about":[{"href":"https:\/\/www.elsinodaldetamaulipas.com.mx\/index.php?rest_route=\/wp\/v2\/types\/post"}],"author":[{"embeddable":true,"href":"https:\/\/www.elsinodaldetamaulipas.com.mx\/index.php?rest_route=\/wp\/v2\/users\/1"}],"replies":[{"embeddable":true,"href":"https:\/\/www.elsinodaldetamaulipas.com.mx\/index.php?rest_route=%2Fwp%2Fv2%2Fcomments&post=209047"}],"version-history":[{"count":3,"href":"https:\/\/www.elsinodaldetamaulipas.com.mx\/index.php?rest_route=\/wp\/v2\/posts\/209047\/revisions"}],"predecessor-version":[{"id":209052,"href":"https:\/\/www.elsinodaldetamaulipas.com.mx\/index.php?rest_route=\/wp\/v2\/posts\/209047\/revisions\/209052"}],"wp:featuredmedia":[{"embeddable":true,"href":"https:\/\/www.elsinodaldetamaulipas.com.mx\/index.php?rest_route=\/wp\/v2\/media\/209048"}],"wp:attachment":[{"href":"https:\/\/www.elsinodaldetamaulipas.com.mx\/index.php?rest_route=%2Fwp%2Fv2%2Fmedia&parent=209047"}],"wp:term":[{"taxonomy":"category","embeddable":true,"href":"https:\/\/www.elsinodaldetamaulipas.com.mx\/index.php?rest_route=%2Fwp%2Fv2%2Fcategories&post=209047"},{"taxonomy":"post_tag","embeddable":true,"href":"https:\/\/www.elsinodaldetamaulipas.com.mx\/index.php?rest_route=%2Fwp%2Fv2%2Ftags&post=209047"}],"curies":[{"name":"wp","href":"https:\/\/api.w.org\/{rel}","templated":true}]}}