{"id":209053,"date":"2025-08-07T10:31:43","date_gmt":"2025-08-07T14:31:43","guid":{"rendered":"https:\/\/www.elsinodaldetamaulipas.com.mx\/?p=209053"},"modified":"2025-08-07T10:31:43","modified_gmt":"2025-08-07T14:31:43","slug":"gilberto-galindo-promueve-iniciativas-inclusivas","status":"publish","type":"post","link":"https:\/\/www.elsinodaldetamaulipas.com.mx\/?p=209053","title":{"rendered":"GILBERTO GALINDO, PROMUEVE INICIATIVAS INCLUSIVAS"},"content":{"rendered":"<p><strong><em>Por Julio Manuel Loya Guzm\u00e1n\/EL SINODAL DE TAMAULIPAS <\/em><\/strong><\/p>\n<p>Reynosa, Tamaulipas.- En un encuentro celebrado en las oficinas de la Suprema Corte de Justicia de la Naci\u00f3n, la ministra Lenia Batres Guadarrama sostuvo una reuni\u00f3n con el pol\u00edtico tamaulipeco Gilberto Galindo, para coordinar esfuerzos en torno a proyectos de impartici\u00f3n de justicia social y con un enfoque de perfil humano.<\/p>\n<p>&nbsp;<\/p>\n<p>La ministra Batres, conocida por su cercan\u00eda con las causas sociales y por su activismo a favor del pueblo, abri\u00f3 las puertas de su oficina al originario de R\u00edo Bravo, para conocer de primera mano las iniciativas que se est\u00e1n gestando desde la sociedad civil y la funci\u00f3n p\u00fablica en la segunda circunscripci\u00f3n del pa\u00eds.<\/p>\n<p>&nbsp;<\/p>\n<p>Durante la reuni\u00f3n, el pol\u00edtico riobravense present\u00f3 una serie de propuestas enfocadas en fortalecer la equidad, el acceso a la justicia para grupos vulnerables y la mejora de mecanismos legales con impacto directo en comunidades marginadas.<\/p>\n<p>&nbsp;<\/p>\n<p>\u201cEl acercamiento con la ministra Lenia Batres representa un paso importante para avanzar en una agenda com\u00fan de justicia social, que no solo responda a los desaf\u00edos jur\u00eddicos del pa\u00eds, sino que tenga rostro humano\u201d, expres\u00f3 Galindo al t\u00e9rmino del encuentro.<\/p>\n<p>&nbsp;<\/p>\n<p>Gilberto Galindo, quien actualmente coordina la Segunda Circunscripci\u00f3n de representaci\u00f3n pol\u00edtica, ha tenido una destacada trayectoria como dirigente juvenil y servidor p\u00fablico en diversas \u00e1reas del Estado.<\/p>\n<p>&nbsp;<\/p>\n<p>Este tipo de encuentros refuerzan los v\u00ednculos entre j\u00f3venes pol\u00edticos comprometidos con la transformaci\u00f3n social y representantes del m\u00e1s alto tribunal del pa\u00eds, con miras a construir una justicia m\u00e1s cercana a la ciudadan\u00eda<\/p>\n","protected":false},"excerpt":{"rendered":"<p>Por Julio Manuel Loya Guzm\u00e1n\/EL SINODAL DE TAMAULIPAS Reynosa, Tamaulipas.- En un encuentro celebrado en las oficinas de la Suprema Corte de Justicia de la Naci\u00f3n, la ministra Lenia Batres Guadarrama sostuvo una reuni\u00f3n con el pol\u00edtico tamaulipeco Gilberto Galindo, para coordinar esfuerzos en torno a proyectos de impartici\u00f3n de justicia social y con un [&hellip;]<\/p>\n","protected":false},"author":1,"featured_media":209054,"comment_status":"closed","ping_status":"closed","sticky":false,"template":"","format":"standard","meta":{"footnotes":""},"categories":[1,3],"tags":[],"class_list":["post-209053","post","type-post","status-publish","format-standard","has-post-thumbnail","hentry","category-portada","category-tamaulipas"],"_links":{"self":[{"href":"https:\/\/www.elsinodaldetamaulipas.com.mx\/index.php?rest_route=\/wp\/v2\/posts\/209053","targetHints":{"allow":["GET"]}}],"collection":[{"href":"https:\/\/www.elsinodaldetamaulipas.com.mx\/index.php?rest_route=\/wp\/v2\/posts"}],"about":[{"href":"https:\/\/www.elsinodaldetamaulipas.com.mx\/index.php?rest_route=\/wp\/v2\/types\/post"}],"author":[{"embeddable":true,"href":"https:\/\/www.elsinodaldetamaulipas.com.mx\/index.php?rest_route=\/wp\/v2\/users\/1"}],"replies":[{"embeddable":true,"href":"https:\/\/www.elsinodaldetamaulipas.com.mx\/index.php?rest_route=%2Fwp%2Fv2%2Fcomments&post=209053"}],"version-history":[{"count":1,"href":"https:\/\/www.elsinodaldetamaulipas.com.mx\/index.php?rest_route=\/wp\/v2\/posts\/209053\/revisions"}],"predecessor-version":[{"id":209055,"href":"https:\/\/www.elsinodaldetamaulipas.com.mx\/index.php?rest_route=\/wp\/v2\/posts\/209053\/revisions\/209055"}],"wp:featuredmedia":[{"embeddable":true,"href":"https:\/\/www.elsinodaldetamaulipas.com.mx\/index.php?rest_route=\/wp\/v2\/media\/209054"}],"wp:attachment":[{"href":"https:\/\/www.elsinodaldetamaulipas.com.mx\/index.php?rest_route=%2Fwp%2Fv2%2Fmedia&parent=209053"}],"wp:term":[{"taxonomy":"category","embeddable":true,"href":"https:\/\/www.elsinodaldetamaulipas.com.mx\/index.php?rest_route=%2Fwp%2Fv2%2Fcategories&post=209053"},{"taxonomy":"post_tag","embeddable":true,"href":"https:\/\/www.elsinodaldetamaulipas.com.mx\/index.php?rest_route=%2Fwp%2Fv2%2Ftags&post=209053"}],"curies":[{"name":"wp","href":"https:\/\/api.w.org\/{rel}","templated":true}]}}