{"id":209059,"date":"2025-08-07T11:26:36","date_gmt":"2025-08-07T15:26:36","guid":{"rendered":"https:\/\/www.elsinodaldetamaulipas.com.mx\/?p=209059"},"modified":"2025-08-07T11:26:36","modified_gmt":"2025-08-07T15:26:36","slug":"emotivas-palabras-da-angela-en-cumple-de-su-padre","status":"publish","type":"post","link":"https:\/\/www.elsinodaldetamaulipas.com.mx\/?p=209059","title":{"rendered":"EMOTIVAS PALABRAS DA ANGELA EN CUMPLE DE SU PADRE"},"content":{"rendered":"<p><em>EL SINODAL DE TAMAULIPAS<\/em><\/p>\n<p>Los Angeles, California.- A trav\u00e9s de sus redes sociales, la joven artista comparti\u00f3 un emotivo mensaje en Instagram para felicitar a su padre en este especial aniversario.<\/p>\n<p>&nbsp;<\/p>\n<p>\u201cFelicidades, pap\u00e1. Para m\u00ed t\u00fa siempre fuiste hogar. El que se mantuvo firme cuando todo en m\u00ed se mov\u00eda, el que me cuid\u00f3 incluso cuando yo pensaba que pod\u00eda sola, mi gu\u00eda, aunque a veces no quer\u00eda seguir\u201d, expres\u00f3 \u00c1ngela Aguilar.<\/p>\n<p>&nbsp;<\/p>\n<p>La cantante de m\u00fasica regional mexicana continu\u00f3 su mensaje diciendo:<\/p>\n<p>&nbsp;<\/p>\n<p>\u201cMe diste todo: amor, estructura, nombre, m\u00fasica, identidad. Y aunque no siempre supe c\u00f3mo agradecerlo, nunca dej\u00e9 de sentirlo. Porque t\u00fa sin pedir nada a cambio, siempre estuviste ah\u00ed, siempre me diste todo\u201d.<\/p>\n<p>&nbsp;<\/p>\n<p>\u00c1ngela tambi\u00e9n destac\u00f3 la firmeza y paciencia de su padre:<\/p>\n<p>&nbsp;<\/p>\n<p>\u201cFirme, paciente, incondicional. Soy afortunada de ser tu hija\u2026 y m\u00e1s a\u00fan de seguir teni\u00e9ndote cerca y poder seguir aprendi\u00e9ndote. Gracias por tanto, por todo, por siempre. Te amo con todo lo que soy. Y todo lo que soy es todo lo que t\u00fa me ense\u00f1aste\u201d.<\/p>\n<p>&nbsp;<\/p>\n<p>La publicaci\u00f3n incluy\u00f3 una captura de pantalla en la que \u00c1ngela escuchaba la canci\u00f3n<\/p>\n<p>&nbsp;<\/p>\n<p>\u201cCu\u00eddamela bien\u201d, tema que algunos de sus seguidores han especulado podr\u00eda estar dedicado tanto a ella como a Christian Nodal, ya que la letra de la canci\u00f3n habla de la despedida de un padre a su hija reci\u00e9n casada. Sin embargo, minutos despu\u00e9s, \u00c1ngela borr\u00f3 la publicaci\u00f3n, y no qued\u00f3 rastro de la misma.<\/p>\n<p>&nbsp;<\/p>\n<p>Adem\u00e1s, la cantante comparti\u00f3 un breve video en el que aparece su padre llev\u00e1ndola de la mano cuando era una ni\u00f1a, a\u00f1adiendo un toque nost\u00e1lgico a la celebraci\u00f3n.<\/p>\n<p>&nbsp;<\/p>\n<p>La familia Aguilar se reuni\u00f3 desde temprano para celebrar a Pepe, y su hermana Aneliz Aguilar comparti\u00f3 un video en el que mostr\u00f3 el pastel de cumplea\u00f1os, decorado con globos azules y acompa\u00f1ado por el perrito \u201cGordo\u201d, un pug. En el video tambi\u00e9n se ve la mesa decorada, mientras comienzan los festejos en honor al cantautor.<\/p>\n<p>&nbsp;<\/p>\n<p>Este emotivo mensaje llega en un momento en el que \u00c1ngela Aguilar ha estado en el ojo p\u00fablico tras celebrar su primer aniversario de boda con Christian Nodal. A lo largo del tiempo, la relaci\u00f3n cercana entre \u00c1ngela y Pepe ha sido un tema recurrente en sus redes sociales, donde ambos comparten momentos tanto familiares como profesionales, demostrando el apoyo mutuo en sus carreras musicales y en lo personal.<\/p>\n<p>&nbsp;<\/p>\n<p>Se espera que la familia celebre este cumplea\u00f1os con una fiesta o reuni\u00f3n especial, tal como lo hacen cada a\u00f1o. Cabe recordar que el a\u00f1o pasado, la familia Aguilar comparti\u00f3 fotos y videos en los que se les ve\u00eda disfrutando de su tiempo juntos, incluyendo a Christian Nodal, quien en una de las im\u00e1genes apareci\u00f3 d\u00e1ndole un fraterno abrazo a Pepe. Esto desminti\u00f3 los rumores sobre una mala relaci\u00f3n entre Nodal y su suegro, los cuales surgieron debido a especulaciones sobre la juventud de la uni\u00f3n con \u00c1ngela.<\/p>\n","protected":false},"excerpt":{"rendered":"<p>EL SINODAL DE TAMAULIPAS Los Angeles, California.- A trav\u00e9s de sus redes sociales, la joven artista comparti\u00f3 un emotivo mensaje en Instagram para felicitar a su padre en este especial aniversario. &nbsp; \u201cFelicidades, pap\u00e1. Para m\u00ed t\u00fa siempre fuiste hogar. El que se mantuvo firme cuando todo en m\u00ed se mov\u00eda, el que me cuid\u00f3 [&hellip;]<\/p>\n","protected":false},"author":1,"featured_media":209060,"comment_status":"closed","ping_status":"closed","sticky":false,"template":"","format":"standard","meta":{"footnotes":""},"categories":[15],"tags":[],"class_list":["post-209059","post","type-post","status-publish","format-standard","has-post-thumbnail","hentry","category-espectaculos"],"_links":{"self":[{"href":"https:\/\/www.elsinodaldetamaulipas.com.mx\/index.php?rest_route=\/wp\/v2\/posts\/209059","targetHints":{"allow":["GET"]}}],"collection":[{"href":"https:\/\/www.elsinodaldetamaulipas.com.mx\/index.php?rest_route=\/wp\/v2\/posts"}],"about":[{"href":"https:\/\/www.elsinodaldetamaulipas.com.mx\/index.php?rest_route=\/wp\/v2\/types\/post"}],"author":[{"embeddable":true,"href":"https:\/\/www.elsinodaldetamaulipas.com.mx\/index.php?rest_route=\/wp\/v2\/users\/1"}],"replies":[{"embeddable":true,"href":"https:\/\/www.elsinodaldetamaulipas.com.mx\/index.php?rest_route=%2Fwp%2Fv2%2Fcomments&post=209059"}],"version-history":[{"count":1,"href":"https:\/\/www.elsinodaldetamaulipas.com.mx\/index.php?rest_route=\/wp\/v2\/posts\/209059\/revisions"}],"predecessor-version":[{"id":209061,"href":"https:\/\/www.elsinodaldetamaulipas.com.mx\/index.php?rest_route=\/wp\/v2\/posts\/209059\/revisions\/209061"}],"wp:featuredmedia":[{"embeddable":true,"href":"https:\/\/www.elsinodaldetamaulipas.com.mx\/index.php?rest_route=\/wp\/v2\/media\/209060"}],"wp:attachment":[{"href":"https:\/\/www.elsinodaldetamaulipas.com.mx\/index.php?rest_route=%2Fwp%2Fv2%2Fmedia&parent=209059"}],"wp:term":[{"taxonomy":"category","embeddable":true,"href":"https:\/\/www.elsinodaldetamaulipas.com.mx\/index.php?rest_route=%2Fwp%2Fv2%2Fcategories&post=209059"},{"taxonomy":"post_tag","embeddable":true,"href":"https:\/\/www.elsinodaldetamaulipas.com.mx\/index.php?rest_route=%2Fwp%2Fv2%2Ftags&post=209059"}],"curies":[{"name":"wp","href":"https:\/\/api.w.org\/{rel}","templated":true}]}}