{"id":209062,"date":"2025-08-07T11:33:01","date_gmt":"2025-08-07T15:33:01","guid":{"rendered":"https:\/\/www.elsinodaldetamaulipas.com.mx\/?p=209062"},"modified":"2025-08-07T11:33:01","modified_gmt":"2025-08-07T15:33:01","slug":"hija-de-lalo-derbez-y-paola-goza-paseo-en-granja","status":"publish","type":"post","link":"https:\/\/www.elsinodaldetamaulipas.com.mx\/?p=209062","title":{"rendered":"HIJA DE LALO DERBEZ Y PAOLA, GOZA PASEO EN GRANJA"},"content":{"rendered":"<p>EL SINODAL DE TAMAULIPAS<\/p>\n<p>Ciudad de Mexico.- En esta ocasi\u00f3n, la familia vivi\u00f3 una nueva aventura en la Granja Las Am\u00e9ricas, en Ciudad de M\u00e9xico. Fue un d\u00eda lleno de emoci\u00f3n para Tessa, cuando sus pap\u00e1s decidieron llevarla a la granja.<\/p>\n<p>&nbsp;<\/p>\n<p>\u201cD\u00eda de granja con la princesa\u201d, comparti\u00f3 Paola en sus historias de Instagram, mostrando una linda selfie familiar justo antes de salir de casa.<\/p>\n<p>&nbsp;<\/p>\n<p>Al llegar al lugar, la familia se mostr\u00f3 encantada con el ambiente, y Tessa no tard\u00f3 en interactuar con los animales.<\/p>\n<p>&nbsp;<\/p>\n<p>Paola y su hija lucieron atuendos a juego, ambos en tonos beige y marr\u00f3n, mientras que Tessa se dedicaba a tocar a los animales, como los cerditos y los conejos.<\/p>\n<p>&nbsp;<\/p>\n<p>\u201cLe encantan los puercos, \u00a1creo!\u201d, coment\u00f3 Paola al mostrar una tierna imagen de su hija con un cerdito, aunque la expresi\u00f3n de Tessa mostraba algo de reserva.<\/p>\n<p>&nbsp;<\/p>\n<p>En el recorrido tambi\u00e9n hubo espacio para un becerro, y Paola comparti\u00f3 que, adem\u00e1s de la ni\u00f1a, ella tambi\u00e9n se divirti\u00f3 mucho en el lugar.<\/p>\n<p>&nbsp;<\/p>\n<p>\u201cAndaba bien emocionada en la granja\u201d, a\u00f1adi\u00f3 Paola, refiri\u00e9ndose al d\u00eda tan especial.<\/p>\n<p>&nbsp;<\/p>\n<p>Las fotos fueron tan entra\u00f1ables que no solo las publicaron en sus cuentas personales, sino tambi\u00e9n en el perfil de Tessa, el cual cuenta con m\u00e1s de 170,000 seguidores. En la publicaci\u00f3n, la peque\u00f1a escribi\u00f3:<\/p>\n<p>&nbsp;<\/p>\n<p>\u201cHoy fui a la granja con mis pap\u00e1s, \u00a1\u00a1la pas\u00e9 incre\u00edble conociendo a los animales!!\u201d<\/p>\n<p>&nbsp;<\/p>\n<p>Los seguidores de Tessa no tardaron en comentar, destacando su ternura y el parecido con su pap\u00e1, Jos\u00e9 Eduardo. Muchos tambi\u00e9n felicitaron a la pareja por la hermosa familia que han formado.<\/p>\n<p>&nbsp;<\/p>\n<p>Jos\u00e9 Eduardo Derbez, un padre presente y amoroso<\/p>\n<p>&nbsp;<\/p>\n<p>Desde que se convirti\u00f3 en padre, Jos\u00e9 Eduardo ha sido claro en su deseo de ser un pap\u00e1 presente para Tessa. En una reciente charla con su hermana Aislinn Derbez en su podcast La Magia del Caos, Jos\u00e9 Eduardo comparti\u00f3 sus reflexiones sobre la paternidad:<\/p>\n<p>&nbsp;<\/p>\n<p>\u201cSer un pap\u00e1 presente, que sea ella lo primero en mi vida, no tanto el trabajo\u201d, coment\u00f3, enfatizando su decisi\u00f3n de evitar repetir ciertos patrones de su propia infancia.<\/p>\n<p>&nbsp;<\/p>\n<p>\u201cLa paternidad cambia a uno, a m\u00ed muy padre, lo he disfrutado much\u00edsimo y lo estoy disfrutando cada d\u00eda m\u00e1s\u201d, a\u00f1adi\u00f3. Seg\u00fan sus palabras, lo que m\u00e1s disfruta es ver a Tessa interactuar, sonre\u00edr y empezar a decir sus primeras palabras. Sin duda, Jos\u00e9 Eduardo est\u00e1 viviendo un momento \u00fanico y lo comparte con la misma alegr\u00eda en cada paso de este nuevo viaje.<\/p>\n<p>&nbsp;<\/p>\n","protected":false},"excerpt":{"rendered":"<p>EL SINODAL DE TAMAULIPAS Ciudad de Mexico.- En esta ocasi\u00f3n, la familia vivi\u00f3 una nueva aventura en la Granja Las Am\u00e9ricas, en Ciudad de M\u00e9xico. Fue un d\u00eda lleno de emoci\u00f3n para Tessa, cuando sus pap\u00e1s decidieron llevarla a la granja. &nbsp; \u201cD\u00eda de granja con la princesa\u201d, comparti\u00f3 Paola en sus historias de Instagram, [&hellip;]<\/p>\n","protected":false},"author":1,"featured_media":209063,"comment_status":"closed","ping_status":"closed","sticky":false,"template":"","format":"standard","meta":{"footnotes":""},"categories":[15],"tags":[],"class_list":["post-209062","post","type-post","status-publish","format-standard","has-post-thumbnail","hentry","category-espectaculos"],"_links":{"self":[{"href":"https:\/\/www.elsinodaldetamaulipas.com.mx\/index.php?rest_route=\/wp\/v2\/posts\/209062","targetHints":{"allow":["GET"]}}],"collection":[{"href":"https:\/\/www.elsinodaldetamaulipas.com.mx\/index.php?rest_route=\/wp\/v2\/posts"}],"about":[{"href":"https:\/\/www.elsinodaldetamaulipas.com.mx\/index.php?rest_route=\/wp\/v2\/types\/post"}],"author":[{"embeddable":true,"href":"https:\/\/www.elsinodaldetamaulipas.com.mx\/index.php?rest_route=\/wp\/v2\/users\/1"}],"replies":[{"embeddable":true,"href":"https:\/\/www.elsinodaldetamaulipas.com.mx\/index.php?rest_route=%2Fwp%2Fv2%2Fcomments&post=209062"}],"version-history":[{"count":1,"href":"https:\/\/www.elsinodaldetamaulipas.com.mx\/index.php?rest_route=\/wp\/v2\/posts\/209062\/revisions"}],"predecessor-version":[{"id":209064,"href":"https:\/\/www.elsinodaldetamaulipas.com.mx\/index.php?rest_route=\/wp\/v2\/posts\/209062\/revisions\/209064"}],"wp:featuredmedia":[{"embeddable":true,"href":"https:\/\/www.elsinodaldetamaulipas.com.mx\/index.php?rest_route=\/wp\/v2\/media\/209063"}],"wp:attachment":[{"href":"https:\/\/www.elsinodaldetamaulipas.com.mx\/index.php?rest_route=%2Fwp%2Fv2%2Fmedia&parent=209062"}],"wp:term":[{"taxonomy":"category","embeddable":true,"href":"https:\/\/www.elsinodaldetamaulipas.com.mx\/index.php?rest_route=%2Fwp%2Fv2%2Fcategories&post=209062"},{"taxonomy":"post_tag","embeddable":true,"href":"https:\/\/www.elsinodaldetamaulipas.com.mx\/index.php?rest_route=%2Fwp%2Fv2%2Ftags&post=209062"}],"curies":[{"name":"wp","href":"https:\/\/api.w.org\/{rel}","templated":true}]}}