{"id":209065,"date":"2025-08-07T11:40:59","date_gmt":"2025-08-07T15:40:59","guid":{"rendered":"https:\/\/www.elsinodaldetamaulipas.com.mx\/?p=209065"},"modified":"2025-08-07T11:40:59","modified_gmt":"2025-08-07T15:40:59","slug":"quico-vuelve-a-la-carga-insultando-a-florinda-meza","status":"publish","type":"post","link":"https:\/\/www.elsinodaldetamaulipas.com.mx\/?p=209065","title":{"rendered":"QUICO VUELVE A LA CARGA INSULTANDO A FLORINDA MEZA"},"content":{"rendered":"<p><em>EL SINODAL DE TAMAULIPAS<\/em><\/p>\n<p>Ciudad de M\u00e9xico.- Carlos Villagr\u00e1n, conocido por su papel como \u201cQuico\u201d en El Chavo del 8, est\u00e1 nuevamente en el ojo del hurac\u00e1n.<\/p>\n<p>Durante una reciente presentaci\u00f3n, el comediante hizo comentarios despectivos hacia su antigua compa\u00f1era Florinda Meza, quien interpret\u00f3 a \u201cDo\u00f1a Florinda\u201d, lo que desat\u00f3 una ola de cr\u00edticas y un fuerte abucheo por parte del p\u00fablico.<\/p>\n<p>&nbsp;<\/p>\n<p>En su show, Villagr\u00e1n se refiri\u00f3 a los miembros vivos del elenco original de la famosa serie, mencionando:<\/p>\n<p>&nbsp;<\/p>\n<p>\u201cYa nada m\u00e1s quedamos cuatro: \u2018La Chilindrina\u2019, \u2018Quico\u2019, \u2018\u00d1o\u00f1o\u2019 y \u2018Do\u00f1a Florinda\u2019\u201d.<\/p>\n<p>&nbsp;<\/p>\n<p>Al pronunciar el nombre de Florinda, la audiencia reaccion\u00f3 con un sonoro abucheo. Sin embargo, lejos de suavizar la situaci\u00f3n, Villagr\u00e1n aviv\u00f3 a\u00fan m\u00e1s la controversia con un comentario a\u00fan m\u00e1s agresivo:<\/p>\n<p>&nbsp;<\/p>\n<p>\u201cEstuvo muy bien eso, ojal\u00e1 que le llegue a las orejas a la vieja ro\u00f1osa\u201d. Esta frase gener\u00f3 incredulidad entre muchos, mientras que otros la celebraron.<\/p>\n<p>&nbsp;<\/p>\n<p>El comediante no se detuvo ah\u00ed. Continu\u00f3 con un chiste que muchos consideraron de mal gusto:<\/p>\n<p>&nbsp;<\/p>\n<p>\u201cLo que pasa es que Do\u00f1a Florinda cada que se duerme, la velan\u201d.<\/p>\n<p>&nbsp;<\/p>\n<p>Este comentario, relacionado con la edad de la actriz, fue considerado cruel y sin necesidad.<\/p>\n<p>&nbsp;<\/p>\n<p>El conflicto entre Villagr\u00e1n y Meza: m\u00e1s que un simple desacuerdo profesional<\/p>\n<p>Este incidente no es el primero entre los actores. A lo largo de los a\u00f1os, Villagr\u00e1n y Meza han tenido varios enfrentamientos p\u00fablicos, principalmente por su separaci\u00f3n del elenco original y las disputas sobre los derechos de sus personajes.<\/p>\n<p>&nbsp;<\/p>\n<p>La rivalidad entre ambos comenz\u00f3 en los a\u00f1os setenta, cuando Villagr\u00e1n decidi\u00f3 dejar la serie. Aunque se habl\u00f3 de celos profesionales debido a la creciente fama de \u201cQuico\u201d, las tensiones personales, en gran parte por un supuesto romance entre Villagr\u00e1n y Meza, han sido un factor clave.<\/p>\n<p>&nbsp;<\/p>\n<p>Villagr\u00e1n, en varias entrevistas, ha afirmado que Meza lo busc\u00f3, mientras que ella ha evitado abordar el tema, negando la relaci\u00f3n. La posterior relaci\u00f3n de Florinda Meza con Roberto G\u00f3mez Bola\u00f1os, \u201cChespirito\u201d, gener\u00f3 a\u00fan m\u00e1s tensiones dentro del grupo. Ya que algunos miembros del elenco sent\u00edan que ella recib\u00eda un trato preferencial. Estas diferencias personales, junto con las disputas sobre los derechos de los personajes, resultaron en una ruptura definitiva entre los dos.<\/p>\n<p>&nbsp;<\/p>\n<p>Este nuevo ataque de Villagr\u00e1n a Florinda Meza, calificado por muchos como una falta de respeto, abre nuevamente el debate sobre los l\u00edmites del humor y la \u00e9tica en las relaciones laborales. A pesar de la inmensa popularidad de los personajes, el respeto hacia las personas que los interpretan sigue siendo fundamental para los seguidores de la serie.<\/p>\n","protected":false},"excerpt":{"rendered":"<p>EL SINODAL DE TAMAULIPAS Ciudad de M\u00e9xico.- Carlos Villagr\u00e1n, conocido por su papel como \u201cQuico\u201d en El Chavo del 8, est\u00e1 nuevamente en el ojo del hurac\u00e1n. Durante una reciente presentaci\u00f3n, el comediante hizo comentarios despectivos hacia su antigua compa\u00f1era Florinda Meza, quien interpret\u00f3 a \u201cDo\u00f1a Florinda\u201d, lo que desat\u00f3 una ola de cr\u00edticas y [&hellip;]<\/p>\n","protected":false},"author":1,"featured_media":209066,"comment_status":"closed","ping_status":"closed","sticky":false,"template":"","format":"standard","meta":{"footnotes":""},"categories":[15],"tags":[],"class_list":["post-209065","post","type-post","status-publish","format-standard","has-post-thumbnail","hentry","category-espectaculos"],"_links":{"self":[{"href":"https:\/\/www.elsinodaldetamaulipas.com.mx\/index.php?rest_route=\/wp\/v2\/posts\/209065","targetHints":{"allow":["GET"]}}],"collection":[{"href":"https:\/\/www.elsinodaldetamaulipas.com.mx\/index.php?rest_route=\/wp\/v2\/posts"}],"about":[{"href":"https:\/\/www.elsinodaldetamaulipas.com.mx\/index.php?rest_route=\/wp\/v2\/types\/post"}],"author":[{"embeddable":true,"href":"https:\/\/www.elsinodaldetamaulipas.com.mx\/index.php?rest_route=\/wp\/v2\/users\/1"}],"replies":[{"embeddable":true,"href":"https:\/\/www.elsinodaldetamaulipas.com.mx\/index.php?rest_route=%2Fwp%2Fv2%2Fcomments&post=209065"}],"version-history":[{"count":1,"href":"https:\/\/www.elsinodaldetamaulipas.com.mx\/index.php?rest_route=\/wp\/v2\/posts\/209065\/revisions"}],"predecessor-version":[{"id":209067,"href":"https:\/\/www.elsinodaldetamaulipas.com.mx\/index.php?rest_route=\/wp\/v2\/posts\/209065\/revisions\/209067"}],"wp:featuredmedia":[{"embeddable":true,"href":"https:\/\/www.elsinodaldetamaulipas.com.mx\/index.php?rest_route=\/wp\/v2\/media\/209066"}],"wp:attachment":[{"href":"https:\/\/www.elsinodaldetamaulipas.com.mx\/index.php?rest_route=%2Fwp%2Fv2%2Fmedia&parent=209065"}],"wp:term":[{"taxonomy":"category","embeddable":true,"href":"https:\/\/www.elsinodaldetamaulipas.com.mx\/index.php?rest_route=%2Fwp%2Fv2%2Fcategories&post=209065"},{"taxonomy":"post_tag","embeddable":true,"href":"https:\/\/www.elsinodaldetamaulipas.com.mx\/index.php?rest_route=%2Fwp%2Fv2%2Ftags&post=209065"}],"curies":[{"name":"wp","href":"https:\/\/api.w.org\/{rel}","templated":true}]}}