{"id":209074,"date":"2025-08-07T14:09:12","date_gmt":"2025-08-07T18:09:12","guid":{"rendered":"https:\/\/www.elsinodaldetamaulipas.com.mx\/?p=209074"},"modified":"2025-08-07T14:09:12","modified_gmt":"2025-08-07T18:09:12","slug":"arranca-inscripciones-tecnologica-tamaulipas-norte","status":"publish","type":"post","link":"https:\/\/www.elsinodaldetamaulipas.com.mx\/?p=209074","title":{"rendered":"ARRANCA INSCRIPCIONES TECNOL\u00d3GICA TAMAULIPAS NORTE"},"content":{"rendered":"<p>&nbsp;<\/p>\n<p>Reynosa, Tamaulipas. &#8211; La Universidad Tecnol\u00f3gica de Tamaulipas Norte, que dirige el rector Mtro. Edgar Garza Hern\u00e1ndez, a trav\u00e9s del departamento de Servicios Escolares dio inicio con el periodo de inscripciones para alumnos de nuevo ingreso.<\/p>\n<p>&nbsp;<\/p>\n<p>Ser\u00e1 a trav\u00e9s de las direcciones de las carreras quienes informen del calendario de inscripci\u00f3n, por lo que se pide a todos los interesados estar al pendiente de las indicaciones que emita cada carrera.<\/p>\n<p><img loading=\"lazy\" decoding=\"async\" class=\"aligncenter wp-image-209078 size-full\" src=\"https:\/\/www.elsinodaldetamaulipas.com.mx\/wp-content\/uploads\/2025\/08\/INSCRIPCIONES-4.jpeg\" alt=\"\" width=\"1600\" height=\"1064\" srcset=\"https:\/\/www.elsinodaldetamaulipas.com.mx\/wp-content\/uploads\/2025\/08\/INSCRIPCIONES-4.jpeg 1600w, https:\/\/www.elsinodaldetamaulipas.com.mx\/wp-content\/uploads\/2025\/08\/INSCRIPCIONES-4-300x200.jpeg 300w, https:\/\/www.elsinodaldetamaulipas.com.mx\/wp-content\/uploads\/2025\/08\/INSCRIPCIONES-4-1024x681.jpeg 1024w, https:\/\/www.elsinodaldetamaulipas.com.mx\/wp-content\/uploads\/2025\/08\/INSCRIPCIONES-4-768x511.jpeg 768w, https:\/\/www.elsinodaldetamaulipas.com.mx\/wp-content\/uploads\/2025\/08\/INSCRIPCIONES-4-1536x1021.jpeg 1536w\" sizes=\"auto, (max-width: 1600px) 100vw, 1600px\" \/><\/p>\n<p>Los requisitos de inscripci\u00f3n son: Acta de Nacimiento (original y una copia), CURP con c\u00f3digo QR (una copia), Certificado de Bachillerato (original y una copia) y su comprobante de pago, dicho tr\u00e1mite se realiza de manera presencial en el \u00e1rea de servicios escolares, ubicado en el edificio de rector\u00eda.<\/p>\n<p><img loading=\"lazy\" decoding=\"async\" class=\"aligncenter wp-image-209076 size-full\" src=\"https:\/\/www.elsinodaldetamaulipas.com.mx\/wp-content\/uploads\/2025\/08\/INSCRIPCIONES-2.jpeg\" alt=\"\" width=\"1600\" height=\"1064\" srcset=\"https:\/\/www.elsinodaldetamaulipas.com.mx\/wp-content\/uploads\/2025\/08\/INSCRIPCIONES-2.jpeg 1600w, https:\/\/www.elsinodaldetamaulipas.com.mx\/wp-content\/uploads\/2025\/08\/INSCRIPCIONES-2-300x200.jpeg 300w, https:\/\/www.elsinodaldetamaulipas.com.mx\/wp-content\/uploads\/2025\/08\/INSCRIPCIONES-2-1024x681.jpeg 1024w, https:\/\/www.elsinodaldetamaulipas.com.mx\/wp-content\/uploads\/2025\/08\/INSCRIPCIONES-2-768x511.jpeg 768w, https:\/\/www.elsinodaldetamaulipas.com.mx\/wp-content\/uploads\/2025\/08\/INSCRIPCIONES-2-1536x1021.jpeg 1536w\" sizes=\"auto, (max-width: 1600px) 100vw, 1600px\" \/><\/p>\n<p>Las carreras que la UTTN oferta son: Tecnolog\u00edas de la Informaci\u00f3n, Energ\u00edas Renovables, Ciencia de Datos, Log\u00edstica, Mecatr\u00f3nica, Mantenimiento, Administraci\u00f3n, Procesos Industriales, Log\u00edstica Internacional y Manufactura en Aeron\u00e1utica.<\/p>\n<p><img loading=\"lazy\" decoding=\"async\" class=\"aligncenter wp-image-209077 size-full\" src=\"https:\/\/www.elsinodaldetamaulipas.com.mx\/wp-content\/uploads\/2025\/08\/INSCRIPCIONES-3.jpeg\" alt=\"\" width=\"1600\" height=\"1064\" srcset=\"https:\/\/www.elsinodaldetamaulipas.com.mx\/wp-content\/uploads\/2025\/08\/INSCRIPCIONES-3.jpeg 1600w, https:\/\/www.elsinodaldetamaulipas.com.mx\/wp-content\/uploads\/2025\/08\/INSCRIPCIONES-3-300x200.jpeg 300w, https:\/\/www.elsinodaldetamaulipas.com.mx\/wp-content\/uploads\/2025\/08\/INSCRIPCIONES-3-1024x681.jpeg 1024w, https:\/\/www.elsinodaldetamaulipas.com.mx\/wp-content\/uploads\/2025\/08\/INSCRIPCIONES-3-768x511.jpeg 768w, https:\/\/www.elsinodaldetamaulipas.com.mx\/wp-content\/uploads\/2025\/08\/INSCRIPCIONES-3-1536x1021.jpeg 1536w\" sizes=\"auto, (max-width: 1600px) 100vw, 1600px\" \/><\/p>\n<p>De acuerdo con el calendario escolar 2024 &#8211; 2025, el inicio de clases de este periodo ser\u00e1 a partir del lunes 02 de septiembre.<\/p>\n","protected":false},"excerpt":{"rendered":"<p>&nbsp; Reynosa, Tamaulipas. &#8211; La Universidad Tecnol\u00f3gica de Tamaulipas Norte, que dirige el rector Mtro. Edgar Garza Hern\u00e1ndez, a trav\u00e9s del departamento de Servicios Escolares dio inicio con el periodo de inscripciones para alumnos de nuevo ingreso. &nbsp; Ser\u00e1 a trav\u00e9s de las direcciones de las carreras quienes informen del calendario de inscripci\u00f3n, por lo [&hellip;]<\/p>\n","protected":false},"author":1,"featured_media":209075,"comment_status":"closed","ping_status":"closed","sticky":false,"template":"","format":"standard","meta":{"footnotes":""},"categories":[1,2],"tags":[],"class_list":["post-209074","post","type-post","status-publish","format-standard","has-post-thumbnail","hentry","category-portada","category-reynosa"],"_links":{"self":[{"href":"https:\/\/www.elsinodaldetamaulipas.com.mx\/index.php?rest_route=\/wp\/v2\/posts\/209074","targetHints":{"allow":["GET"]}}],"collection":[{"href":"https:\/\/www.elsinodaldetamaulipas.com.mx\/index.php?rest_route=\/wp\/v2\/posts"}],"about":[{"href":"https:\/\/www.elsinodaldetamaulipas.com.mx\/index.php?rest_route=\/wp\/v2\/types\/post"}],"author":[{"embeddable":true,"href":"https:\/\/www.elsinodaldetamaulipas.com.mx\/index.php?rest_route=\/wp\/v2\/users\/1"}],"replies":[{"embeddable":true,"href":"https:\/\/www.elsinodaldetamaulipas.com.mx\/index.php?rest_route=%2Fwp%2Fv2%2Fcomments&post=209074"}],"version-history":[{"count":1,"href":"https:\/\/www.elsinodaldetamaulipas.com.mx\/index.php?rest_route=\/wp\/v2\/posts\/209074\/revisions"}],"predecessor-version":[{"id":209079,"href":"https:\/\/www.elsinodaldetamaulipas.com.mx\/index.php?rest_route=\/wp\/v2\/posts\/209074\/revisions\/209079"}],"wp:featuredmedia":[{"embeddable":true,"href":"https:\/\/www.elsinodaldetamaulipas.com.mx\/index.php?rest_route=\/wp\/v2\/media\/209075"}],"wp:attachment":[{"href":"https:\/\/www.elsinodaldetamaulipas.com.mx\/index.php?rest_route=%2Fwp%2Fv2%2Fmedia&parent=209074"}],"wp:term":[{"taxonomy":"category","embeddable":true,"href":"https:\/\/www.elsinodaldetamaulipas.com.mx\/index.php?rest_route=%2Fwp%2Fv2%2Fcategories&post=209074"},{"taxonomy":"post_tag","embeddable":true,"href":"https:\/\/www.elsinodaldetamaulipas.com.mx\/index.php?rest_route=%2Fwp%2Fv2%2Ftags&post=209074"}],"curies":[{"name":"wp","href":"https:\/\/api.w.org\/{rel}","templated":true}]}}