{"id":209457,"date":"2025-08-13T21:28:30","date_gmt":"2025-08-14T01:28:30","guid":{"rendered":"https:\/\/www.elsinodaldetamaulipas.com.mx\/?p=209457"},"modified":"2025-08-13T21:28:30","modified_gmt":"2025-08-14T01:28:30","slug":"la-amenaza-del-vice-coordinador-guinda","status":"publish","type":"post","link":"https:\/\/www.elsinodaldetamaulipas.com.mx\/?p=209457","title":{"rendered":"LA AMENAZA DEL VICE-COORDINADOR GUINDA"},"content":{"rendered":"<p>LETRAS PROHIBIDAS<\/p>\n<p>Clemente Zapata M.<\/p>\n<p>&nbsp;<\/p>\n<p><strong>++ENTREGA CALLE PAVIMENTADA\u2026<\/strong> El alcalde de Ciudad Victoria, <strong>EDUARDO GATT\u00c1S B\u00c1EZ<\/strong>, entreg\u00f3 dos calles revestidas con carpeta asf\u00e1ltica en Lomas de Calamaco y con ello sigue consolidando d\u00eda a d\u00eda el proyecto de construir una Ciudad m\u00e1s ordenada y pr\u00f3spera.<\/p>\n<p><strong>LALO<\/strong>, como le llama la poblaci\u00f3n de Victoria, entreg\u00f3 una obra vial de cinco mil 431 metros que beneficia de manera directa a diez mil 152 habitantes.<\/p>\n<p>La calle Lomas de Calamaco y Camargo, entre Zeferino Fajardo y Loma Agreste, fue rehabilitada por <strong>LALO GATT\u00c1S<\/strong> con nueva carpeta asf\u00e1ltica, con lo que facilitar\u00e1 un acceso m\u00e1s r\u00e1pido al comercio, instituciones de Gobierno y dar\u00e1 una vialidad m\u00e1s segura para los habitantes de ese transitado sector\u2026 \u00a1<strong><em>Enhorabuena<\/em><\/strong>!<\/p>\n<p><strong>++LO SIGUIENTE, NADA QUE VER CON LO ANTERIOR\u2026 <\/strong>Algunas voces se\u00f1alan que el Movimiento de Regeneraci\u00f3n Nacional (Morena), est\u00e1 sumergido en una grave crisis de credibilidad. Otras voces, las de los m\u00e1s ecu\u00e1nimes y objetivos, rechazan la versi\u00f3n, pero reconocen que quienes est\u00e1n metidos en dicha crisis son unos cuantos y \u00e9stos ligados al \u201cGrupo Tabasco\u201d\u2026 \u00a1<strong><em>Ay nanita<\/em><\/strong>!<\/p>\n<p>En el escenario local, enti\u00e9ndase Tamaulipas, el pasado 30 de julio, el se\u00f1or de la \u201cdoble plaza\u201d, <strong>R\u00d3MULO P\u00c9REZ S\u00c1NCHEZ<\/strong>, admiti\u00f3 que para la siguiente elecci\u00f3n se vislumbra un escenario complicado para su partido.<\/p>\n<p>Dicho escenario se aprecia as\u00ed, por culpa de los esc\u00e1ndalos, se\u00f1alamientos y excesos en que han ca\u00eddo algunas de las \u201cvacas sagradas\u201d de color guindo, alejados no s\u00f3lo de la mentada \u201causterid\u00e1\u201d, sino tambi\u00e9n del principio b\u00e1sico de Morena: \u201c<strong><em>No mentir, no robar y no traicionar<\/em><\/strong>\u201d.<\/p>\n<p>Con todo y su \u201cdoble plaza\u201d, cabe reconocer que <strong>R\u00d3MULO<\/strong> no es cualquier \u201cperra flaca\u201d, ya que \u00a0ostenta la presidencia del Consejo Estatal del Morena y adem\u00e1s es el Enlace Legislativo de la Secretar\u00eda General de Gobierno. Es decir, tiene informaci\u00f3n de primera mano para sustentar cualquier panorama en el corto, mediano y largo plazo.<\/p>\n<p>Para ser m\u00e1s claros, <strong>R\u00d3MULO P\u00c9REZ<\/strong> sabe bien c\u00f3mo masca la iguana de color guinda y para que reconozca la importancia de cerrar filas en lugar de perder tiempo en pleitos internos es por algo.<\/p>\n<p>Bien dicen que lo que no descubre el agua lo descubre el tiempo. Por lo que no s\u00f3lo para <strong>R\u00d3MULO<\/strong>, sino para la plana mayor de Morena en Tamaulipas, ser\u00e1 dif\u00edcil ocultar o disimular la riqueza de algunos de sus cuadros que en poco tiempo se convirtieron en due\u00f1os de fortunas econ\u00f3micas, ya sea en \u201cgre\u00f1a\u201d, en bienes o en inmuebles\u2026 \u00a1<strong><em>Zaaas culebra<\/em><\/strong>!<\/p>\n<p>Lo dif\u00edcil ser\u00e1 presentar a un impresentable como candidato en el 2027, sobre todo aqu\u00e9llos que no pueden justificar su fortuna y menos porque no han podido hacer con claridad una declaraci\u00f3n patrimonial apegada a la verdad; sobre todo porque la gente los conoce, sabe que no se sacaron la Loter\u00eda y s\u00f3lo atinan a preguntar: \u00bfen qu\u00e9 trabaja el muchacho\u2026?, \u00a1<strong><em>Calla pes\u00e1o<\/em><\/strong>!<\/p>\n<p>Pero no s\u00f3lo <strong>R\u00d3MULO P\u00c9REZ S\u00c1NCHEZ<\/strong> ha encendido las alarmas y ha hecho su llamado a cerrar filas, pues la dirigente de Morena, <strong>GUADALUPE \u201cLupita\u201d G\u00d3MEZ N\u00da\u00d1EZ<\/strong>, reconoci\u00f3 que las \u201cchapuzas\u201d de algunos sobre c\u00f3mo exhiben su poder econ\u00f3mico, sus lujos, pero sin precisar nombres, s\u00ed merman la credibilidad del partido ante la sociedad.<\/p>\n<p>Digo\u2026 La cosa se pone \u201ccarbona\u201d si comparamos las serias acusaciones que, desde La Ma\u00f1anera, realizaba el hoy expresidente <strong>ANDR\u00c9S MANUEL L\u00d3PEZ OBRADOR<\/strong>, contra los \u201caspiracionistas\u201d; o contra aqu\u00e9llos que \u201cno se conformaban con un par de zapatos\u201d; o contra quienes \u201cles gusta viajar en yates\u201d.<\/p>\n<p>Guste o no, se acepte o no, los comentarios que en su momento dijo el creador de Morena, chocan brutalmente con los viajes ostentosos, esas garritas de alta gama y estilos de vida que no corresponden con la \u201causterid\u00e1\u201d que pregonaba aquel personaje que aseguraba vivir con 200 pesos en su cartera.<\/p>\n<p>Por todo lo anterior, cobra especial relevancia los comentarios del Vicecoordinador del Grupo Parlamentario de Morena, en la C\u00e1mara de Diputados, <strong>ALFONSO RAM\u00cdREZ CU\u00c9LLAR<\/strong>, quien este martes \u201412 de agosto\u2014 estuvo en Ciudad Victoria para presentar su primer informe de labores legislativas.<\/p>\n<p>Las palabras del Legislador federal guindo se convirtieron en amenazas cuando advirti\u00f3, palabras m\u00e1s palabras menos, que el pueblo premiar\u00e1 o castigar\u00e1 no s\u00f3lo a los cuadros de Morena, sino a todos los que se porten bien o mal\u2026 Aunque no disimul\u00f3 que se refer\u00eda a sus correligionarios guindos\u2026 \u00a1<strong><em>AyWey<\/em><\/strong>!<\/p>\n<p>Cabe aclarar que<strong> RAM\u00cdREZ CU\u00c9LLAR<\/strong> nunca mencion\u00f3 a <strong>RICARDO MONREAL<\/strong>, porque es su coordinador, ni tampoco al senador <strong>AD\u00c1N AUGUSTO L\u00d3PEZ HERN\u00c1NDEZ<\/strong>; ni mucho menos al secretario de organizaci\u00f3n de Morena, <strong>ANDY L\u00d3PEZ BELTR\u00c1N<\/strong>, como quienes realizan viajes lujosos o hacen chapuzas\u2026 \u00a1<strong><em>\u00cdjoles<\/em><\/strong>!<\/p>\n<p>Como tampoco mencion\u00f3 a cuadros guindas tamaulipecos, como los que se fueron a Espa\u00f1a, Nueva York o tiene casas, terrenos e ingresos de dudosa procedencia; pero sus comentarios fueron un desmarque de las chapuzas o excesos atribuibles a quienes viven \u201cal filo de la navaja\u201d\u2026 Sin querer queriendo pint\u00f3 su rayita de ellos, admiti\u00f3 una sana distancia\u2026 \u00a1<strong><em>Ufff<\/em><\/strong>!<\/p>\n<p>Lo que s\u00ed dijo <strong>RAM\u00cdREZ CU\u00c9LLAR<\/strong>, es que \u201c<em>la presidenta <strong>Claudia Sheinbaum Pardo<\/strong> ha dictado las normas de conducta que todos debemos tener (\u2026) <\/em>Ojal\u00e1 y todos entremos en un comportamiento como lo dicta la doctora\u201d.<\/p>\n<p>Lo m\u00e1s doloroso para los morenistas, es que la Oposici\u00f3n les restriegue que al expresidente <strong>L\u00d3PEZ OBRADOR<\/strong> le pas\u00f3 lo de aquel dicho de: \u201c<em>lo que uno no puede ver en su huerto le ha de nacer<\/em>\u201d, pues su hijo <strong>ANDY<\/strong>, le gusta vivir como neoliberal, como capitalista\u2026 \u00a1<strong><em>P\u00e1sumecha<\/em><\/strong>!<\/p>\n<p>Por ello <strong>RAM\u00cdREZ CU\u00c9LLAR<\/strong> defendi\u00f3: \u201c<em>Yo creo que la mayor\u00eda de las personas que pertenecen a esta transformaci\u00f3n act\u00faan con mucha probidad, con mucho decoro, con mucha humildad, con mucha sencillez<\/em>\u201d, en un claro y contundente desmarque de unos cu\u00e1ntos se\u00f1alados\u2026 \u00a1<strong><em>Ostias t\u00edo de la Virgen santa<\/em><\/strong>!<\/p>\n<p>En otro tema, vaya el poder de convocatoria que demostr\u00f3 la alcaldesa <strong>CARMEN LILIA CANTUROSAS VILLARREAL<\/strong>, en la Tercera Feria del Empleo que congreg\u00f3 a m\u00e1s de 80 empresas, para recibir a m\u00e1s de dos mil personas.<\/p>\n<p>Con esta acci\u00f3n, se reafirma el compromiso del Gobierno de Nuevo Laredo de impulsar el desarrollo econ\u00f3mico y generar m\u00e1s oportunidades laborales para la comunidad.<\/p>\n<p><strong>CARMEN LILIA<\/strong> presidi\u00f3 el evento realizado en el Centro C\u00edvico, donde se ofertaron cerca de mil 500 vacantes en diferentes \u00e1reas, desde puestos operativos hasta perfiles profesionales especializados.<\/p>\n<p>Para finalizar, <strong>CARMEN LILIA<\/strong> mencion\u00f3 las dos ediciones anteriores del a\u00f1o, una en enero y la otra en mayo, en donde se logr\u00f3 vincular a m\u00e1s de tres mil 700 personas con una oportunidad laboral.<\/p>\n<p>Por \u00faltimo, perm\u00edtame comentarle que el alcalde del imparable Gobierno municipal de Reynosa, <strong>CARLOS PE\u00d1A ORTIZ<\/strong>, presidi\u00f3 la Audiencia P\u00fablica en la colonia Paseo de las Flores que congreg\u00f3 a m\u00e1s de 400 personas.<\/p>\n<p>\u201cNos complace mucho que nos acompa\u00f1en. Tenemos bastantes beneficios para ustedes y sus familias, como sillas de ruedas, andadores, bastones, muletas, aparatos auditivos, lentes, cirug\u00edas de catarata, de carnosidad; tambi\u00e9n ayuda jur\u00eddica, psicol\u00f3gica, becas para ni\u00f1os con c\u00e1ncer, becas para ni\u00f1os con discapacidad, becas para hijos y hermanos de personas en el penal\u201d, dijo <strong>PE\u00d1A ORTIZ<\/strong>.<\/p>\n<p>Cabe mencionar que se proporcionaron consultas m\u00e9dicas, medicina, tr\u00e1mites legales, entre muchos otros, que fueron atestiguados tambi\u00e9n por la Directora del CETIS 71, <strong>MARTHA REYNA MART\u00cdNEZ<\/strong>, s\u00edndicos, regidores y funcionarios municipales.<\/p>\n<p><strong>GRACIAS\u2026<\/strong> Nos leemos hasta ma\u00f1ana<\/p>\n<p><strong>COMENTARIOS<\/strong>: <a href=\"mailto:letrasprohibidas2011@hotmail.com\">letrasprohibidas2011@hotmail.com<\/a><\/p>\n","protected":false},"excerpt":{"rendered":"<p>LETRAS PROHIBIDAS Clemente Zapata M. &nbsp; ++ENTREGA CALLE PAVIMENTADA\u2026 El alcalde de Ciudad Victoria, EDUARDO GATT\u00c1S B\u00c1EZ, entreg\u00f3 dos calles revestidas con carpeta asf\u00e1ltica en Lomas de Calamaco y con ello sigue consolidando d\u00eda a d\u00eda el proyecto de construir una Ciudad m\u00e1s ordenada y pr\u00f3spera. LALO, como le llama la poblaci\u00f3n de Victoria, entreg\u00f3 [&hellip;]<\/p>\n","protected":false},"author":1,"featured_media":208032,"comment_status":"closed","ping_status":"closed","sticky":false,"template":"","format":"standard","meta":{"footnotes":""},"categories":[16],"tags":[],"class_list":["post-209457","post","type-post","status-publish","format-standard","has-post-thumbnail","hentry","category-opinion"],"_links":{"self":[{"href":"https:\/\/www.elsinodaldetamaulipas.com.mx\/index.php?rest_route=\/wp\/v2\/posts\/209457","targetHints":{"allow":["GET"]}}],"collection":[{"href":"https:\/\/www.elsinodaldetamaulipas.com.mx\/index.php?rest_route=\/wp\/v2\/posts"}],"about":[{"href":"https:\/\/www.elsinodaldetamaulipas.com.mx\/index.php?rest_route=\/wp\/v2\/types\/post"}],"author":[{"embeddable":true,"href":"https:\/\/www.elsinodaldetamaulipas.com.mx\/index.php?rest_route=\/wp\/v2\/users\/1"}],"replies":[{"embeddable":true,"href":"https:\/\/www.elsinodaldetamaulipas.com.mx\/index.php?rest_route=%2Fwp%2Fv2%2Fcomments&post=209457"}],"version-history":[{"count":1,"href":"https:\/\/www.elsinodaldetamaulipas.com.mx\/index.php?rest_route=\/wp\/v2\/posts\/209457\/revisions"}],"predecessor-version":[{"id":209458,"href":"https:\/\/www.elsinodaldetamaulipas.com.mx\/index.php?rest_route=\/wp\/v2\/posts\/209457\/revisions\/209458"}],"wp:featuredmedia":[{"embeddable":true,"href":"https:\/\/www.elsinodaldetamaulipas.com.mx\/index.php?rest_route=\/wp\/v2\/media\/208032"}],"wp:attachment":[{"href":"https:\/\/www.elsinodaldetamaulipas.com.mx\/index.php?rest_route=%2Fwp%2Fv2%2Fmedia&parent=209457"}],"wp:term":[{"taxonomy":"category","embeddable":true,"href":"https:\/\/www.elsinodaldetamaulipas.com.mx\/index.php?rest_route=%2Fwp%2Fv2%2Fcategories&post=209457"},{"taxonomy":"post_tag","embeddable":true,"href":"https:\/\/www.elsinodaldetamaulipas.com.mx\/index.php?rest_route=%2Fwp%2Fv2%2Ftags&post=209457"}],"curies":[{"name":"wp","href":"https:\/\/api.w.org\/{rel}","templated":true}]}}