{"id":209461,"date":"2025-08-13T21:50:28","date_gmt":"2025-08-14T01:50:28","guid":{"rendered":"https:\/\/www.elsinodaldetamaulipas.com.mx\/?p=209461"},"modified":"2025-08-13T21:50:28","modified_gmt":"2025-08-14T01:50:28","slug":"razones-de-odio","status":"publish","type":"post","link":"https:\/\/www.elsinodaldetamaulipas.com.mx\/?p=209461","title":{"rendered":"RAZONES DE ODIO"},"content":{"rendered":"<div class=\"post-content\">\n<p><strong>Cd. Victoria, Tamaulipas.-<\/strong> Don Truko Ver\u00e1stegui sigue repartiendo<br \/>\ndespensas como Santa Claus. Hay quienes lo ven interesado no solo en la<br \/>\ndirigencia estatal del PAN que se decidir\u00e1 el 5 de octubre, sino en repetir<br \/>\npor la gubernatura.<br \/>\nAnda muy madrugador. Recorre el territorio que, como secretario<br \/>\nGeneral de Gobierno, dej\u00f3 con muchos enemigos. Al paso de un gobierno<br \/>\ncorrupto y persecutor, el partido qued\u00f3 herido de muerte en esta regi\u00f3n del<br \/>\nSeno Mexicano. Fue el brazo ejecutor de Cabeza de Vaca, lo peorcito que<br \/>\nha gobernado esta tierra en 200 a\u00f1os de historia.<br \/>\nSe ganaron a pulso el odio ciudadano. Pasar\u00e1n muchos a\u00f1os para que<br \/>\nel azul pudiera recuperarse, y eso si se reorganizan desde las bases, crean<br \/>\nuna estructura operativa y le atinan al pulso de las emociones ciudadanas.<br \/>\nPor todos lados dejaron cuentas pendientes, demandas penales<br \/>\nfabricadas, encarcelados, fallecidos, periodistas perseguidos y problemas<br \/>\nno atendidos. La peor experiencia de los tamaulipecos que pensaron que<br \/>\nhab\u00edan votado por los \u201cvientos del cambio\u201d. Se equivocaron.<br \/>\nVerbigracia, Ver\u00e1stegui acaba de estar en La Pesca, donde pretendieron<br \/>\ndespojar de sus bienes a varios propietarios de predios frente al litoral, en<br \/>\ntotal 42 hect\u00e1reas.<br \/>\nEl asunto sigue en estatus quo despu\u00e9s que un Juez de Distrito dej\u00f3<br \/>\npendiente el ilegal acuerdo de la Secretar\u00eda de Obras P\u00fablicas del<br \/>\nGobierno, 8 de febrero de 2021, para quedarse con las tierras mejor<br \/>\nposicionadas en el paseo tur\u00edstico.<br \/>\nSergio Manuel Llerena Hermosillo sabe muy bien del despojo que<br \/>\npretendieron hacerles, y otros como H\u00e9ctor Zambrano de la Garza, Ramiro<br \/>\nZambrano, Jaime Sol\u00f3rzano, Karla Valeria Gonz\u00e1lez N\u00fa\u00f1ez, Macarena<br \/>\nN\u00fa\u00f1ez Montelongo, Eduardo Harari y m\u00e1s.<br \/>\nEl pleito sigue en tribunales. Por un lado los propietarios iniciales y por<br \/>\notro el comprador, en este caso Construcciones Industriales Cigovi,<br \/>\nempresa victorense que present\u00f3 el mejor proyecto tur\u00edstico que gust\u00f3 a los<br \/>\nazules \u00bfacaso socios?.<br \/>\nHay temas pendientes. Los inversionistas no han pagado los 35 millones<br \/>\ndel contrato al Gobierno, y el Congreso del Estado dio reversa al decreto<br \/>\nexpropiatorio.<br \/>\nFue una de sus \u00faltimas fechor\u00edas. Repitieron la historia en Madero,<br \/>\ntambi\u00e9n para quedarse con terrenos playeros.<br \/>\nLegislaron para decomisar predios mostrencos (sin due\u00f1o), de lo cual<br \/>\ntampoco la ciudadan\u00eda recibi\u00f3 informaci\u00f3n \u00bfcu\u00e1ntos encontraron?.<\/p>\n<p>Lastimaron a mucha gente. Por un lado presionaron con la Auditor\u00eda<br \/>\nSuperior del Estado a alcaldes y ex alcaldes, por el otro la Fiscal\u00eda General<br \/>\ny la Anticorrupci\u00f3n. Inteligencia Financiera fue el brazo de la venganza en<br \/>\ncontra de sus enemigos.<br \/>\nGiraron \u00f3rdenes de aprehensi\u00f3n en contra del ex alcalde neolaredense<br \/>\nCarlos Canturosas y otros que se cansaron de las presiones y amenazas.<br \/>\nDividieron al partido.<br \/>\nA Samuel Urbina, de San Carlos, le dieron barrote despu\u00e9s de largos<br \/>\na\u00f1os de haber culminado su ejercicio. Sali\u00f3 absuelto.<br \/>\nAbiel Medina Flores, de Soto la Marina, ex alcalde, fue puesto tras las<br \/>\nrejas. Lo soltaron y \u201cconvencieron\u201d de hacer campa\u00f1a a favor del PAN.<br \/>\nEn la \u00faltima semana previa a las elecciones, soltaron a un reo por<br \/>\nhomicidio y lo mandaron a hacer proselitismo a San Carlos.<br \/>\nEl principal preso pol\u00edtico fue Eugenio Hern\u00e1ndez Flores, ex Gobernador<br \/>\nde gran arraigo en el centro de la entidad. Fue la venganza mayor del<br \/>\ncabecismo. Sali\u00f3 libre cuando se fueron.<br \/>\nPor eso digo yo que, por m\u00e1s que madruguen, la ciudadan\u00eda les cobrar\u00e1<br \/>\nfacturas por esos caminos de Dios. Le hicieron mucho da\u00f1o a los<br \/>\ncoterr\u00e1neos como para alcanzar perd\u00f3n. Si acaso podr\u00e1n embaucar a las<br \/>\nnuevas generaciones.<br \/>\nEn tanto, en caballo de hacienda, el domingo 17 Morena designar\u00e1 los<br \/>\nprimeros comit\u00e9s seccionales de defensa de la 4T en Tamaulipas. En total<br \/>\nintegrar\u00e1n 2,107 seg\u00fan las secciones del INE.<br \/>\nParticipar\u00e1n hasta 213 \u201cmentores\u201d y \u201cmentoras\u201d, digamos una especie de<br \/>\nliderazgos naturales surgidos desde barrios y colonias. Cerrar\u00e1n la pinza<br \/>\ncon otra figura es la de Coordinadores Operativos Territoriales y un padr\u00f3n<br \/>\nmasivo de afiliados.<br \/>\nAhora un dato de trascendencia: En el primer trimestre del 25\u00b4 la<br \/>\neconom\u00eda estatal creci\u00f3 en un 2.7 por ciento, seg\u00fan resultados del Indicador<br \/>\nTrimestral de la Actividad Econ\u00f3mica publicados por el INEGI. Estamos<br \/>\ndentro de los 10 estados con mayor crecimiento econ\u00f3mico del pa\u00eds.<br \/>\nJos\u00e9 Bra\u00f1a Mojica otra vez se avienta al ruedo. Quiere ser candidato a<br \/>\nalcalde de Victoria pese a la posibilidad de reelecci\u00f3n como diputado<br \/>\nfederal.<br \/>\nTema aparte, el Congreso del Estado recibi\u00f3 iniciativa para reformar el<br \/>\nDecreto 66-370 por el que se degrada a los Directores Generales de las<br \/>\nInstancias Paraestatales del Gobierno. Nada de quitar compensaciones,<br \/>\nsolo cambian de categor\u00eda y el ingreso se les reduce.<br \/>\nTodo en aras de la austeridad republicana en 49 entes con estructura<br \/>\nburocr\u00e1tica, entre ellos las Comapas. Ahora todos son Generales. Bajar\u00e1n<br \/>\nal siguiente escal\u00f3n.<br \/>\nUn Director General cobra alrededor de 102 mil pesillos por mes, aparte<br \/>\nde gastos \u00bfno ser\u00e1 mucha lana?.<\/p>\n<\/div>\n","protected":false},"excerpt":{"rendered":"<p>Cd. Victoria, Tamaulipas.- Don Truko Ver\u00e1stegui sigue repartiendo despensas como Santa Claus. Hay quienes lo ven interesado no solo en la dirigencia estatal del PAN que se decidir\u00e1 el 5 de octubre, sino en repetir por la gubernatura. Anda muy madrugador. Recorre el territorio que, como secretario General de Gobierno, dej\u00f3 con muchos enemigos. Al [&hellip;]<\/p>\n","protected":false},"author":1,"featured_media":208637,"comment_status":"closed","ping_status":"closed","sticky":false,"template":"","format":"standard","meta":{"footnotes":""},"categories":[16],"tags":[],"class_list":["post-209461","post","type-post","status-publish","format-standard","has-post-thumbnail","hentry","category-opinion"],"_links":{"self":[{"href":"https:\/\/www.elsinodaldetamaulipas.com.mx\/index.php?rest_route=\/wp\/v2\/posts\/209461","targetHints":{"allow":["GET"]}}],"collection":[{"href":"https:\/\/www.elsinodaldetamaulipas.com.mx\/index.php?rest_route=\/wp\/v2\/posts"}],"about":[{"href":"https:\/\/www.elsinodaldetamaulipas.com.mx\/index.php?rest_route=\/wp\/v2\/types\/post"}],"author":[{"embeddable":true,"href":"https:\/\/www.elsinodaldetamaulipas.com.mx\/index.php?rest_route=\/wp\/v2\/users\/1"}],"replies":[{"embeddable":true,"href":"https:\/\/www.elsinodaldetamaulipas.com.mx\/index.php?rest_route=%2Fwp%2Fv2%2Fcomments&post=209461"}],"version-history":[{"count":1,"href":"https:\/\/www.elsinodaldetamaulipas.com.mx\/index.php?rest_route=\/wp\/v2\/posts\/209461\/revisions"}],"predecessor-version":[{"id":209462,"href":"https:\/\/www.elsinodaldetamaulipas.com.mx\/index.php?rest_route=\/wp\/v2\/posts\/209461\/revisions\/209462"}],"wp:featuredmedia":[{"embeddable":true,"href":"https:\/\/www.elsinodaldetamaulipas.com.mx\/index.php?rest_route=\/wp\/v2\/media\/208637"}],"wp:attachment":[{"href":"https:\/\/www.elsinodaldetamaulipas.com.mx\/index.php?rest_route=%2Fwp%2Fv2%2Fmedia&parent=209461"}],"wp:term":[{"taxonomy":"category","embeddable":true,"href":"https:\/\/www.elsinodaldetamaulipas.com.mx\/index.php?rest_route=%2Fwp%2Fv2%2Fcategories&post=209461"},{"taxonomy":"post_tag","embeddable":true,"href":"https:\/\/www.elsinodaldetamaulipas.com.mx\/index.php?rest_route=%2Fwp%2Fv2%2Ftags&post=209461"}],"curies":[{"name":"wp","href":"https:\/\/api.w.org\/{rel}","templated":true}]}}